{"id":83776,"date":"2023-08-24T15:26:23","date_gmt":"2023-08-24T13:26:23","guid":{"rendered":"https:\/\/www.mojevrijeme.hr\/magazin\/?p=83776"},"modified":"2023-08-24T15:27:31","modified_gmt":"2023-08-24T13:27:31","slug":"umirovljenici-objasnili-kako-ce-izgledati-bojkot-trgovackih-lanaca","status":"publish","type":"post","link":"https:\/\/www.mojevrijeme.hr\/magazin\/2023\/08\/umirovljenici-objasnili-kako-ce-izgledati-bojkot-trgovackih-lanaca\/","title":{"rendered":"Umirovljenici objasnili kako \u0107e izgledati bojkot trgova\u010dkih lanaca"},"content":{"rendered":"\n<p>Nezadovoljni poskupljenjima u trgova\u010dkim lancima, iz platforme Umirovljenici zajedno su poru\u010dili da ve\u0107 razgovaraju s nekim udrugama o mogu\u0107em bojkotu lanaca zbog, kako ka\u017eu, pohlepe. U \u00a0javnost jo\u0161 ne \u017eele izlaziti s imenima udruga s kojima razgovaraju, ali koordinator platforme Umirovljenici zajedno, <strong>Lazar Gruji\u0107<\/strong>, za <a href=\"https:\/\/n1info.hr\/vijesti\/kako-doskociti-poskupljenjima-predlozit-cemo-uvodenje-trgovackih-kartica\/\" target=\"_blank\" rel=\"noreferrer noopener\">N1<\/a> navodi da su skoro sve zainteresirane.<\/p>\n\n\n\n<p>Pojasnio je i kako bi se taj bojkot u stvarnosti organizirao. &#8220;Ako se odlu\u010dimo da idemo u bojkot, odredit \u0107e se jedna odre\u0111ena grupacija neki trgova\u010dkih lanaca i kazat \u0107emo da ne idemo tu kupovati robu. Pozvat \u0107emo sve umirovljenike da na mjesec dana&nbsp;<strong>bojkotiraju taj lanac<\/strong>, u cijeloj Hrvatskoj. Odredit \u0107emo se, zauzet \u0107emo stav da se u tom trgova\u010dkom lancu ne kupuje roba i da se bojkotiraju na odre\u0111eno vrijeme.&#8221;<\/p>\n\n\n\n<p>Gruji\u0107 je rekao i kakvu reakciju o\u010dekuju ostvari li se takav scenarij. &#8220;O\u010dekujemo da \u0107e razmisliti kako \u0107e dalje raditi i isplati li im se izgubiti veliki broj, oko 1,2 milijuna je umirovljenika, a jedan veliki broj \u0107e se odlu\u010diti da ne kupuje u tom trgova\u010dkom lancu. To je automatski prihodovni pad od prodaje.&#8221;<\/p><div id=\"mojev-3299524817\" class=\"mojev-u-tekstu mojev-entity-placement\" style=\"margin-left: auto;margin-right: auto;text-align: center;\"><div class=\"mojev-adlabel\">oglas<\/div><div style=\"height: 250px;\"><script async src=\"https:\/\/pagead2.googlesyndication.com\/pagead\/js\/adsbygoogle.js?client=ca-pub-8106111766207173\"\r\n     crossorigin=\"anonymous\"><\/script>\r\n<!-- Prikazni 1 u tekstu -->\r\n<ins class=\"adsbygoogle\"\r\n     style=\"display:block\"\r\n     data-ad-client=\"ca-pub-8106111766207173\"\r\n     data-ad-slot=\"8535551207\"\r\n     data-ad-format=\"auto\"\r\n     data-full-width-responsive=\"true\"><\/ins>\r\n<script>\r\n     (adsbygoogle = window.adsbygoogle || []).push({});\r\n<\/script><\/div><\/div><br style=\"clear: both; display: block; float: none;\"\/>\n\n\n\n<p>Koordinator platforme Umirovljenici zajedno zadovoljan je kako su susjedi dosko\u010dili ovim poskupljenjima. &#8220;Na\u0161i susjedi u Srbiji umirovljenicima ovih dana dijele trgova\u010dke kartice kojima ostvaruju odre\u0111eni popust u odre\u0111enim trgova\u010dkim lancima. Kod nas se o tome ne razmi\u0161lja, kod nas se samo bahato di\u017eu cijene, a umirovljenici svakim danom sve vi\u0161e padaju u ponor siroma\u0161tva&#8221;, rekao je Gruji\u0107 za <a href=\"https:\/\/n1info.hr\/vijesti\/kako-doskociti-poskupljenjima-predlozit-cemo-uvodenje-trgovackih-kartica\/\">N1<\/a>.<\/p>\n\n\n\n<p>Dodaje da takav prijedlog planiraju uputiti i trgova\u010dkim lancima i to na na\u010din da se uvedu trgova\u010dke kartice kojima \u0107e umirovljenici mo\u0107i ostvariti 10-15 posto popusta u odre\u0111enim lancima.<\/p>\n<div id=\"mojev-557910212\" class=\"mojev-kraj-teksta mojev-entity-placement\" style=\"margin-bottom: 20px;margin-left: auto;margin-right: auto;text-align: center;\"><div class=\"mojev-adlabel\">oglas<\/div><div style=\"height: 250px;\"><script async src=\"https:\/\/pagead2.googlesyndication.com\/pagead\/js\/adsbygoogle.js?client=ca-pub-8106111766207173\"\r\n     crossorigin=\"anonymous\"><\/script>\r\n<!-- Display-1 -->\r\n<ins class=\"adsbygoogle\"\r\n     style=\"display:block\"\r\n     data-ad-client=\"ca-pub-8106111766207173\"\r\n     data-ad-slot=\"1465712950\"\r\n     data-ad-format=\"auto\"\r\n     data-full-width-responsive=\"true\"><\/ins>\r\n<script>\r\n     (adsbygoogle = window.adsbygoogle || []).push({});\r\n<\/script><\/div><\/div>","protected":false},"excerpt":{"rendered":"<p>Odredit \u0107emo se, zauzet \u0107emo stav da se u tom trgova\u010dkom lancu ne kupuje roba i da se bojkotiraju na odre\u0111eno vrijeme, ka\u017ee Gruji\u0107.<\/p>\n","protected":false},"author":1,"featured_media":62148,"comment_status":"closed","ping_status":"closed","sticky":false,"template":"","format":"standard","meta":{"footnotes":""},"categories":[9],"tags":[3265,1073,3306],"class_list":["post-83776","post","type-post","status-publish","format-standard","has-post-thumbnail","hentry","category-vijesti","tag-poskupljenja","tag-trgovine","tag-umirovljenici-zajedno"],"_links":{"self":[{"href":"https:\/\/www.mojevrijeme.hr\/magazin\/wp-json\/wp\/v2\/posts\/83776","targetHints":{"allow":["GET"]}}],"collection":[{"href":"https:\/\/www.mojevrijeme.hr\/magazin\/wp-json\/wp\/v2\/posts"}],"about":[{"href":"https:\/\/www.mojevrijeme.hr\/magazin\/wp-json\/wp\/v2\/types\/post"}],"author":[{"embeddable":true,"href":"https:\/\/www.mojevrijeme.hr\/magazin\/wp-json\/wp\/v2\/users\/1"}],"replies":[{"embeddable":true,"href":"https:\/\/www.mojevrijeme.hr\/magazin\/wp-json\/wp\/v2\/comments?post=83776"}],"version-history":[{"count":0,"href":"https:\/\/www.mojevrijeme.hr\/magazin\/wp-json\/wp\/v2\/posts\/83776\/revisions"}],"wp:featuredmedia":[{"embeddable":true,"href":"https:\/\/www.mojevrijeme.hr\/magazin\/wp-json\/wp\/v2\/media\/62148"}],"wp:attachment":[{"href":"https:\/\/www.mojevrijeme.hr\/magazin\/wp-json\/wp\/v2\/media?parent=83776"}],"wp:term":[{"taxonomy":"category","embeddable":true,"href":"https:\/\/www.mojevrijeme.hr\/magazin\/wp-json\/wp\/v2\/categories?post=83776"},{"taxonomy":"post_tag","embeddable":true,"href":"https:\/\/www.mojevrijeme.hr\/magazin\/wp-json\/wp\/v2\/tags?post=83776"}],"curies":[{"name":"wp","href":"https:\/\/api.w.org\/{rel}","templated":true}]}}