{"id":83781,"date":"2023-08-24T18:02:05","date_gmt":"2023-08-24T16:02:05","guid":{"rendered":"https:\/\/www.mojevrijeme.hr\/magazin\/?p=83781"},"modified":"2023-08-24T20:22:02","modified_gmt":"2023-08-24T18:22:02","slug":"najave-jesenskog-prosvjeda-tko-ce-povesti-pobunu-umirovljenika","status":"publish","type":"post","link":"https:\/\/www.mojevrijeme.hr\/magazin\/2023\/08\/najave-jesenskog-prosvjeda-tko-ce-povesti-pobunu-umirovljenika\/","title":{"rendered":"Prosvjed umirovljenika: Tko \u0107e povesti pobunu?"},"content":{"rendered":"\n<p>Proteklih mjeseci umirovljeni\u010dke udruge, ali i umirovljeni\u010dke stranke okupljene u koaliciji Umirovljenici zajedno, priti\u0161\u0107u Vladu cijelim popisom zahtjeva koji za cilj imaju pobolj\u0161anje standarda umirovljenika i pravedniju valorizaciju njihovog rada. Gotovo u svakom javnom nastupu politi\u010dari iz neparlamentarnih umirovljeni\u010dkih stranaka spominju i <strong>mogu\u0107i<\/strong> jesenski prosvjed umirovljenika, ali za sada nije jasno je li to tek puka prijetnja.<\/p>\n\n\n\n<p>Zamjetno je i da sve vi\u0161e na\u0161ih \u010ditatelja misli da je prosvjed nu\u017ean pa i sami pozivaju da ih se povede pred Banske dvore. No tko je taj koji \u0107e ih povesti? Ho\u0107e li to biti politi\u010dari iz neparlamentarnih stranaka ili aktivisti i sindikalisti koji su to ve\u0107 u\u010dinili nekoliko puta, pitali smo predsjednicu Sindikata umirovljenika Hrvatske <strong>Jasnu A. Petrovi\u0107<\/strong>. <\/p>\n\n\n\n<p>&#8220;Tko mo\u017ee organizirati prosvjed umirovljenika? Organiziraju li prosvjede politi\u010dke stranke? Ne! Pogotovo ne one koji nisu polu\u010dile rezultat na izborima i koje u istra\u017eivanjima politi\u010dkih preferencija dobivaju minimalnu podr\u0161ku. Te prijetnje su isprazne&#8221;, rezolutno ka\u017ee Petrovi\u0107, no odmah napominje da prosvjede mogu organizirati Matica umirovljenika Hrvatske i Sindikat umirovljenika Hrvatske (SUH).<\/p><div id=\"mojev-792058423\" class=\"mojev-u-tekstu mojev-entity-placement\" style=\"margin-left: auto;margin-right: auto;text-align: center;\"><div class=\"mojev-adlabel\">oglas<\/div><div style=\"height: 250px;\"><script async src=\"https:\/\/pagead2.googlesyndication.com\/pagead\/js\/adsbygoogle.js?client=ca-pub-8106111766207173\"\r\n     crossorigin=\"anonymous\"><\/script>\r\n<!-- Prikazni 1 u tekstu -->\r\n<ins class=\"adsbygoogle\"\r\n     style=\"display:block\"\r\n     data-ad-client=\"ca-pub-8106111766207173\"\r\n     data-ad-slot=\"8535551207\"\r\n     data-ad-format=\"auto\"\r\n     data-full-width-responsive=\"true\"><\/ins>\r\n<script>\r\n     (adsbygoogle = window.adsbygoogle || []).push({});\r\n<\/script><\/div><\/div><br style=\"clear: both; display: block; float: none;\"\/>\n\n\n\n<p>&#8220;S tim da Matica nikada nije organizirala, a Sindikat je prosvjede organizirao u vi\u0161e navrata&#8221;, govori predsjednica SUH-a podsje\u0107aju\u0107i da su 1996. godine okupili 15.000 ljudi  u prosvjedu za povrat umirovljeni\u010dkog duga. &#8220;Tad je Matica odbila sudjelovati. Imali smo prosvjed i 2017. godine. Tada je Matica tako\u0111er odbila i do\u0161la je jedino predstavnica iz Zagreba na Trg bana Jela\u010di\u0107a. Sada jako dobro sura\u0111ujemo s Maticom i pretpostavljam da i oni slu\u0161aju glas naroda&#8221;, ka\u017ee na\u0161a sugovornica. <\/p>\n\n\n\n<figure class=\"wp-block-image size-large\"><img loading=\"lazy\" decoding=\"async\" width=\"740\" height=\"410\" src=\"https:\/\/www.mojevrijeme.hr\/magazin\/wp-content\/uploads\/2017\/07\/jasna-a-petrovic-740x410.jpg\" alt=\"\" class=\"wp-image-9994\" srcset=\"https:\/\/www.mojevrijeme.hr\/magazin\/wp-content\/uploads\/2017\/07\/jasna-a-petrovic.jpg 740w, https:\/\/www.mojevrijeme.hr\/magazin\/wp-content\/uploads\/2017\/07\/jasna-a-petrovic-636x352.jpg 636w\" sizes=\"auto, (max-width: 740px) 100vw, 740px\" \/><figcaption class=\"wp-element-caption\">Jasna A. Petrovi\u0107 (foto: Sandro Bura)<\/figcaption><\/figure>\n\n\n\n<p>A o &#8220;glasu naroda&#8221; ka\u017ee da to nisu oni kojima je Vlada uspjela staviti flaster na usta s pet jednokratnih COVID ili energetskih dodataka. &#8220;Bili smo protiv da se umirovljenicima za\u010depe usta sa \u0161estim dodatkom, jer se i o tome razmi\u0161ljalo. Sada su ljuti ljudi koji su zaradili svoje pune mirovine, imaju najmanje 35 godina sta\u017ea, a mnogi i 40, pla\u0107ali su ve\u0107e doprinose. Oni su jako ljuti. Oni tra\u017ee prosvjed.&#8221;<\/p>\n\n\n\n<p>Ako se ne uspije ni\u0161ta posti\u0107i s pregovorima koje su zapo\u010deli u srpnju s ministrom mirovinskog sustava Marinom Pileti\u0107em, iz Sindikata poru\u010duju da je prosvjed sasma izgledna opcija.<\/p>\n\n\n\n<h3 class=\"wp-block-heading\">\u0160to umirovljenici tra\u017ee?<\/h3>\n\n\n\n<p>&#8220;Suzili smo na\u0161e zahtjeve na 4+1. Tra\u017eimo ukidanje poreza na mirovine. On ne postoji u mnogim europskim dr\u017eavama. Tra\u017eimo promjenu modela uskla\u0111ivanja mirovina i dodavanje konvergencijskog uskla\u0111ivanja dva puta godi\u0161nje kako bi se do 2027. ili barem do 2030. godine stvarno postigao udio prosje\u010dne mirovine u prosje\u010dnoj pla\u0107i od 60 posto. To zna\u010di da treba napraviti plan ciljanog sukcesivnog podizanja mirovina da bi se postiglo ono \u0161to je umirovljenicima obe\u0107ano.&#8221;<\/p>\n\n\n\n<p>Sindikat umirovljenika Hrvatske od Vlade je zatra\u017eio i ukidanje penalizacije prijevremenog umirovljenja. &#8220;Mirovine se ra\u010dunaju na bazi doprinosa sta\u017ea. Gdje je logika da se nekome jo\u0161 oduzima iz toga? Konzultirali smo sa stru\u010dnjacima i znanstvenicima i utvrdili smo zahtjeve&#8221;, nabraja \u0161efica SUH-a.<\/p>\n\n\n\n<p>Me\u0111u zahtjevima je i priznavanje \u0161est mjeseci sta\u017ea po djetetu za sve majke, a ne samo one koje su se umirovile u 2019. godini i kasnije, zaklju\u010duje Petrovi\u0107. <\/p>\n<div id=\"mojev-4216479062\" class=\"mojev-kraj-teksta mojev-entity-placement\" style=\"margin-bottom: 20px;margin-left: auto;margin-right: auto;text-align: center;\"><div class=\"mojev-adlabel\">oglas<\/div><div style=\"height: 250px;\"><script async src=\"https:\/\/pagead2.googlesyndication.com\/pagead\/js\/adsbygoogle.js?client=ca-pub-8106111766207173\"\r\n     crossorigin=\"anonymous\"><\/script>\r\n<!-- Display-1 -->\r\n<ins class=\"adsbygoogle\"\r\n     style=\"display:block\"\r\n     data-ad-client=\"ca-pub-8106111766207173\"\r\n     data-ad-slot=\"1465712950\"\r\n     data-ad-format=\"auto\"\r\n     data-full-width-responsive=\"true\"><\/ins>\r\n<script>\r\n     (adsbygoogle = window.adsbygoogle || []).push({});\r\n<\/script><\/div><\/div>","protected":false},"excerpt":{"rendered":"<p>Ako se ne uspije ni\u0161ta posti\u0107i s pregovorima koje su zapo\u010deli u srpnju s ministrom mirovinskog sustava Marinom Pileti\u0107em, iz Sindikata poru\u010duju da je prosvjed sasma izgledna opcija.<\/p>\n","protected":false},"author":1,"featured_media":76977,"comment_status":"closed","ping_status":"closed","sticky":false,"template":"","format":"standard","meta":{"footnotes":""},"categories":[9],"tags":[684,687,167,3306],"class_list":["post-83781","post","type-post","status-publish","format-standard","has-post-thumbnail","hentry","category-vijesti","tag-jasna-petrovic","tag-prosvjedi","tag-sindikat-umirovljenika","tag-umirovljenici-zajedno"],"_links":{"self":[{"href":"https:\/\/www.mojevrijeme.hr\/magazin\/wp-json\/wp\/v2\/posts\/83781","targetHints":{"allow":["GET"]}}],"collection":[{"href":"https:\/\/www.mojevrijeme.hr\/magazin\/wp-json\/wp\/v2\/posts"}],"about":[{"href":"https:\/\/www.mojevrijeme.hr\/magazin\/wp-json\/wp\/v2\/types\/post"}],"author":[{"embeddable":true,"href":"https:\/\/www.mojevrijeme.hr\/magazin\/wp-json\/wp\/v2\/users\/1"}],"replies":[{"embeddable":true,"href":"https:\/\/www.mojevrijeme.hr\/magazin\/wp-json\/wp\/v2\/comments?post=83781"}],"version-history":[{"count":0,"href":"https:\/\/www.mojevrijeme.hr\/magazin\/wp-json\/wp\/v2\/posts\/83781\/revisions"}],"wp:featuredmedia":[{"embeddable":true,"href":"https:\/\/www.mojevrijeme.hr\/magazin\/wp-json\/wp\/v2\/media\/76977"}],"wp:attachment":[{"href":"https:\/\/www.mojevrijeme.hr\/magazin\/wp-json\/wp\/v2\/media?parent=83781"}],"wp:term":[{"taxonomy":"category","embeddable":true,"href":"https:\/\/www.mojevrijeme.hr\/magazin\/wp-json\/wp\/v2\/categories?post=83781"},{"taxonomy":"post_tag","embeddable":true,"href":"https:\/\/www.mojevrijeme.hr\/magazin\/wp-json\/wp\/v2\/tags?post=83781"}],"curies":[{"name":"wp","href":"https:\/\/api.w.org\/{rel}","templated":true}]}}