{"id":83836,"date":"2023-08-25T15:47:54","date_gmt":"2023-08-25T13:47:54","guid":{"rendered":"https:\/\/www.mojevrijeme.hr\/magazin\/?p=83836"},"modified":"2023-08-25T16:31:33","modified_gmt":"2023-08-25T14:31:33","slug":"kada-stize-13-mirovina-i-koliko-ce-iznositi-ako-su-pametni-to-im-je-najlakse-ispuniti","status":"publish","type":"post","link":"https:\/\/www.mojevrijeme.hr\/magazin\/2023\/08\/kada-stize-13-mirovina-i-koliko-ce-iznositi-ako-su-pametni-to-im-je-najlakse-ispuniti\/","title":{"rendered":"Kad \u0107e 13. mirovina i koliko \u0107e iznositi? &#8216;Ako su pametni, to im je najlak\u0161e&#8217;"},"content":{"rendered":"\n<p>Ministar mirovnskog sustava <strong>Marin Pileti\u0107<\/strong> najavio je da \u0107e se 4. rujna odr\u017eati sjednica Nacionalnog vije\u0107a za umirovljenike i starije osobe, a na kojoj \u0107e jedna od tema biti i uvo\u0111enje 13. mirovine. To je jedan od glavnih zahtjeva Sindikata umirovljenika Hrvatske i Matice umirovljenika Hrvatske, \u010diji su predstavnici \u010dlanovi ovog tijela.<\/p>\n\n\n\n<p>\u201cTaj prijedlog sasvim sigurno moramo temeljito izanalizirati. Postoji nekoliko modela koje izu\u010davamo, europskih i onih bli\u017eih slovenskih. Ako se tako \u0161to dogovorimo s predstavnicima umirovljenika i to sigurno ne\u0107e biti u ovoj godini&#8221;, kazao je Pileti\u0107 novinarima.<\/p>\n\n\n\n<p>Istovremeno, predsjednica Sindikata umirovljenika Hrvatske (SUH) <strong>Jasna A. Petrovi\u0107<\/strong> u razgovoru za MojeVrijeme.hr ka\u017ee da SUH ne odustaje od tog zahtjeva. Obja\u0161njava, 13. mirovina za njih je imperativ.<\/p><div id=\"mojev-1637734340\" class=\"mojev-u-tekstu mojev-entity-placement\" style=\"margin-left: auto;margin-right: auto;text-align: center;\"><div class=\"mojev-adlabel\">oglas<\/div><div style=\"height: 250px;\"><script async src=\"https:\/\/pagead2.googlesyndication.com\/pagead\/js\/adsbygoogle.js?client=ca-pub-8106111766207173\"\r\n     crossorigin=\"anonymous\"><\/script>\r\n<!-- Prikazni 1 u tekstu -->\r\n<ins class=\"adsbygoogle\"\r\n     style=\"display:block\"\r\n     data-ad-client=\"ca-pub-8106111766207173\"\r\n     data-ad-slot=\"8535551207\"\r\n     data-ad-format=\"auto\"\r\n     data-full-width-responsive=\"true\"><\/ins>\r\n<script>\r\n     (adsbygoogle = window.adsbygoogle || []).push({});\r\n<\/script><\/div><\/div><br style=\"clear: both; display: block; float: none;\"\/>\n\n\n\n<p>&#8220;Umirovljenici su bijesni. Ako su pametni, ispunit \u0107e na\u0161e zahtjeve, a najlak\u0161e bi im bilo da od 1. sije\u010dnja 2023. uvedu 13. mirovinu. Portugal i \u0160panjolska imaju 14 mirovina; regres i bo\u017ei\u0107nicu. Ve\u0107ina europskih zemalja ima 13. mirovinu&#8221;, navodi Petrovi\u0107. <\/p>\n\n\n\n<p>Odgovaraju\u0107i na novinarske upite, ministar nije \u017eelio poja\u0161njavati ho\u0107e li umirovljenici doista dobiti i 13. mirovinu u iznosu mirovine koju ina\u010de primaju, ili \u0107e biti rije\u010d o jednokratnom dodatku u istom iznosu za sve. Navodi da je 13. mirovina tek kolokvijalni naziv i dodaje da postoji nekoliko mogu\u0107nosti trajnih ili jednokratnih dodataka. Ne mora se  raditi o iznosu redovite mirovine jer dr\u017eava mo\u017ee i\u0107i na dodatak u razli\u010ditom iznosu ovisno o visini mirovine, neodre\u0111eno je rekao Pileti\u0107.<\/p>\n\n\n\n<p>Dakako, te\u0161ko je za o\u010dekivati da \u0107e dr\u017eava dobrohotno umirovljenicima dati iznos ve\u0107i od njihove mirovine, ali za Sindikat &#8220;jednaki sitni\u0161 za sve&#8221;, a \u0161to neki zagovaraju, nije prihvatljiva opcija. <\/p>\n\n\n\n<p>&#8220;Ta 13. mirovina treba biti vezana uz doprinose i I. mirovinski stup &#8211; koliko si platio i radio, toliko dobije\u0161. Zato ta mirovina ne bi smjela biti simboli\u010dna; za jedan ru\u010dak ili vlak do mora&#8221;, slikovito za na\u0161 portal opisuje \u0161efica Sindikata.<\/p>\n<div id=\"mojev-2913629618\" class=\"mojev-kraj-teksta mojev-entity-placement\" style=\"margin-bottom: 20px;margin-left: auto;margin-right: auto;text-align: center;\"><div class=\"mojev-adlabel\">oglas<\/div><div style=\"height: 250px;\"><script async src=\"https:\/\/pagead2.googlesyndication.com\/pagead\/js\/adsbygoogle.js?client=ca-pub-8106111766207173\"\r\n     crossorigin=\"anonymous\"><\/script>\r\n<!-- Display-1 -->\r\n<ins class=\"adsbygoogle\"\r\n     style=\"display:block\"\r\n     data-ad-client=\"ca-pub-8106111766207173\"\r\n     data-ad-slot=\"1465712950\"\r\n     data-ad-format=\"auto\"\r\n     data-full-width-responsive=\"true\"><\/ins>\r\n<script>\r\n     (adsbygoogle = window.adsbygoogle || []).push({});\r\n<\/script><\/div><\/div>","protected":false},"excerpt":{"rendered":"<p>Te\u0161ko je za o\u010dekivati da \u0107e dr\u017eava dobrohotno umirovljenicima dati iznos ve\u0107i od njihove mirovine, ali za Sindikat &#8216;jednaki sitni\u0161 za sve&#8217;, a \u0161to neki zagovaraju, nije prihvatljiva opcija.<\/p>\n","protected":false},"author":1,"featured_media":83843,"comment_status":"closed","ping_status":"closed","sticky":false,"template":"","format":"standard","meta":{"footnotes":""},"categories":[9],"tags":[3398,684,3231],"class_list":["post-83836","post","type-post","status-publish","format-standard","has-post-thumbnail","hentry","category-vijesti","tag-13-mirovina","tag-jasna-petrovic","tag-marin-piletic"],"_links":{"self":[{"href":"https:\/\/www.mojevrijeme.hr\/magazin\/wp-json\/wp\/v2\/posts\/83836","targetHints":{"allow":["GET"]}}],"collection":[{"href":"https:\/\/www.mojevrijeme.hr\/magazin\/wp-json\/wp\/v2\/posts"}],"about":[{"href":"https:\/\/www.mojevrijeme.hr\/magazin\/wp-json\/wp\/v2\/types\/post"}],"author":[{"embeddable":true,"href":"https:\/\/www.mojevrijeme.hr\/magazin\/wp-json\/wp\/v2\/users\/1"}],"replies":[{"embeddable":true,"href":"https:\/\/www.mojevrijeme.hr\/magazin\/wp-json\/wp\/v2\/comments?post=83836"}],"version-history":[{"count":0,"href":"https:\/\/www.mojevrijeme.hr\/magazin\/wp-json\/wp\/v2\/posts\/83836\/revisions"}],"wp:featuredmedia":[{"embeddable":true,"href":"https:\/\/www.mojevrijeme.hr\/magazin\/wp-json\/wp\/v2\/media\/83843"}],"wp:attachment":[{"href":"https:\/\/www.mojevrijeme.hr\/magazin\/wp-json\/wp\/v2\/media?parent=83836"}],"wp:term":[{"taxonomy":"category","embeddable":true,"href":"https:\/\/www.mojevrijeme.hr\/magazin\/wp-json\/wp\/v2\/categories?post=83836"},{"taxonomy":"post_tag","embeddable":true,"href":"https:\/\/www.mojevrijeme.hr\/magazin\/wp-json\/wp\/v2\/tags?post=83836"}],"curies":[{"name":"wp","href":"https:\/\/api.w.org\/{rel}","templated":true}]}}