{"id":83875,"date":"2023-08-25T18:14:50","date_gmt":"2023-08-25T16:14:50","guid":{"rendered":"https:\/\/www.mojevrijeme.hr\/magazin\/?p=83875"},"modified":"2023-08-25T18:14:54","modified_gmt":"2023-08-25T16:14:54","slug":"raste-nacionalna-mirovina-ublazavaju-se-uvjeti-za-primatelje","status":"publish","type":"post","link":"https:\/\/www.mojevrijeme.hr\/magazin\/2023\/08\/raste-nacionalna-mirovina-ublazavaju-se-uvjeti-za-primatelje\/","title":{"rendered":"Raste nacionalna mirovina, ubla\u017eavaju se uvjeti za primatelje"},"content":{"rendered":"\n<p>Vlada je u saborsku proceduru uputila Prijedlog zakona o izmjenama i dopunama Zakona o nacionalnoj naknadi za starije osobe\u00a0prema kojima bi naknade trebale porasti sa sada\u0161njih 120 na 150 eura i ti od prvog dana idu\u0107e godine. <\/p>\n\n\n\n<p>Pravo na takozvanu nacionalnu mirovinu imaju osobe starije od 65 godina,\u00a0a nisu ostvarile pravo na mirovinu temeljem rada i upla\u0107enih doprinosa. Redovno godi\u0161nje uskla\u0111ivanje po\u010deti \u0107e se primjenjivati do 1. sije\u010dnja 2025., najavio je\u00a0ministar mirovinskog sustava Marin Pileti\u0107. <\/p>\n\n\n\n<p>Izmjenama se predla\u017ee i ubla\u017eavanje uvjeta za ostvarivanje prava na nacionalu naknadu, uvjet sa sada\u0161njih 20 godina neprekidnog boravi\u0161ta na podru\u010dju Hrvatske od dana podno\u0161enja zahtjeva smanjuje se na 10 godina, te pove\u0107ava prihodovni cenzus, s 120 na 300 eura po glavi ku\u0107anstva.<\/p><div id=\"mojev-2410002554\" class=\"mojev-u-tekstu mojev-entity-placement\" style=\"margin-left: auto;margin-right: auto;text-align: center;\"><div class=\"mojev-adlabel\">oglas<\/div><div style=\"height: 250px;\"><script async src=\"https:\/\/pagead2.googlesyndication.com\/pagead\/js\/adsbygoogle.js?client=ca-pub-8106111766207173\"\r\n     crossorigin=\"anonymous\"><\/script>\r\n<!-- Prikazni 1 u tekstu -->\r\n<ins class=\"adsbygoogle\"\r\n     style=\"display:block\"\r\n     data-ad-client=\"ca-pub-8106111766207173\"\r\n     data-ad-slot=\"8535551207\"\r\n     data-ad-format=\"auto\"\r\n     data-full-width-responsive=\"true\"><\/ins>\r\n<script>\r\n     (adsbygoogle = window.adsbygoogle || []).push({});\r\n<\/script><\/div><\/div><br style=\"clear: both; display: block; float: none;\"\/>\n\n\n\n<p>Omogu\u0107ava se i ostvarivanje prava na nacionalnu naknadu i u slu\u010dajevima kada je pokrenut postupak za raskid, utvr\u0111enje ni\u0161tetnosti ili poni\u0161tenje ugovora o&nbsp;do\u017eivotnom odnosno dosmrtnom uzdr\u017eavanju. Omogu\u0107ila bi se i isplata naknade na adresu korisnika i putem po\u0161te, kazao je Pileti\u0107.<\/p>\n\n\n\n<p>Za provedbu zakona trebati \u0107e u 2024. osigurati dodatnih 13,7 milijuna eura, u 2025. gotovo 16 milijuna, a u 2026. 16,1 milijun eura. &#8220;O\u010dekujemo da broj korisnika naknade sa sada\u0161njih 6.841 korisnika naraste na minimalno 13.400&#8221;, rekao\u00a0je\u00a0Pileti\u0107.<\/p>\n<div id=\"mojev-2457916885\" class=\"mojev-kraj-teksta mojev-entity-placement\" style=\"margin-bottom: 20px;margin-left: auto;margin-right: auto;text-align: center;\"><div class=\"mojev-adlabel\">oglas<\/div><div style=\"height: 250px;\"><script async src=\"https:\/\/pagead2.googlesyndication.com\/pagead\/js\/adsbygoogle.js?client=ca-pub-8106111766207173\"\r\n     crossorigin=\"anonymous\"><\/script>\r\n<!-- Display-1 -->\r\n<ins class=\"adsbygoogle\"\r\n     style=\"display:block\"\r\n     data-ad-client=\"ca-pub-8106111766207173\"\r\n     data-ad-slot=\"1465712950\"\r\n     data-ad-format=\"auto\"\r\n     data-full-width-responsive=\"true\"><\/ins>\r\n<script>\r\n     (adsbygoogle = window.adsbygoogle || []).push({});\r\n<\/script><\/div><\/div>","protected":false},"excerpt":{"rendered":"<p>Za provedbu zakona trebati \u0107e u 2024. osigurati dodatnih 13,7 milijuna eura, u 2025. gotovo 16 milijuna, a u 2026. 16,1 milijun eura.<\/p>\n","protected":false},"author":1,"featured_media":76025,"comment_status":"closed","ping_status":"closed","sticky":false,"template":"","format":"standard","meta":{"footnotes":""},"categories":[9],"tags":[3231,1215],"class_list":["post-83875","post","type-post","status-publish","format-standard","has-post-thumbnail","hentry","category-vijesti","tag-marin-piletic","tag-nacionalna-mirovina"],"_links":{"self":[{"href":"https:\/\/www.mojevrijeme.hr\/magazin\/wp-json\/wp\/v2\/posts\/83875","targetHints":{"allow":["GET"]}}],"collection":[{"href":"https:\/\/www.mojevrijeme.hr\/magazin\/wp-json\/wp\/v2\/posts"}],"about":[{"href":"https:\/\/www.mojevrijeme.hr\/magazin\/wp-json\/wp\/v2\/types\/post"}],"author":[{"embeddable":true,"href":"https:\/\/www.mojevrijeme.hr\/magazin\/wp-json\/wp\/v2\/users\/1"}],"replies":[{"embeddable":true,"href":"https:\/\/www.mojevrijeme.hr\/magazin\/wp-json\/wp\/v2\/comments?post=83875"}],"version-history":[{"count":0,"href":"https:\/\/www.mojevrijeme.hr\/magazin\/wp-json\/wp\/v2\/posts\/83875\/revisions"}],"wp:featuredmedia":[{"embeddable":true,"href":"https:\/\/www.mojevrijeme.hr\/magazin\/wp-json\/wp\/v2\/media\/76025"}],"wp:attachment":[{"href":"https:\/\/www.mojevrijeme.hr\/magazin\/wp-json\/wp\/v2\/media?parent=83875"}],"wp:term":[{"taxonomy":"category","embeddable":true,"href":"https:\/\/www.mojevrijeme.hr\/magazin\/wp-json\/wp\/v2\/categories?post=83875"},{"taxonomy":"post_tag","embeddable":true,"href":"https:\/\/www.mojevrijeme.hr\/magazin\/wp-json\/wp\/v2\/tags?post=83875"}],"curies":[{"name":"wp","href":"https:\/\/api.w.org\/{rel}","templated":true}]}}