{"id":8388,"date":"2016-09-23T13:40:49","date_gmt":"2016-09-23T11:40:49","guid":{"rendered":"http:\/\/www.mojevrijeme.hr\/magazin\/?p=8388"},"modified":"2016-09-23T13:41:33","modified_gmt":"2016-09-23T11:41:33","slug":"u-hrvatskoj-svaki-dan-22-umirovljenika-vise","status":"publish","type":"post","link":"https:\/\/www.mojevrijeme.hr\/magazin\/2016\/09\/u-hrvatskoj-svaki-dan-22-umirovljenika-vise\/","title":{"rendered":"U Hrvatskoj svaki dan 22 umirovljenika vi\u0161e"},"content":{"rendered":"<p>U godinu dana Hrvatska je pove\u0107ala broj umirovljenika za pribli\u017eno 8000. Na to pove\u0107anje utjecala su dva odvojena procesa, jedan je \u0161to se smanjio broj umrlih, a drugi \u0161to je ubrzan priljev novih korisnika, javlja <strong><a href=\"http:\/\/www.vecernji.hr\/hrvatska\/u-godinu-dana-dobili-smo-8000-umirovljenika-vise-1115392\" target=\"_blank\">Ve\u010dernji list<\/a><\/strong>.<\/p>\n<p>U prvih sedam mjeseci u mirovinu je oti\u0161lo 29.390 osoba \u2013 oko 2500 vi\u0161e nego lani u istom razdoblju. Poja\u010dano su se dobivale starosna, invalidska i prijevremena starosna mirovina, a u laganom je padu jedino broj novih korisnika obiteljske mirovine. U prosjeku, najve\u0107e su mirovine odre\u0111ene dugogodi\u0161njim osiguranicima \u2013 ljudima koji su se zaposlili prije dvadesete godine \u017eivota te su u ranim \u0161ezdesetima imali vi\u0161e od 40 godina sta\u017ea. Ove je godine u mirovinu oti\u0161lo 3258 dugogodi\u0161njih osiguranika, a 42 godine prosje\u010dnog radnog sta\u017ea donijele su im 3300 kuna mjese\u010dne mirovine. Trideset godina sta\u017ea, koliko je u prosjeku radilo oko 11 tisu\u0107a osoba koje su oti\u0161le u starosnu mirovinu, donijelo im je 2100 kuna mjese\u010dne mirovine.<\/p>\n<p><strong>Danijel Nesti\u0107<\/strong>, istra\u017eiva\u010d Ekonomskog instituta Zagreb, navodi da bi se ukupan broj umirovljenika trebao lagano pove\u0107avati sve do 2030. godine, pri \u010demu bi tada mogao biti za 40-ak tisu\u0107a ve\u0107i nego u 2016., kad imamo 1,23 milijuna umirovljenika.<\/p><div id=\"mojev-1415822378\" class=\"mojev-u-tekstu mojev-entity-placement\" style=\"margin-left: auto;margin-right: auto;text-align: center;\"><div class=\"mojev-adlabel\">oglas<\/div><div style=\"height: 250px;\"><script async src=\"https:\/\/pagead2.googlesyndication.com\/pagead\/js\/adsbygoogle.js?client=ca-pub-8106111766207173\"\r\n     crossorigin=\"anonymous\"><\/script>\r\n<!-- Prikazni 1 u tekstu -->\r\n<ins class=\"adsbygoogle\"\r\n     style=\"display:block\"\r\n     data-ad-client=\"ca-pub-8106111766207173\"\r\n     data-ad-slot=\"8535551207\"\r\n     data-ad-format=\"auto\"\r\n     data-full-width-responsive=\"true\"><\/ins>\r\n<script>\r\n     (adsbygoogle = window.adsbygoogle || []).push({});\r\n<\/script><\/div><\/div><br style=\"clear: both; display: block; float: none;\"\/>\n<div id=\"mojev-3618954120\" class=\"mojev-kraj-teksta mojev-entity-placement\" style=\"margin-bottom: 20px;margin-left: auto;margin-right: auto;text-align: center;\"><div class=\"mojev-adlabel\">oglas<\/div><div style=\"height: 250px;\"><script async src=\"https:\/\/pagead2.googlesyndication.com\/pagead\/js\/adsbygoogle.js?client=ca-pub-8106111766207173\"\r\n     crossorigin=\"anonymous\"><\/script>\r\n<!-- Display-1 -->\r\n<ins class=\"adsbygoogle\"\r\n     style=\"display:block\"\r\n     data-ad-client=\"ca-pub-8106111766207173\"\r\n     data-ad-slot=\"1465712950\"\r\n     data-ad-format=\"auto\"\r\n     data-full-width-responsive=\"true\"><\/ins>\r\n<script>\r\n     (adsbygoogle = window.adsbygoogle || []).push({});\r\n<\/script><\/div><\/div>","protected":false},"excerpt":{"rendered":"<p>O\u010dekivano, ukupan broj umirovljenika trebao bi se lagano pove\u0107avati sve do 2030. godine, pri \u010demu bi tada mogao biti za 40-ak tisu\u0107a ve\u0107i nego u 2016., kad imamo 1,23 milijuna umirovljenika.<\/p>\n","protected":false},"author":1,"featured_media":8389,"comment_status":"closed","ping_status":"open","sticky":false,"template":"","format":"standard","meta":{"footnotes":""},"categories":[9],"tags":[238,77],"class_list":["post-8388","post","type-post","status-publish","format-standard","has-post-thumbnail","hentry","category-vijesti","tag-politika","tag-umirovljenici"],"_links":{"self":[{"href":"https:\/\/www.mojevrijeme.hr\/magazin\/wp-json\/wp\/v2\/posts\/8388","targetHints":{"allow":["GET"]}}],"collection":[{"href":"https:\/\/www.mojevrijeme.hr\/magazin\/wp-json\/wp\/v2\/posts"}],"about":[{"href":"https:\/\/www.mojevrijeme.hr\/magazin\/wp-json\/wp\/v2\/types\/post"}],"author":[{"embeddable":true,"href":"https:\/\/www.mojevrijeme.hr\/magazin\/wp-json\/wp\/v2\/users\/1"}],"replies":[{"embeddable":true,"href":"https:\/\/www.mojevrijeme.hr\/magazin\/wp-json\/wp\/v2\/comments?post=8388"}],"version-history":[{"count":0,"href":"https:\/\/www.mojevrijeme.hr\/magazin\/wp-json\/wp\/v2\/posts\/8388\/revisions"}],"wp:featuredmedia":[{"embeddable":true,"href":"https:\/\/www.mojevrijeme.hr\/magazin\/wp-json\/wp\/v2\/media\/8389"}],"wp:attachment":[{"href":"https:\/\/www.mojevrijeme.hr\/magazin\/wp-json\/wp\/v2\/media?parent=8388"}],"wp:term":[{"taxonomy":"category","embeddable":true,"href":"https:\/\/www.mojevrijeme.hr\/magazin\/wp-json\/wp\/v2\/categories?post=8388"},{"taxonomy":"post_tag","embeddable":true,"href":"https:\/\/www.mojevrijeme.hr\/magazin\/wp-json\/wp\/v2\/tags?post=8388"}],"curies":[{"name":"wp","href":"https:\/\/api.w.org\/{rel}","templated":true}]}}