{"id":83888,"date":"2023-08-27T10:12:00","date_gmt":"2023-08-27T08:12:00","guid":{"rendered":"https:\/\/www.mojevrijeme.hr\/magazin\/?p=83888"},"modified":"2023-08-28T06:44:51","modified_gmt":"2023-08-28T04:44:51","slug":"lena-60-politicari-u-zagrebu-pricaju-dok-stariji-ljudi-na-selu-gladuju","status":"publish","type":"post","link":"https:\/\/www.mojevrijeme.hr\/magazin\/2023\/08\/lena-60-politicari-u-zagrebu-pricaju-dok-stariji-ljudi-na-selu-gladuju\/","title":{"rendered":"&#8216;Suprug branitelj nema povlastice, a djeca su nam napustila Hrvatsku&#8217;"},"content":{"rendered":"\n<p>Na\u0161a \u010ditateljica Lena na po\u010detku pisma koje nam je uputila otkriva da je njezin suprug vrlo mlad postao hrvatski branitelj, a nakon Domovinskog rata pre\u0161ao je u aktivnu hrvatsku vojsku. Kad je navr\u0161io 43 godine, dobio je neprihvatljiv ultimatum te pristao na, kako tvrdi, prisilno umirovljenje. Tu po\u010dinju sve ve\u0107e nevolje njihove petero\u010dlane obitelji.<\/p>\n\n\n\n<p>&#8220;Kao i mnogi drugi koji su pre\u0161li \u010detrdesetu, moj suprug s 43 godine vojsci vi\u0161e nije bio perspektivan. Bila je to ucjena: Ako ne\u0107ete u mirovinu, idete na drugi kraj dr\u017eave u vojarnu, a vikendom si sami tra\u017eite smje\u0161taj i hranu. Ku\u0107i su mogli jedino kad je sjela pla\u0107a. Pa ti budi pametan &#8211; i\u0107i u mirovinu, ili u ne\u0161to nepoznato bez obitelji. Moj se suprug odlu\u010dio za obitelj&#8221;, povjerila nam je.<\/p>\n\n\n\n<h3 class=\"wp-block-heading\">Najte\u017ee odluke<\/h3>\n\n\n\n<p>\u017divotne okolnosti bile su im takve da je odluka bila neopisivo te\u0161ka. &#8220;Imali smo troje djece, jedno na fakultetu, drugo u srednjoj i tre\u0107e u osnovnoj \u0161koli. Bili smo u tri kredita. On je prihvatio umirovljenje, ali nikako da mu se to rije\u0161i u mirovinskom. Te\u0161ko je povjerovati, ali \u010dekali smo i \u010dekali, a mirovina mu nije stizala godinu dana. Tada je osobno oti\u0161ao u Zagreb i zamislite, za sat vremena dobio je rje\u0161enje i sve zaostatke na ra\u010dun. Time smo vratili dugove dobrim ljudima koji su nam posudili da pre\u017eivimo&#8221;, opisuje gospo\u0111a Lena.<\/p><div id=\"mojev-641243937\" class=\"mojev-u-tekstu mojev-entity-placement\" style=\"margin-left: auto;margin-right: auto;text-align: center;\"><div class=\"mojev-adlabel\">oglas<\/div><div style=\"height: 250px;\"><script async src=\"https:\/\/pagead2.googlesyndication.com\/pagead\/js\/adsbygoogle.js?client=ca-pub-8106111766207173\"\r\n     crossorigin=\"anonymous\"><\/script>\r\n<!-- Prikazni 1 u tekstu -->\r\n<ins class=\"adsbygoogle\"\r\n     style=\"display:block\"\r\n     data-ad-client=\"ca-pub-8106111766207173\"\r\n     data-ad-slot=\"8535551207\"\r\n     data-ad-format=\"auto\"\r\n     data-full-width-responsive=\"true\"><\/ins>\r\n<script>\r\n     (adsbygoogle = window.adsbygoogle || []).push({});\r\n<\/script><\/div><\/div><br style=\"clear: both; display: block; float: none;\"\/>\n\n\n\n<p>Do sada su se nekako snalazili, imaju koko\u0161i, ze\u010deve i malo vrta. &#8220;\u0160to se toga ti\u010de \u017eivot je na selu malo lak\u0161i, ali opet, lije\u010dnik, ljekarna, za sve moramo u grad i bez auta smo kao bez ruku i nogu, a to je tro\u0161ak&#8221;, pi\u0161e.<\/p>\n\n\n\n<p>&#8220;Danas smo oboje stariji, dodatno ne mo\u017eemo zara\u0111ivati, a od mirovine jedva \u017eivimo, zapravo, poma\u017ee nam ono \u0161to kod ku\u0107e jo\u0161 mo\u017eemo privrediti. Ali, da bi platili registraciju i tehni\u010dki pregled za auto, svake godine uzmemo kredit i otpla\u0107ujemo ga godinu dana&#8221;, opisuje njihov te\u017eak \u017eivot.<\/p>\n\n\n\n<h3 class=\"wp-block-heading\">Povlastice ne u\u017eivaju svi<\/h3>\n\n\n\n<p>Njezin suprug, napominje, nema nikakve povlastice uz mirovinu. &#8220;Znam da ima onih koji u\u017eivaju povlastice, a rata nisu osjetili ni vidjeli. Moj suprug je bio na prvim crtama obrane, poslije je aktivno sudjelovao u obnovi od Iloka do Vukovara, strojem je svoje ratne kolege iskopavao iz masovne grobnice. Pro\u017eivio je jako te\u0161ke i bolne dane, imao je i tri ozljede na radu. Tijekom \u010di\u0161\u0107enja oko vinkova\u010dke bolnice njegov kolega je s valjkom pre\u0161ao preko tenkovske mine, njega je odbacilo, dok su drugi ispali iz strojeva. Drugom prilikom je u prometnoj nesre\u0107i rasjekao glavu, a stradalo mu je i koljeno te mu je tijekom operacije stavljeno umjetno&#8221;, povjerava nam nadalje \u010ditateljica Lena.<\/p>\n\n\n\n<p>Kako svjedo\u010di, komisija mu ni\u0161ta od toga nije uva\u017eila kao stupanj invalidnosti. &#8220;On se jo\u0161 od odlaska u mirovinu lije\u010di i od psihi\u010dke bolesti. Sve ga je to dotuklo, obolio je na \u017eivce, svi smo to osjetili. Sva na\u0161a djeca napustila su Hrvatsku. Ja sam i dalje uz njega i on je uz mene. No, sve je to i na mene utjecalo, a od te\u0161kih mi je poslova stradala ki\u010dma. Zbog toga mi otkazuju ruke, noge, mi vi\u0161e ne mo\u017eemo obra\u0111ivati ve\u0107u njivu&#8221;, obja\u0161njava te\u0161ku situaciju.<\/p>\n\n\n\n<h3 class=\"wp-block-heading\">&#8220;Pogledajte malo dalje od Zagreba&#8221;<\/h3>\n\n\n\n<p>Sad bi trebali jo\u0161 malo lijepo \u017eivjeti, a mi idemo od lije\u010dnika do bolnice pa do ljekarne. Lijekovi su nam kao hrana, a pomo\u0107i i priznanja njemu nikada ni od koga, \u010dak ni jednokratne pomo\u0107i, ni odlaska u toplice. Na sve to imaju pravo mnogi branitelji i njihove obitelji, a mi nikada ni\u0161ta. Ova dr\u017eava nekome je majka, nama ma\u0107eha i o\u010duh, \u017eivimo bez djece i unu\u010dadi, bez zdravlja, bez novaca za normalan \u017eivot, to je nagrada \u010dovjeku koji je napustio stalan posao, i dobrovoljno se javio u obranu domovine.&#8221;<\/p>\n\n\n\n<p>&#8220;Sada ova dr\u017eava nas nimalo ne brani niti nam poma\u017ee. Za nas male ljude ni\u0161ta se nije promijenilo osim imena dr\u017eave. U\u017eivaju samo politi\u010dari. Poru\u010dujem da je Hrvatska sve od Iloka do Dubrovnika, a ne samo Zagreb, pa nek&#8217; malo ra\u0161ire ruke i pogledaju malo dalje, jer ljudi umiru, od \u017eivotne nepravde, bolesti, gladi, jadi, a oni samo pri\u010daju i obe\u0107avaju, malo &#8216;ko to i do\u017eivi. Biti po\u0161ten u ovoj dr\u017eavi je isto \u0161to i samoranjavanje, \u010dini se da treba biti lopov&#8221;, zaklju\u010duje svoje svjedo\u010denje i promi\u0161ljanje umirovljenica Lena.<\/p>\n\n\n\n<div id=\"crveno\"><\/p>\n\n\n\n<h3 class=\"wp-block-heading\">Zanima nas va\u0161a pri\u010da<\/h3>\n\n\n\n<p>\u017delite li i vi, posve anonimno, podijeliti svoje iskustvo i vi\u0111enje ove teme s nama i na\u0161im \u010ditateljima, mo\u017eete to u\u010diniti putem web obrasca <a rel=\"noreferrer noopener\" href=\"https:\/\/www.mojevrijeme.hr\/magazin\/povjerljivo\/\" target=\"_blank\">Povjerljivo<\/a>. Napi\u0161ite svoju pri\u010du!<\/p>\n\n\n\n<p><\/div>\n<div id=\"mojev-4167779133\" class=\"mojev-kraj-teksta mojev-entity-placement\" style=\"margin-bottom: 20px;margin-left: auto;margin-right: auto;text-align: center;\"><div class=\"mojev-adlabel\">oglas<\/div><div style=\"height: 250px;\"><script async src=\"https:\/\/pagead2.googlesyndication.com\/pagead\/js\/adsbygoogle.js?client=ca-pub-8106111766207173\"\r\n     crossorigin=\"anonymous\"><\/script>\r\n<!-- Display-1 -->\r\n<ins class=\"adsbygoogle\"\r\n     style=\"display:block\"\r\n     data-ad-client=\"ca-pub-8106111766207173\"\r\n     data-ad-slot=\"1465712950\"\r\n     data-ad-format=\"auto\"\r\n     data-full-width-responsive=\"true\"><\/ins>\r\n<script>\r\n     (adsbygoogle = window.adsbygoogle || []).push({});\r\n<\/script><\/div><\/div>","protected":false},"excerpt":{"rendered":"<p>Pismo prepuno te\u0161kih rije\u010di stiglo nam je iz Slavonije. Umirovljenica Lena (60) povjerila nam je da je njezina petero\u010dlana obitelj trpjela desetlje\u0107ima, sve otkako je njezin suprug, hrvatski branitelj, prisilno umirovljen s 43 godine. <\/p>\n","protected":false},"author":17,"featured_media":83955,"comment_status":"closed","ping_status":"closed","sticky":false,"template":"","format":"standard","meta":{"footnotes":""},"categories":[3552],"tags":[627,2875,237,2495],"class_list":["post-83888","post","type-post","status-publish","format-standard","has-post-thumbnail","hentry","category-povjerljivo","tag-branitelji","tag-selo","tag-siromastvo","tag-slavonija"],"_links":{"self":[{"href":"https:\/\/www.mojevrijeme.hr\/magazin\/wp-json\/wp\/v2\/posts\/83888","targetHints":{"allow":["GET"]}}],"collection":[{"href":"https:\/\/www.mojevrijeme.hr\/magazin\/wp-json\/wp\/v2\/posts"}],"about":[{"href":"https:\/\/www.mojevrijeme.hr\/magazin\/wp-json\/wp\/v2\/types\/post"}],"author":[{"embeddable":true,"href":"https:\/\/www.mojevrijeme.hr\/magazin\/wp-json\/wp\/v2\/users\/17"}],"replies":[{"embeddable":true,"href":"https:\/\/www.mojevrijeme.hr\/magazin\/wp-json\/wp\/v2\/comments?post=83888"}],"version-history":[{"count":0,"href":"https:\/\/www.mojevrijeme.hr\/magazin\/wp-json\/wp\/v2\/posts\/83888\/revisions"}],"wp:featuredmedia":[{"embeddable":true,"href":"https:\/\/www.mojevrijeme.hr\/magazin\/wp-json\/wp\/v2\/media\/83955"}],"wp:attachment":[{"href":"https:\/\/www.mojevrijeme.hr\/magazin\/wp-json\/wp\/v2\/media?parent=83888"}],"wp:term":[{"taxonomy":"category","embeddable":true,"href":"https:\/\/www.mojevrijeme.hr\/magazin\/wp-json\/wp\/v2\/categories?post=83888"},{"taxonomy":"post_tag","embeddable":true,"href":"https:\/\/www.mojevrijeme.hr\/magazin\/wp-json\/wp\/v2\/tags?post=83888"}],"curies":[{"name":"wp","href":"https:\/\/api.w.org\/{rel}","templated":true}]}}