{"id":84013,"date":"2023-08-28T13:42:02","date_gmt":"2023-08-28T11:42:02","guid":{"rendered":"https:\/\/www.mojevrijeme.hr\/magazin\/?p=84013"},"modified":"2023-08-28T14:32:57","modified_gmt":"2023-08-28T12:32:57","slug":"senka-60-muz-me-tukao-a-moja-majka-govorila-suti-i-trpi","status":"publish","type":"post","link":"https:\/\/www.mojevrijeme.hr\/magazin\/2023\/08\/senka-60-muz-me-tukao-a-moja-majka-govorila-suti-i-trpi\/","title":{"rendered":"Senka (60): &#8216;Mu\u017e me tukao, a moja majka govorila &#8211; \u0161uti i trpi&#8217;"},"content":{"rendered":"\n<p>&#8220;Otkad sam se rodila 1963., ne znam \u0161to je sre\u0107a, \u0161to je radost, samo znam za tugu i razo\u010darenje&#8221;, zapo\u010dela je svoju ispovijest gospo\u0111a Senka.<\/p>\n\n\n\n<p>Roditelji su joj bili siroma\u0161ni, ali po\u0161teni ljudi, no mislili su samo na pre\u017eivljavanje. &#8220;Brinuli su samo o \u017eivotinjama, budu\u0107i da smo imali kravu, ovce, koko\u0161i, psa i ma\u010dku. Daleko sam pje\u0161a\u010dila u \u0161kolu, nikad nisam imala za u\u017einu. Odmah nakon \u0161kolovanja sam se, jako mlada, udala&#8221;, povjerava nam na\u0161a umirovljenica koja sa svojim partnerom nikada nije sklopila formalni brak.<\/p>\n\n\n\n<p>Umjesto da za nju po\u010dnu dani ispunjeni nadom u bolje sutra, za nju pravi pakao tek po\u010dinje. &#8220;Mu\u017e me tako poni\u017eavao, maltetirao i tukao da mi je znao slomiti prst. \u017dalila sam se roditeljima, ali nikada nisam dobila ni moralnu podr\u0161ku, a kamoli fizi\u010dku za\u0161titu. Rije\u010di moje majke bile su: \u0160uti i trpi&#8221;, opisala je.<\/p><div id=\"mojev-3328525793\" class=\"mojev-u-tekstu mojev-entity-placement\" style=\"margin-left: auto;margin-right: auto;text-align: center;\"><div class=\"mojev-adlabel\">oglas<\/div><div style=\"height: 250px;\"><script async src=\"https:\/\/pagead2.googlesyndication.com\/pagead\/js\/adsbygoogle.js?client=ca-pub-8106111766207173\"\r\n     crossorigin=\"anonymous\"><\/script>\r\n<!-- Prikazni 1 u tekstu -->\r\n<ins class=\"adsbygoogle\"\r\n     style=\"display:block\"\r\n     data-ad-client=\"ca-pub-8106111766207173\"\r\n     data-ad-slot=\"8535551207\"\r\n     data-ad-format=\"auto\"\r\n     data-full-width-responsive=\"true\"><\/ins>\r\n<script>\r\n     (adsbygoogle = window.adsbygoogle || []).push({});\r\n<\/script><\/div><\/div><br style=\"clear: both; display: block; float: none;\"\/>\n\n\n\n<h3 class=\"wp-block-heading\">Deset godina nasilja<\/h3>\n\n\n\n<p>Za \u017eenu je svakako va\u017ena financijska neovisnost, ali to u njezinom slu\u010daju nije bilo dovoljno \u2013 moralo je pro\u0107i deset te\u0161kih godina prije nego \u0161to je odlu\u010dila pobje\u0107i od nasilnika. Ono \u0161to ju je dr\u017ealo u toksi\u010dnoj zajednici, bila su djeca. Kad su malo stasala, potra\u017eila je izlaz, ali nije i\u0161lo lako.<\/p>\n\n\n\n<p>&#8220;Iako sam bila u radnom odnosu, deset sam ga prokletih godina trpjela. Rodila sam dvoje djece i vodila ra\u010duna o njima, te im pru\u017eila svu mogu\u0107u ljubav. Na\u017ealost, u to vrijeme mu\u0161karac je, barem \u0161to se mene ti\u010de, mogao raditi \u0161to je htio, ali \u017eena ne! Razi\u0161li smo se, ali me je opet maltetirao, preko djece. Djeci nikad nije dao ni nov\u010di\u0107a, ali mi ih je ucjenom uspio uzeti&#8221;, obja\u0161njava gospo\u0111a Senka.<\/p>\n\n\n\n<p>&#8220;Bo\u017ee, koliko sam suza prolila, koliko no\u0107i nisam spavala! Bojala sam se za djecu i sebe u sobi\u010dku, ni kupaonice ni vode u ku\u0107i nismo imali&#8221;, govori nadalje te priznaje da je nakon prekida s nevjen\u010danim suprugom, upoznala novog \u010dovjeka.<\/p>\n\n\n\n<h3 class=\"wp-block-heading\">Nova ljubavna veza<\/h3>\n\n\n\n<p>&#8220;Spasio me od bijede i problema, prihvatio moju djecu. No, moj biv\u0161i mu\u017e, koji se me\u0111uvremenu o\u017eenio s ljubavnicom, uzeo je djecu i nije mi ih vi\u0161e dao. Smatrao je da kao mu\u0161karac mo\u017ee sve i za njega ni\u0161ta nije sramota&#8221;, opisuje nam.<\/p>\n\n\n\n<p>Potom je objasnila da je suprug htio uzeti k\u0107er, a njoj je rekao da uzme sina, no ona na to nije pristala. &#8220;Ja sam k\u0107i jedinica i nisam htjela ostaviti svoju k\u0107er, ve\u0107 sam htjela oboje djece uz sebe. Bila mi je stra\u0161na pomisao razdvojiti brata i sestru, pa je tako on pobijedio i uzeo oboje&#8221;, obja\u0161njava.<\/p>\n\n\n\n<h3 class=\"wp-block-heading\">Novi \u017eivot<\/h3>\n\n\n\n<p>Tuga i bol razdirali su joj srce, a onda se s novim partnerom odlu\u010dila na jo\u0161 jedno dijete, te je rodila sina. &#8220;Sin\u010di\u0107 mi je pru\u017eio novu radost, ali sam patila za svojom starijom djecom. A nakon sin\u010di\u0107a, dobila sam i drugo dijete s drugim mu\u017eem&#8221;, povjerava nam.<\/p>\n\n\n\n<p>Potom je ponosno istaknula da su sva njezina djeca zavr\u0161ila \u0161kole, i svih je \u010detvero pomagala da uspiju na putu \u0161kolovanja.<\/p>\n\n\n\n<p>Drago joj je \u0161to je danas baka petero unu\u010dadi &#8211; sin ima dvojicu sinova, a k\u0107i tri. No, ona je, povjerava nam za kraj, ipak najvi\u0161e sama. &#8220;Drugi mu\u017e mi je iznenada umro, djeca oti\u0161la, a ja opet sjedim sama i tu\u017ena i pitam se za\u0161to je moj \u017eivot ovako te\u017eak, za\u0161to nikad nisam bila istinski sretna. Za\u0161to opet sjedim u svom sobi\u010dku tuge?&#8221;<\/p>\n\n\n\n<div id=\"crveno\"><\/p>\n\n\n\n<h3 class=\"wp-block-heading\">Zanima nas va\u0161a pri\u010da<\/h3>\n\n\n\n<p>\u017delite li i vi, posve anonimno, podijeliti svoje iskustvo i vi\u0111enje ove teme s nama i na\u0161im \u010ditateljima, mo\u017eete to u\u010diniti putem web obrasca <a rel=\"noreferrer noopener\" href=\"https:\/\/www.mojevrijeme.hr\/magazin\/povjerljivo\/\" target=\"_blank\">Povjerljivo<\/a>. Napi\u0161ite svoju pri\u010du!<\/p>\n\n\n\n<p><\/div>\n<div id=\"mojev-3924887010\" class=\"mojev-kraj-teksta mojev-entity-placement\" style=\"margin-bottom: 20px;margin-left: auto;margin-right: auto;text-align: center;\"><div class=\"mojev-adlabel\">oglas<\/div><div style=\"height: 250px;\"><script async src=\"https:\/\/pagead2.googlesyndication.com\/pagead\/js\/adsbygoogle.js?client=ca-pub-8106111766207173\"\r\n     crossorigin=\"anonymous\"><\/script>\r\n<!-- Display-1 -->\r\n<ins class=\"adsbygoogle\"\r\n     style=\"display:block\"\r\n     data-ad-client=\"ca-pub-8106111766207173\"\r\n     data-ad-slot=\"1465712950\"\r\n     data-ad-format=\"auto\"\r\n     data-full-width-responsive=\"true\"><\/ins>\r\n<script>\r\n     (adsbygoogle = window.adsbygoogle || []).push({});\r\n<\/script><\/div><\/div>","protected":false},"excerpt":{"rendered":"<p>Umirovljenica Senka (60) ro\u0111ena je u malome mjestu, u vrijeme kad siroma\u0161ni roditelji nisu imali nimalo vremena za djecu. U \u0161kolu se i\u0161lo daleko pje\u0161ice, bez sendvi\u010da. Kako joj je \u017eivot tegobno po\u010deo, tako je, povjerava nam, i tekao. Danas, kad bi mogla provoditi mirne dane u mirovini, usamljena je i bolesna.<\/p>\n","protected":false},"author":17,"featured_media":84038,"comment_status":"closed","ping_status":"closed","sticky":false,"template":"","format":"standard","meta":{"footnotes":""},"categories":[3552],"tags":[941],"class_list":["post-84013","post","type-post","status-publish","format-standard","has-post-thumbnail","hentry","category-povjerljivo","tag-zlostavljanje"],"_links":{"self":[{"href":"https:\/\/www.mojevrijeme.hr\/magazin\/wp-json\/wp\/v2\/posts\/84013","targetHints":{"allow":["GET"]}}],"collection":[{"href":"https:\/\/www.mojevrijeme.hr\/magazin\/wp-json\/wp\/v2\/posts"}],"about":[{"href":"https:\/\/www.mojevrijeme.hr\/magazin\/wp-json\/wp\/v2\/types\/post"}],"author":[{"embeddable":true,"href":"https:\/\/www.mojevrijeme.hr\/magazin\/wp-json\/wp\/v2\/users\/17"}],"replies":[{"embeddable":true,"href":"https:\/\/www.mojevrijeme.hr\/magazin\/wp-json\/wp\/v2\/comments?post=84013"}],"version-history":[{"count":0,"href":"https:\/\/www.mojevrijeme.hr\/magazin\/wp-json\/wp\/v2\/posts\/84013\/revisions"}],"wp:featuredmedia":[{"embeddable":true,"href":"https:\/\/www.mojevrijeme.hr\/magazin\/wp-json\/wp\/v2\/media\/84038"}],"wp:attachment":[{"href":"https:\/\/www.mojevrijeme.hr\/magazin\/wp-json\/wp\/v2\/media?parent=84013"}],"wp:term":[{"taxonomy":"category","embeddable":true,"href":"https:\/\/www.mojevrijeme.hr\/magazin\/wp-json\/wp\/v2\/categories?post=84013"},{"taxonomy":"post_tag","embeddable":true,"href":"https:\/\/www.mojevrijeme.hr\/magazin\/wp-json\/wp\/v2\/tags?post=84013"}],"curies":[{"name":"wp","href":"https:\/\/api.w.org\/{rel}","templated":true}]}}