{"id":84025,"date":"2023-09-03T18:48:57","date_gmt":"2023-09-03T16:48:57","guid":{"rendered":"https:\/\/www.mojevrijeme.hr\/magazin\/?p=84025"},"modified":"2023-09-03T18:49:55","modified_gmt":"2023-09-03T16:49:55","slug":"umirovljenica-marija-nismo-mogli-imati-djecu-svi-su-nas-zalili","status":"publish","type":"post","link":"https:\/\/www.mojevrijeme.hr\/magazin\/2023\/09\/umirovljenica-marija-nismo-mogli-imati-djecu-svi-su-nas-zalili\/","title":{"rendered":"Umirovljenica Marija: &#8216;Nismo mogli imati djecu, svi su nas \u017ealili&#8217;"},"content":{"rendered":"\n<p>Na po\u010detku njihovog braka, povjerava nam gospo\u0111a Marija, suprug i ona dru\u017eili su se s parovima koji imaju djecu. &#8220;Nije nam bio nikakav problem slu\u0161ati dje\u010dju ciku i galamu. Slu\u0161ali smo i sve one roditeljske hvalospjeve o nadarenoj, pametnoj i divnoj djeci. Svi su mi govorili: Vidjet \u0107e\u0161, kad \u0107e\u0161 dobiti svoje dijete, to \u0107e ti biti najsretniji dan u \u017eivotu. Rodit \u0107e\u0161 sebi prijateljicu ili prijatelja i \u017eivot \u0107e ti se promijeniti&#8221;, zapo\u010dinje svoju ispovijest \u010ditateljica Marija.<\/p>\n\n\n\n<p>Suprug i ona \u017eivjeli su, ka\u017ee, &#8220;po svom&#8221; \u2013 putovali su po svijetu, dru\u017eili se s puno ljudi, ulagali vrijeme i novac u svoje karijere. &#8220;Tek negdje oko moje trideset i pete godine \u017eivota, shvatili smo da ne\u0107u lako zatrudnjeti. Javili smo se lije\u010dniku \u017eele\u0107i prona\u0107i uzrok. Pokazalo se da imam premalu zalihu jajnih stanica te smo se odlu\u010dili na dvije vantjelesne oplodnje. One su bile neuspje\u0161ne i samo su mi poremetile hormonalnu ravnote\u017eu&#8221;, opisuje.<\/p>\n\n\n\n<h3 class=\"wp-block-heading\">Osjetila se neuspje\u0161nom<\/h3>\n\n\n\n<p>Stradalo joj je, povjerava nam, i psihi\u010dko zdravlje, uslijed svega se i naglo udebljala. &#8220;Tada sam se prvi put u \u017eivotu osjetila neuspje\u0161nom. Manji problem bila sam si ja sama, najve\u0107i mi je problem bila okolina. Koliko god sam se trudila ostati stabilnom posje\u0107uju\u0107i psihoterapeuta, \u010ditanjem, odmaranjem, raznim oblicima relaksacije i skretanjem misli na ne\u0161to lijepo, ljudi oko mene bi me \u2013 pa \u010dak i moji roditelji &#8211; gledali sa sa\u017ealjenjem i govorili: Bit&#8217; \u0107e djece ako Bog da. Nikoga nije zanimalo kako sam ja, kako \u0107u iza\u0107i iz tog za\u010daranog kruga lo\u0161eg psihi\u010dkog i fizi\u010dkog zdravlja&#8221;, povjerila nam se.<\/p><div id=\"mojev-2255460101\" class=\"mojev-u-tekstu mojev-entity-placement\" style=\"margin-left: auto;margin-right: auto;text-align: center;\"><div class=\"mojev-adlabel\">oglas<\/div><div style=\"height: 250px;\"><script async src=\"https:\/\/pagead2.googlesyndication.com\/pagead\/js\/adsbygoogle.js?client=ca-pub-8106111766207173\"\r\n     crossorigin=\"anonymous\"><\/script>\r\n<!-- Prikazni 1 u tekstu -->\r\n<ins class=\"adsbygoogle\"\r\n     style=\"display:block\"\r\n     data-ad-client=\"ca-pub-8106111766207173\"\r\n     data-ad-slot=\"8535551207\"\r\n     data-ad-format=\"auto\"\r\n     data-full-width-responsive=\"true\"><\/ins>\r\n<script>\r\n     (adsbygoogle = window.adsbygoogle || []).push({});\r\n<\/script><\/div><\/div><br style=\"clear: both; display: block; float: none;\"\/>\n\n\n\n<p>Pomalo su se, doznajemo, svi prijatelji koji imaju djecu udaljili od njih \u2013 prestali su ih zvati na dru\u017eenja, iako su prije bili rado vi\u0111eni gosti na dje\u010djim ro\u0111endanima.<\/p>\n\n\n\n<h3 class=\"wp-block-heading\">Izgubili sve prijatelje<\/h3>\n\n\n\n<p>&#8220;Mo\u017eda su osje\u0107ali kao da nama smeta biti me\u0111u djecom, ili su mislili da nemamo zajedni\u010dkih tema. Mi smo ih svakim svojim potezom poku\u0161avali razuvjeriti jer smo i njih i njihovu djecu pozivali kod nas i dru\u017eili se sa njima kao i ranije, iako uvijek na na\u0161e insistiranje. Na kraju smo ipak izgubili skoro sve prijatelje koji imaju djecu u dvadesetima \u2013 toliko bi danas imala na\u0161a djeca da sam tada uspjela ostati trudna&#8221;, povjerila nam je gospo\u0111a Marija.<\/p>\n\n\n\n<p>S njima se, otkriva, sada dru\u017ee ljudi \u010dija su djeca ve\u0107 odrasla i samostalna, i koji nemaju potrebu pri\u010dati samo o njima. &#8220;Zbog toga se i dalje osje\u0107am manje vrijednom i ljutom jer ako je prijateljstvo pravo i ako nekoga volite i po\u0161tujete, onda \u0107ete ga voljeti i s djecom i bez djece. &nbsp;Uvijek se mogu na\u0107i teme za razgovor, a da to nisu djeca ili posao. Ako se to \u017eeli, naravno&#8221;, napominje.<\/p>\n\n\n\n<p>Na kraju je istaknula da ljubav dobivaju od ne\u0107aka s kojima se dru\u017ee i putuju, a imaju i voljene pse uz koje im nikada nije dosadno.<\/p>\n\n\n\n<div id=\"crveno\"><\/p>\n\n\n\n<h3 class=\"wp-block-heading\">Zanima nas va\u0161a pri\u010da<\/h3>\n\n\n\n<p>\u017delite li i vi, posve anonimno, podijeliti svoje iskustvo i vi\u0111enje ove teme s nama i na\u0161im \u010ditateljima, mo\u017eete to u\u010diniti putem web obrasca <a rel=\"noreferrer noopener\" href=\"https:\/\/www.mojevrijeme.hr\/magazin\/povjerljivo\/\" target=\"_blank\">Povjerljivo<\/a>. Napi\u0161ite svoju pri\u010du!<\/p>\n\n\n\n<p><\/div>\n<div id=\"mojev-2384993414\" class=\"mojev-kraj-teksta mojev-entity-placement\" style=\"margin-bottom: 20px;margin-left: auto;margin-right: auto;text-align: center;\"><div class=\"mojev-adlabel\">oglas<\/div><div style=\"height: 250px;\"><script async src=\"https:\/\/pagead2.googlesyndication.com\/pagead\/js\/adsbygoogle.js?client=ca-pub-8106111766207173\"\r\n     crossorigin=\"anonymous\"><\/script>\r\n<!-- Display-1 -->\r\n<ins class=\"adsbygoogle\"\r\n     style=\"display:block\"\r\n     data-ad-client=\"ca-pub-8106111766207173\"\r\n     data-ad-slot=\"1465712950\"\r\n     data-ad-format=\"auto\"\r\n     data-full-width-responsive=\"true\"><\/ins>\r\n<script>\r\n     (adsbygoogle = window.adsbygoogle || []).push({});\r\n<\/script><\/div><\/div>","protected":false},"excerpt":{"rendered":"<p>&#8216;Za\u0161to me ljudi smatraju manje vrijednom ako nemam djece?&#8217;, pita se na\u0161a \u010ditateljica Marija koju ta misao proganja ve\u0107 gotovo dva desetlje\u0107a. Suprug i ona nisu mogli ostvariti \u017eelju za roditeljstvom, a prijatelji koji su imali malu djecu, polako su im okretali le\u0111a. Dugo je zbog svega toga, otkriva, radila na sebi ne bi li vratila psihi\u010dko i fizi\u010dko zdravlje.<\/p>\n","protected":false},"author":17,"featured_media":84573,"comment_status":"closed","ping_status":"closed","sticky":false,"template":"","format":"standard","meta":{"footnotes":""},"categories":[3552],"tags":[3690,304,2765,3282],"class_list":["post-84025","post","type-post","status-publish","format-standard","has-post-thumbnail","hentry","category-povjerljivo","tag-bez-djece","tag-brak","tag-neplodnost","tag-prijatelji"],"_links":{"self":[{"href":"https:\/\/www.mojevrijeme.hr\/magazin\/wp-json\/wp\/v2\/posts\/84025","targetHints":{"allow":["GET"]}}],"collection":[{"href":"https:\/\/www.mojevrijeme.hr\/magazin\/wp-json\/wp\/v2\/posts"}],"about":[{"href":"https:\/\/www.mojevrijeme.hr\/magazin\/wp-json\/wp\/v2\/types\/post"}],"author":[{"embeddable":true,"href":"https:\/\/www.mojevrijeme.hr\/magazin\/wp-json\/wp\/v2\/users\/17"}],"replies":[{"embeddable":true,"href":"https:\/\/www.mojevrijeme.hr\/magazin\/wp-json\/wp\/v2\/comments?post=84025"}],"version-history":[{"count":0,"href":"https:\/\/www.mojevrijeme.hr\/magazin\/wp-json\/wp\/v2\/posts\/84025\/revisions"}],"wp:featuredmedia":[{"embeddable":true,"href":"https:\/\/www.mojevrijeme.hr\/magazin\/wp-json\/wp\/v2\/media\/84573"}],"wp:attachment":[{"href":"https:\/\/www.mojevrijeme.hr\/magazin\/wp-json\/wp\/v2\/media?parent=84025"}],"wp:term":[{"taxonomy":"category","embeddable":true,"href":"https:\/\/www.mojevrijeme.hr\/magazin\/wp-json\/wp\/v2\/categories?post=84025"},{"taxonomy":"post_tag","embeddable":true,"href":"https:\/\/www.mojevrijeme.hr\/magazin\/wp-json\/wp\/v2\/tags?post=84025"}],"curies":[{"name":"wp","href":"https:\/\/api.w.org\/{rel}","templated":true}]}}