{"id":84095,"date":"2023-09-02T18:59:28","date_gmt":"2023-09-02T16:59:28","guid":{"rendered":"https:\/\/www.mojevrijeme.hr\/magazin\/?p=84095"},"modified":"2023-09-02T20:17:28","modified_gmt":"2023-09-02T18:17:28","slug":"sandra-56-bjezim-iz-braka-skovala-sam-plan-ne-mogu-vise","status":"publish","type":"post","link":"https:\/\/www.mojevrijeme.hr\/magazin\/2023\/09\/sandra-56-bjezim-iz-braka-skovala-sam-plan-ne-mogu-vise\/","title":{"rendered":"Sandra (56): &#8216;Bje\u017eim iz braka, skovala sam plan, ne mogu vi\u0161e&#8217;"},"content":{"rendered":"\n<p>Oboje supru\u017enika, doznajemo, imaju djecu iz kratkih prethodnih brakova \u2013 ona ima 37-godi\u0161nju k\u0107er, on 41-godi\u0161njeg sina s kojim nije u dobrim odnosima. &#8220;Kad smo se vjen\u010dali, iako smo jo\u0161 bili mladi, odlu\u010dili smo da ne\u0107emo imati zajedni\u010dku djecu. Moja k\u0107i \u017eivjela je jo\u0161 neko vrijeme s nama, a kad smo zbog posla odlu\u010dili preseliti u Zagreb, ona je ve\u0107 bila punoljetna pa je odlu\u010dila ostati s mojim roditeljima u manjem gradu. I danas \u017eivi tamo, ali s de\u010dkom, i ve\u0107 mi je rekla da su odlu\u010dili da ne\u0107e imati djecu&#8221;, govori nam.<\/p>\n\n\n\n<p>Ima, ka\u017ee, toliko svojih problema, da je jedva stigla osvijestiti \u010dinjenicu da nikada ne\u0107e biti baka. &#8220;Iskreno, nemam problem s tim, to je svjesna odluka moje k\u0107eri i po\u0161tujem ju&#8221;, rekla je kad smo se dotakle te teme.<\/p>\n\n\n\n<h3 class=\"wp-block-heading\">Bra\u010dni problemi<\/h3>\n\n\n\n<p>Uzdahnula je potom, i rekla: &#8220;Na izmaku sam snaga. Iz dana u dan energiju gubim na rasprave s mu\u017eem. Svaki dan ispo\u010detka tuma\u010dim \u0161to me smeta, on odgovara pasivnom agresijom, i nikako ne mo\u017eemo na\u0107i zajedni\u010dki jezik. Ja \u010dak mislim da on zna \u0161to ja \u017eelim, ali mu se ne da mijenjati, jer bi morao promijeniti svoj komfor, svoju rutinu, na\u010din na koji vidi svoj dnevni odmor. Trebalo bi se malo pomu\u010diti, a to mu se ne\u0107e&#8221;, rekla je Sandra.<\/p><div id=\"mojev-3583353920\" class=\"mojev-u-tekstu mojev-entity-placement\" style=\"margin-left: auto;margin-right: auto;text-align: center;\"><div class=\"mojev-adlabel\">oglas<\/div><div style=\"height: 250px;\"><script async src=\"https:\/\/pagead2.googlesyndication.com\/pagead\/js\/adsbygoogle.js?client=ca-pub-8106111766207173\"\r\n     crossorigin=\"anonymous\"><\/script>\r\n<!-- Prikazni 1 u tekstu -->\r\n<ins class=\"adsbygoogle\"\r\n     style=\"display:block\"\r\n     data-ad-client=\"ca-pub-8106111766207173\"\r\n     data-ad-slot=\"8535551207\"\r\n     data-ad-format=\"auto\"\r\n     data-full-width-responsive=\"true\"><\/ins>\r\n<script>\r\n     (adsbygoogle = window.adsbygoogle || []).push({});\r\n<\/script><\/div><\/div><br style=\"clear: both; display: block; float: none;\"\/>\n\n\n\n<p>On se, ka\u017ee nam, od po\u010detka braka pona\u0161a kao da je \u017eena du\u017ena sve raditi u ku\u0107i. &#8220;Uhvatim na dane kako kuham, paralelno vje\u0161am oprano rublje, sla\u017eem \u0161to je suho, mijenjam cvije\u0107u vodu, metem kuhinju. Vi\u010dem da iznese sme\u0107e, a on ka\u017ee da je blizu novom rekordu u \u0161ahu. Poludim trenutno, i tako iz dana u dan, godinama. Potro\u0161ila sam snagu, a sve se kod mene poja\u010dalo kad sam u\u0161la u menopauzu&#8221;, pri\u010da nam.<\/p>\n\n\n\n<h3 class=\"wp-block-heading\">Sav jad osvijestila u menopauzi<\/h3>\n\n\n\n<p>Kad je pre\u0161la pedesetu, krenuli su valunzi, nesanica, lo\u0161e raspolo\u017eenje. &#8220;To je bio zapravo po\u010detak na\u0161eg kraja. U toj prvoj godini, kad su krenuli te\u017ei simptomi, uvidjela sam sav svoj jad. Gubila sam energiju od hormonalnih promjena, a sve vi\u0161e i na na\u0161e rasprave. Kao da sam odjednom progledala i shvatila koliko sama dr\u017eim sve konce u ku\u0107i, na poslu, kad dolaze prijatelji, kad se ide na put. Po\u010delo me na najja\u010de nervirati <em>multitaskanje <\/em>dok on igra \u0161ah, igrice, gleda TV, pri\u010da u prazno na mobitel&#8221;, obja\u0161njava nam \u0161to ju je dovelo pred razvod.<\/p>\n\n\n\n<p>Potom je istaknula neke situacije: &#8220;Dolaze nam gosti, mene oblijeva znoj, pripremam predjelo, pe\u010dem kola\u010d, vi\u010dem mu da samo obri\u0161e \u010da\u0161e. Toliko je puta rekao da ho\u0107e, pa nije. I ne samo za \u010da\u0161e. Zaboravi i kad zamolim slo\u017eiti \u010disto rublje, odnijeti ne\u0161to u pranje, usisati. Osjetim se silno prevareno, jer onda ja to napravim, ali ljuta. Pojede me to. I znate \u0161to mi ka\u017ee na kraju? Pita me je li mi to ba\u0161 tako te\u0161ko. Uzrujavam se svaki dan&#8221;, govori nam.<\/p>\n\n\n\n<h3 class=\"wp-block-heading\">Ne mo\u017ee ga o\u010dima vidjeti<\/h3>\n\n\n\n<p>Najgore joj je, ka\u017ee, to \u0161to ga vi\u0161e &#8220;ne mo\u017ee \u017eivog vidjeti&#8221;. Sretna je samo kad on nije kod ku\u0107e. &#8220;\u010cim u\u0111e, meni je zlo. Ja znam cijeli scenarij. Do\u0111e iza 18, nekad dosta kasnije. Baca cipele, a onda se baca na kau\u010d. Prepri\u010dava ne\u0161to svoje s posla, odmah po\u010dinje mijenjati i TV programe. Prije sam kuhala i forsirala zajedni\u010dke ve\u010dere, sada sam odustala jer mu je svejedno. Kad mu se prohtije, ide si pe\u0107i jaja, ili jede kruh i sir. On dalje od toga ne ide, niti ga zanima&#8221;, ka\u017ee nam.<\/p>\n\n\n\n<h3 class=\"wp-block-heading\">Vikendi ni\u0161ta bolji<\/h3>\n\n\n\n<p>Prije spavanja se tu\u0161ira, a onda s laptopom odlazi u krevet. &#8220;To je na\u0161 \u017eivot. Ni vikendi nisu bolji. Ja od ujutro ispitujem \u0161to \u0107emo kuhati, on ka\u017ee da mu je svejedno. Pitam ho\u0107emo li negdje i\u0107i, opet mu je svejedno. Njemu je dobro dogovorimo li ne\u0161to ili ostaje na kau\u010du. Jednostavno mu se ne da malo trgnuti, unijeti malo \u017eivosti, smisla u na\u0161 \u017eivot i brak. Ja sam izgubila snagu i volju. Vi\u010dem bespomo\u0107no, a nema reakcije&#8221;, govori nam Sandra.<\/p>\n\n\n\n<p>Brak je, ka\u017ee, \u0161to se nje ti\u010de mrtav. Nema ugodnih razgovora, \u0161etnji, ve\u010dera. &#8220;Izgubila sam smisao i kao \u017eena, kao supruga. Postala sam negativna, duboko nesretna. Te\u0161ko mi je oti\u0107i iz braka, on mi govori da ne mo\u017ee \u017eivjeti bez mene, ali i da se ne\u0107e promijeniti jer je njemu na\u0161 brak dobar. To \u0161to ja vi\u010dem da sudjeluje u odr\u017eavanju ku\u0107anstva i da poradi na kvaliteti na\u0161eg zajedni\u010dkog vremena, na to on ka\u017ee da imam psihi\u010dkih problema&#8221;, iskreno nam se povjerila.<\/p>\n\n\n\n<p>Sada je, ka\u017ee, tu gdje je i gaji jo\u0161 malo nade za sre\u0107u kad ode. &#8220;Ja znam da se u ovim godinama rijetko napu\u0161ta supru\u017enik, ali znam i da ipak nisam jedina. Bilo me strah neizvjesnosti i budu\u0107nosti, ali sam si kroz godine nezadovoljstva &nbsp;predo\u010dila sliku sebe kao same i sretne, pa se vi\u0161e toliko ne bojim. Rekla sam mu da \u0107emo se rastati na nekoliko mjeseci, i ako uvidimo da nam je tako bolje i da nema smisla vratiti se konstantnim sva\u0111ama, rastava je idu\u0107i potez. Ja sam jo\u0161 na godi\u0161njem odmoru, kad se vratim \u010deka nas zadnji razgovor&#8221;, rekla je na\u0161a iskrena sugovornica Sandra.<\/p>\n\n\n\n<h3 class=\"wp-block-heading\">O svemu je promislila<\/h3>\n\n\n\n<p>&#8220;Prijateljica mi je ponudila dio ku\u0107e u predgra\u0111u, \u017eivi sama pa bi i ona voljela dru\u0161tvo. Ili \u0107u joj nakon mjesec dana po\u010deti pla\u0107ati, ili \u0107u iznajmiti garsonijeru bli\u017ee centru. Radim, pla\u0107a mi je prosje\u010dna, spremna sam na potpuno samostalan \u017eivot. Iako imam udio u vlasni\u0161tvu stana koji dijelim s mu\u017eem, idem, jer mi ne dopu\u0161ta niti jednu drugu opciju. Napravit \u0107u sve za svoj du\u0161evni mir&#8221;, zaklju\u010dila je svoju ispovijest.<\/p>\n\n\n\n<div id=\"crveno\"><\/p>\n\n\n\n<h3 class=\"wp-block-heading\">Zanima nas va\u0161a pri\u010da<\/h3>\n\n\n\n<p>\u017delite li i vi, posve anonimno, podijeliti svoje iskustvo i vi\u0111enje ove teme s nama i na\u0161im \u010ditateljima, mo\u017eete to u\u010diniti putem web obrasca <a rel=\"noreferrer noopener\" href=\"https:\/\/www.mojevrijeme.hr\/magazin\/povjerljivo\/\" target=\"_blank\">Povjerljivo<\/a>. Napi\u0161ite svoju pri\u010du!<\/p>\n\n\n\n<p><\/div>\n<div id=\"mojev-931961555\" class=\"mojev-kraj-teksta mojev-entity-placement\" style=\"margin-bottom: 20px;margin-left: auto;margin-right: auto;text-align: center;\"><div class=\"mojev-adlabel\">oglas<\/div><div style=\"height: 250px;\"><script async src=\"https:\/\/pagead2.googlesyndication.com\/pagead\/js\/adsbygoogle.js?client=ca-pub-8106111766207173\"\r\n     crossorigin=\"anonymous\"><\/script>\r\n<!-- Display-1 -->\r\n<ins class=\"adsbygoogle\"\r\n     style=\"display:block\"\r\n     data-ad-client=\"ca-pub-8106111766207173\"\r\n     data-ad-slot=\"1465712950\"\r\n     data-ad-format=\"auto\"\r\n     data-full-width-responsive=\"true\"><\/ins>\r\n<script>\r\n     (adsbygoogle = window.adsbygoogle || []).push({});\r\n<\/script><\/div><\/div>","protected":false},"excerpt":{"rendered":"<p>Nakon 28 godina braka, Sandra (56) i njezin suprug Robert (60) su na rubu razvoda. I dok on ne uvi\u0111a problem, na\u0161a sugovornica Sandra nam povjerava da je emocionalno potpuno iza\u0161la iz veze koja po\u010diva na klimavijim nogama. &#8216;Jo\u0161 samo vi\u010demo jedno na drugo, to je sve \u0161to je ostalo od nas. Pripremila sam pomno svoj izlaz iz ovog braka, ne mogu vi\u0161e&#8217;, rekla nam je.<\/p>\n","protected":false},"author":17,"featured_media":84506,"comment_status":"closed","ping_status":"closed","sticky":false,"template":"","format":"standard","meta":{"footnotes":""},"categories":[3552],"tags":[304,2709],"class_list":["post-84095","post","type-post","status-publish","format-standard","has-post-thumbnail","hentry","category-povjerljivo","tag-brak","tag-sijedi-razvod"],"_links":{"self":[{"href":"https:\/\/www.mojevrijeme.hr\/magazin\/wp-json\/wp\/v2\/posts\/84095","targetHints":{"allow":["GET"]}}],"collection":[{"href":"https:\/\/www.mojevrijeme.hr\/magazin\/wp-json\/wp\/v2\/posts"}],"about":[{"href":"https:\/\/www.mojevrijeme.hr\/magazin\/wp-json\/wp\/v2\/types\/post"}],"author":[{"embeddable":true,"href":"https:\/\/www.mojevrijeme.hr\/magazin\/wp-json\/wp\/v2\/users\/17"}],"replies":[{"embeddable":true,"href":"https:\/\/www.mojevrijeme.hr\/magazin\/wp-json\/wp\/v2\/comments?post=84095"}],"version-history":[{"count":0,"href":"https:\/\/www.mojevrijeme.hr\/magazin\/wp-json\/wp\/v2\/posts\/84095\/revisions"}],"wp:featuredmedia":[{"embeddable":true,"href":"https:\/\/www.mojevrijeme.hr\/magazin\/wp-json\/wp\/v2\/media\/84506"}],"wp:attachment":[{"href":"https:\/\/www.mojevrijeme.hr\/magazin\/wp-json\/wp\/v2\/media?parent=84095"}],"wp:term":[{"taxonomy":"category","embeddable":true,"href":"https:\/\/www.mojevrijeme.hr\/magazin\/wp-json\/wp\/v2\/categories?post=84095"},{"taxonomy":"post_tag","embeddable":true,"href":"https:\/\/www.mojevrijeme.hr\/magazin\/wp-json\/wp\/v2\/tags?post=84095"}],"curies":[{"name":"wp","href":"https:\/\/api.w.org\/{rel}","templated":true}]}}