{"id":84109,"date":"2023-08-29T16:52:30","date_gmt":"2023-08-29T14:52:30","guid":{"rendered":"https:\/\/www.mojevrijeme.hr\/magazin\/?p=84109"},"modified":"2023-08-29T16:54:51","modified_gmt":"2023-08-29T14:54:51","slug":"mrsic-plenkovic-umirovljenicima-nije-dao-nista-uskladio-je-mirovine-po-zakonu","status":"publish","type":"post","link":"https:\/\/www.mojevrijeme.hr\/magazin\/2023\/08\/mrsic-plenkovic-umirovljenicima-nije-dao-nista-uskladio-je-mirovine-po-zakonu\/","title":{"rendered":"Mrsi\u0107: Plenkovi\u0107 umirovljenicima nije dao ni\u0161ta, uskladio je mirovine po zakonu"},"content":{"rendered":"\n<p>Redovno uskla\u0111ivanje mirovina najve\u0107e je od samostalnosti, ne\u0161to vi\u0161e od 8 posto, u programu <a href=\"https:\/\/n1info.hr\/vijesti\/mrsic-nadam-da-ce-se-ega-na-ljevici-smanjiti-i-da-ce-zajedno-izaci-na-izbore\/\" target=\"_blank\" rel=\"noreferrer noopener\">N1<\/a> televizije komentirao je nekada\u0161nji ministar mirovinskog sustava <strong>Mirando Mrsi\u0107<\/strong> (SDP). <\/p>\n\n\n\n<p>&#8220;Andrej Plenkovi\u0107 je zaboravio re\u0107i da se mirovine uskla\u0111uju po formuli rast pla\u0107a plus rast cijena i to je ono \u0161to je dovelo do ovako velikog pove\u0107anja. Pla\u0107e su oti\u0161le gore, inflacija je velika i to je razlog za\u0161to je ovo pove\u0107anje veliko. Plenkovi\u0107 nije ni\u0161ta dao nikome, samo je po formuli uskladio mirovine&#8221;, govori Mrsi\u0107 o uskla\u0111ivanju.<\/p>\n\n\n\n<p>Mrsi\u0107 smatra da je vlada trebala napraviti drugi iskorak. Isti\u010de da je kategorija umirovljenika sa sramotno niskim mirovinama trebala dobiti odre\u0111ene dodatke koji bi omogu\u0107ili dostojanstven \u017eivot. &#8220;Ima vi\u0161e na\u010dina na koji se mo\u017ee pomo\u0107i umirovljenicima. Ovo \u0161to se sada radi s mirovinskim sustavom nije dobro. Nisu zadovoljni ni umirovljenici, ni budu\u0107i umirovljenici. Nije&nbsp;<strong>Andrej Plenkovi\u0107<\/strong>&nbsp;dao ni\u0161ta, ve\u0107 je uskladio mirovine po zakonu&#8221;, rekao je.<\/p><div id=\"mojev-1258754144\" class=\"mojev-u-tekstu mojev-entity-placement\" style=\"margin-left: auto;margin-right: auto;text-align: center;\"><div class=\"mojev-adlabel\">oglas<\/div><div style=\"height: 250px;\"><script async src=\"https:\/\/pagead2.googlesyndication.com\/pagead\/js\/adsbygoogle.js?client=ca-pub-8106111766207173\"\r\n     crossorigin=\"anonymous\"><\/script>\r\n<!-- Prikazni 1 u tekstu -->\r\n<ins class=\"adsbygoogle\"\r\n     style=\"display:block\"\r\n     data-ad-client=\"ca-pub-8106111766207173\"\r\n     data-ad-slot=\"8535551207\"\r\n     data-ad-format=\"auto\"\r\n     data-full-width-responsive=\"true\"><\/ins>\r\n<script>\r\n     (adsbygoogle = window.adsbygoogle || []).push({});\r\n<\/script><\/div><\/div><br style=\"clear: both; display: block; float: none;\"\/>\n\n\n\n<p>Podsjetimo, Vlada RH \u0107e od idu\u0107e <a href=\"https:\/\/www.mojevrijeme.hr\/magazin\/2023\/05\/evo-komu-i-kako-vlada-smanjuje-doprinose-za-mirovinsko\/\" target=\"_blank\" rel=\"noreferrer noopener\">preuzeti pla\u0107anje dijela mirovinskih doprinosa<\/a> za dio radnika s manjim pla\u0107ama kako bi u kona\u010dnici isti dobili ne\u0161to ve\u0107i neto iznos pla\u0107e. &#8220;Vlada je dirnula u mirovinski sustav. Deficit koji imamo u mirovinskom sustavu \u0107e biti jo\u0161 ve\u0107i nego \u0161to je bio proteklih godina. To je sada Plenkovi\u0107u jednostavno jer se prora\u010dun puni dobro, ali do\u0107i \u0107e i trenuci da situacija ne\u0107e biti takva i moje osobno pitanje je ho\u0107e li tada biti mogu\u0107e isplatiti mirovine, s obzirom da \u0107e prihod u mirovinski sustav biti bitno manji. To je veliki problem koji nas \u010deka u budu\u0107nosti, ali to o\u010dito premijera i ministra ne brine&#8221;, komentirao je Mrsi\u0107.<\/p>\n\n\n\n<p><\/p>\n<div id=\"mojev-2055195969\" class=\"mojev-kraj-teksta mojev-entity-placement\" style=\"margin-bottom: 20px;margin-left: auto;margin-right: auto;text-align: center;\"><div class=\"mojev-adlabel\">oglas<\/div><div style=\"height: 250px;\"><script async src=\"https:\/\/pagead2.googlesyndication.com\/pagead\/js\/adsbygoogle.js?client=ca-pub-8106111766207173\"\r\n     crossorigin=\"anonymous\"><\/script>\r\n<!-- Display-1 -->\r\n<ins class=\"adsbygoogle\"\r\n     style=\"display:block\"\r\n     data-ad-client=\"ca-pub-8106111766207173\"\r\n     data-ad-slot=\"1465712950\"\r\n     data-ad-format=\"auto\"\r\n     data-full-width-responsive=\"true\"><\/ins>\r\n<script>\r\n     (adsbygoogle = window.adsbygoogle || []).push({});\r\n<\/script><\/div><\/div>","protected":false},"excerpt":{"rendered":"<p>Posljednjih dana opozicijski politi\u010dari upozoravaju da je uskla\u0111ivanje mirovina posljedica rasta pla\u0107a i inflacije te da premijer Andrej Plenkovi\u0107 (HDZ) ne mo\u017ee preuzeti zasluge za taj nominalni rast. <\/p>\n","protected":false},"author":1,"featured_media":30115,"comment_status":"closed","ping_status":"closed","sticky":false,"template":"","format":"standard","meta":{"footnotes":""},"categories":[9],"tags":[888,623,971],"class_list":["post-84109","post","type-post","status-publish","format-standard","has-post-thumbnail","hentry","category-vijesti","tag-andrej-plenkovic","tag-mirando-mrsic","tag-uskladivanje-mirovina"],"_links":{"self":[{"href":"https:\/\/www.mojevrijeme.hr\/magazin\/wp-json\/wp\/v2\/posts\/84109","targetHints":{"allow":["GET"]}}],"collection":[{"href":"https:\/\/www.mojevrijeme.hr\/magazin\/wp-json\/wp\/v2\/posts"}],"about":[{"href":"https:\/\/www.mojevrijeme.hr\/magazin\/wp-json\/wp\/v2\/types\/post"}],"author":[{"embeddable":true,"href":"https:\/\/www.mojevrijeme.hr\/magazin\/wp-json\/wp\/v2\/users\/1"}],"replies":[{"embeddable":true,"href":"https:\/\/www.mojevrijeme.hr\/magazin\/wp-json\/wp\/v2\/comments?post=84109"}],"version-history":[{"count":0,"href":"https:\/\/www.mojevrijeme.hr\/magazin\/wp-json\/wp\/v2\/posts\/84109\/revisions"}],"wp:featuredmedia":[{"embeddable":true,"href":"https:\/\/www.mojevrijeme.hr\/magazin\/wp-json\/wp\/v2\/media\/30115"}],"wp:attachment":[{"href":"https:\/\/www.mojevrijeme.hr\/magazin\/wp-json\/wp\/v2\/media?parent=84109"}],"wp:term":[{"taxonomy":"category","embeddable":true,"href":"https:\/\/www.mojevrijeme.hr\/magazin\/wp-json\/wp\/v2\/categories?post=84109"},{"taxonomy":"post_tag","embeddable":true,"href":"https:\/\/www.mojevrijeme.hr\/magazin\/wp-json\/wp\/v2\/tags?post=84109"}],"curies":[{"name":"wp","href":"https:\/\/api.w.org\/{rel}","templated":true}]}}