{"id":84166,"date":"2023-08-31T18:08:37","date_gmt":"2023-08-31T16:08:37","guid":{"rendered":"https:\/\/www.mojevrijeme.hr\/magazin\/?p=84166"},"modified":"2023-08-31T18:09:49","modified_gmt":"2023-08-31T16:09:49","slug":"nema-vise-bracne-intime-patim-i-ne-znam-sto-cu-s-njom-i-sa-sobom","status":"publish","type":"post","link":"https:\/\/www.mojevrijeme.hr\/magazin\/2023\/08\/nema-vise-bracne-intime-patim-i-ne-znam-sto-cu-s-njom-i-sa-sobom\/","title":{"rendered":"&#8216;Nema vi\u0161e bra\u010dne intime, patim i ne znam \u0161to \u0107u s njom i sa sobom&#8217;"},"content":{"rendered":"\n<p>&#8220;Supruga i ja smo u svojim 50-ima i zdravi smo, iako ona pati od anksioznosti. Nekad nam je intimni \u017eivot bio izvrstan, ali od ro\u0111enja na\u0161e k\u0107eri, koja je sada tinejd\u017eerica, postupno se smanjivao. Zadnje tri godine niti jednom nismo vodili ljubav. Jo\u0161 uvijek imam  apetit, ali \u017eena mi ka\u017ee da je izgubila svaki interes za vo\u0111enje ljubavi.&#8221;<\/p>\n\n\n\n<p>Nagovarao je suprugu u vi\u0161e navrata, povjerio se, da potra\u017ei stru\u010dnu pomo\u0107. &#8220;Nekoliko je puta obe\u0107ala da \u0107e potra\u017eiti pomo\u0107 terapeuta, ali nikada se nije ni naru\u010dila. \u010cini se da nije ni najmanje motivirana za to. Imam dojam da joj je \u010dak vrlo neugodno i samo razgovarati o intimnim odnosima, do te mjere da sam postao oprezan i vi\u0161e to gotovo i ne spominjem&#8221;, objasnio je nesretni suprug.&nbsp;<\/p>\n\n\n\n<p>\u010cini se, isti\u010de nadalje, da njegovoj supruzi brak bez intimnih odnosa sasvim odgovara. &#8220;Njoj je ovako dobro, veliki smo prijatelji i u\u017eivamo u dru\u0161tvu jedno drugoga. Me\u0111utim, ja se ipak osje\u0107am frustrirano \u0161to ne mo\u017eemo raspravljati o tome \u0161to se dogodilo s na\u0161im intimnim \u017eivotom. Zapravo sam duboko u sebi ba\u0161 ogor\u010den \u0161to je ono ne\u0161to lijepo \u0161to je prije bilo klju\u010dni dio na\u0161e veze, sasvim nestalo. Ne znam \u0161to \u0107u po tom pitanju s njom i sa sobom&#8221;, obja\u0161njava nadalje.<\/p><div id=\"mojev-1372477834\" class=\"mojev-u-tekstu mojev-entity-placement\" style=\"margin-left: auto;margin-right: auto;text-align: center;\"><div class=\"mojev-adlabel\">oglas<\/div><div style=\"height: 250px;\"><script async src=\"https:\/\/pagead2.googlesyndication.com\/pagead\/js\/adsbygoogle.js?client=ca-pub-8106111766207173\"\r\n     crossorigin=\"anonymous\"><\/script>\r\n<!-- Prikazni 1 u tekstu -->\r\n<ins class=\"adsbygoogle\"\r\n     style=\"display:block\"\r\n     data-ad-client=\"ca-pub-8106111766207173\"\r\n     data-ad-slot=\"8535551207\"\r\n     data-ad-format=\"auto\"\r\n     data-full-width-responsive=\"true\"><\/ins>\r\n<script>\r\n     (adsbygoogle = window.adsbygoogle || []).push({});\r\n<\/script><\/div><\/div><br style=\"clear: both; display: block; float: none;\"\/>\n\n\n\n<p>Potom je bra\u010dnu psihoterapeutkinju <strong>Pamelu Stephenson Connolly<\/strong>, koja se specijalizirala za lije\u010denje seksualnih poreme\u0107aja, pitao: \u201d&#8221;rebam li jednostavno prihvatiti da vi\u0161e ne\u0107emo imati spolne odnose ili trebam ustrajati u nagovaranju supruge da potra\u017ei lije\u010denje?&#8221;<\/p>\n\n\n\n<h3 class=\"wp-block-heading\">Odgovori je kratak i jasan: Inzistirajte nje\u017eno<\/h3>\n\n\n\n<p>Evo kako mu je &nbsp;psihoterapeutkinja odgovorila: &#8220;Ustrajte. To\u010dan razlog smanjenog libida va\u0161e \u017eene nije poznat, a postoje odre\u0111eni \u010dimbenici koje biste trebali razumjeti za va\u0161e dobro. Anksioznost svakako mo\u017ee biti faktor koji doprinosi problemu, kao \u0161to mogu biti depresija, stres, hormonska neravnote\u017ea, problemi sa vi\u0111enjem vlastitog tijela, neki drugi faktori odnosa, kao i odre\u0111eni lijekovi i zdravstveni problemi&#8221;, objasnila je. Skrenula mu je potom pozornost na njegove rije\u010di &#8220;sjajni prijatelji&#8221;. <\/p>\n\n\n\n<p>\u201dVa\u017eno je kako tko vidi sebe u kontekstu svog partnera. Sigurna sam da je za vas jako bolno biti prijatelj, a ne ljubavnik. Da rezimiram &#8211; <strong>ne odustajte<\/strong> od toga da potra\u017ei pomo\u0107 i nikako joj nemojte u razgovoru pripisivati krivnju. Radije joj budite joj partner u svim nastojanjima da pobolj\u0161ate kvalitetu \u017eivota za oboje.&#8221;<\/p>\n\n\n\n<div id=\"crveno\"><\/p>\n\n\n\n<h3 class=\"wp-block-heading\">Zanima nas va\u0161a pri\u010da<\/h3>\n\n\n\n<p>\u017delite li i vi, posve anonimno, podijeliti svoje iskustvo i vi\u0111enje ove teme s nama i na\u0161im \u010ditateljima, mo\u017eete to u\u010diniti putem web obrasca <a rel=\"noreferrer noopener\" href=\"https:\/\/www.mojevrijeme.hr\/magazin\/povjerljivo\/\" target=\"_blank\">Povjerljivo<\/a>. Napi\u0161ite svoju pri\u010du!<\/p>\n\n\n\n<p><\/div>\n<div id=\"mojev-3672822926\" class=\"mojev-kraj-teksta mojev-entity-placement\" style=\"margin-bottom: 20px;margin-left: auto;margin-right: auto;text-align: center;\"><div class=\"mojev-adlabel\">oglas<\/div><div style=\"height: 250px;\"><script async src=\"https:\/\/pagead2.googlesyndication.com\/pagead\/js\/adsbygoogle.js?client=ca-pub-8106111766207173\"\r\n     crossorigin=\"anonymous\"><\/script>\r\n<!-- Display-1 -->\r\n<ins class=\"adsbygoogle\"\r\n     style=\"display:block\"\r\n     data-ad-client=\"ca-pub-8106111766207173\"\r\n     data-ad-slot=\"1465712950\"\r\n     data-ad-format=\"auto\"\r\n     data-full-width-responsive=\"true\"><\/ins>\r\n<script>\r\n     (adsbygoogle = window.adsbygoogle || []).push({});\r\n<\/script><\/div><\/div>","protected":false},"excerpt":{"rendered":"<p>Nesretni suprug, koji je u pedesetim godinama \u017eivota, po\u017ealio se anonimno bra\u010dnoj savjetnici, koja za TheGuardian odgovara javno. Donosimo njezin stru\u010dan odgovor na pitanje \u0161to u\u010diniti u situacijama kada bra\u010dni partneri s godinama postanu prijatelji i u\u017eivaju u dru\u0161tvu jedno drugoga, ali je me\u0111u njima nestalo bra\u010dne intime i jedno od njih zbog toga pati. \u00a0<\/p>\n","protected":false},"author":17,"featured_media":84355,"comment_status":"closed","ping_status":"closed","sticky":false,"template":"","format":"standard","meta":{"footnotes":""},"categories":[10],"tags":[304,1079],"class_list":["post-84166","post","type-post","status-publish","format-standard","has-post-thumbnail","hentry","category-ljubav","tag-brak","tag-spolnost"],"_links":{"self":[{"href":"https:\/\/www.mojevrijeme.hr\/magazin\/wp-json\/wp\/v2\/posts\/84166","targetHints":{"allow":["GET"]}}],"collection":[{"href":"https:\/\/www.mojevrijeme.hr\/magazin\/wp-json\/wp\/v2\/posts"}],"about":[{"href":"https:\/\/www.mojevrijeme.hr\/magazin\/wp-json\/wp\/v2\/types\/post"}],"author":[{"embeddable":true,"href":"https:\/\/www.mojevrijeme.hr\/magazin\/wp-json\/wp\/v2\/users\/17"}],"replies":[{"embeddable":true,"href":"https:\/\/www.mojevrijeme.hr\/magazin\/wp-json\/wp\/v2\/comments?post=84166"}],"version-history":[{"count":0,"href":"https:\/\/www.mojevrijeme.hr\/magazin\/wp-json\/wp\/v2\/posts\/84166\/revisions"}],"wp:featuredmedia":[{"embeddable":true,"href":"https:\/\/www.mojevrijeme.hr\/magazin\/wp-json\/wp\/v2\/media\/84355"}],"wp:attachment":[{"href":"https:\/\/www.mojevrijeme.hr\/magazin\/wp-json\/wp\/v2\/media?parent=84166"}],"wp:term":[{"taxonomy":"category","embeddable":true,"href":"https:\/\/www.mojevrijeme.hr\/magazin\/wp-json\/wp\/v2\/categories?post=84166"},{"taxonomy":"post_tag","embeddable":true,"href":"https:\/\/www.mojevrijeme.hr\/magazin\/wp-json\/wp\/v2\/tags?post=84166"}],"curies":[{"name":"wp","href":"https:\/\/api.w.org\/{rel}","templated":true}]}}