{"id":84284,"date":"2023-09-13T07:41:36","date_gmt":"2023-09-13T05:41:36","guid":{"rendered":"https:\/\/www.mojevrijeme.hr\/magazin\/?p=84284"},"modified":"2023-09-13T07:41:54","modified_gmt":"2023-09-13T05:41:54","slug":"u-mirovinu-sam-otisla-s-50-godina-prihvatila-sam-najbolju-opciju","status":"publish","type":"post","link":"https:\/\/www.mojevrijeme.hr\/magazin\/2023\/09\/u-mirovinu-sam-otisla-s-50-godina-prihvatila-sam-najbolju-opciju\/","title":{"rendered":"&#8216;U mirovinu sam oti\u0161la s 50 godina, prihvatila sam najbolju opciju&#8217;"},"content":{"rendered":"\n<p>Na\u0161a je \u010ditateljica najprije objasnila za\u0161to se tako rano umirovila. &#8220;Firma je oti\u0161la u privatizaciju, svi znamo kako je to i\u0161lo. Ja sam se nakon nekoliko te\u0161kih operacija <strong>vi\u0161e karcinoma<\/strong> vratila s bolovanja, a na mom radnom mjestu sjedila je druga osoba.&#8221;<\/p>\n\n\n\n<p>&#8220;Mene su rasporedili na mjesto koje je za moju dijagnozu zabranjeno. I \u0161to sam drugo mogla nego prihvatiti najpovoljniju mogu\u0107u opciju, a to je bila <strong>invalidska mirovina<\/strong>. Tada sam imala 50 godina. Koga sad briga za tu nepravdu&#8221;, pi\u0161e nam ogor\u010deno. <\/p>\n\n\n\n<p>U odnosu na neke umirovljenike, smatra da joj je mirovina jo\u0161 i prihvatljiva. &#8220;Pa opet, kako \u017eivim sama jer sam udovica, brzo sve od penzije potro\u0161im. Potrebni su mi mnogi lijekovi, dodaci, vitamini. Kad ne\u0161to po ku\u0107i &#8216;crkne&#8217;, a doga\u0111a se, sna\u0111i se kako zna\u0161&#8221;, otkriva.<\/p><div id=\"mojev-2315747721\" class=\"mojev-u-tekstu mojev-entity-placement\" style=\"margin-left: auto;margin-right: auto;text-align: center;\"><div class=\"mojev-adlabel\">oglas<\/div><div style=\"height: 250px;\"><script async src=\"https:\/\/pagead2.googlesyndication.com\/pagead\/js\/adsbygoogle.js?client=ca-pub-8106111766207173\"\r\n     crossorigin=\"anonymous\"><\/script>\r\n<!-- Prikazni 1 u tekstu -->\r\n<ins class=\"adsbygoogle\"\r\n     style=\"display:block\"\r\n     data-ad-client=\"ca-pub-8106111766207173\"\r\n     data-ad-slot=\"8535551207\"\r\n     data-ad-format=\"auto\"\r\n     data-full-width-responsive=\"true\"><\/ins>\r\n<script>\r\n     (adsbygoogle = window.adsbygoogle || []).push({});\r\n<\/script><\/div><\/div><br style=\"clear: both; display: block; float: none;\"\/>\n\n\n\n<p>Pi\u0161e nam da smatra kako razne pomo\u0107i i dodatke na mirovinu dobivaju oni koji i ne bi trebali. &#8220;Imaju nekretnine koje iznajmljuju, mnogi i ne \u017eive sami, ali eto njima razni dodaci. Mi koji smo potpuno sami, sve tro\u0161kove snosimo sami, kao da ne trebamo ni\u0161ta dodatno samo zato \u0161to eto imamo samo koji euro ve\u0107u mirovinu. Nazdravlje onima koji odlu\u010duju. Ti pojma nemaju&#8221;, napisala je<strong>.<\/strong><\/p>\n\n\n\n<h3 class=\"wp-block-heading\"><strong>Ljubica: Mo\u017edani u mirovini<\/strong><\/h3>\n\n\n\n<p>Javila nam se i gospo\u0111a Ljubica \u010dije je zdravlje tako\u0111er stradalo, ali kad je ve\u0107 bila u mirovini. Njezin je problem taj \u0161to ne mo\u017ee micati rukom, a nije joj priznat invaliditet na osnvu kojeg bi mogla dobiti neki dodatak na mirovinu.<\/p>\n\n\n\n<p>&#8220;U mirovinu sam oti\u0161la sa 2.800 tada\u0161njih kuna, i to nakon 38 godina radnog sta\u017ea. Dobila sam potom mo\u017edani udar i s lijevom rukom ostala invalid. S tom rukom ne mogu ni\u0161ta, pa sam odmah predala zahtjev da mi se prizna tjelesno o\u0161te\u0107enje. Odbili su me i na odjavi iz bolnice jo\u0161 su mi uz fizijatra preporu\u010dili privatnog lije\u010dnika op\u0107e prakse kojemu sam morala platiti 3.200 kuna&#8221;, ka\u017ee o slu\u010daju koji joj se zauvijek urezao u pam\u0107enje. Ta dala je novce koje nije imala!<\/p>\n\n\n\n<h3 class=\"wp-block-heading\">Pomo\u0107i niotkuda<\/h3>\n\n\n\n<p>Suprug joj je, ka\u017ee, nezaposlen i bez primanja. Na sve to, s njima \u017eivi i njihova k\u0107i koja ima dijete te si je uredila mali zasebni dio. Sin im je, povjerava nam, podstanar u Zagrebu i ima dvoje male djece. Oni im ne mogu puno pomagati.<\/p>\n\n\n\n<p>&#8220;Sada mi je mirovina do\u0161la do 420 eura, ali su mi odbili daljnje rehabilitacije, ka\u017eu da sam potro\u0161ila sve na \u0161to imam pravo, iako fizijatar smatra, a imam to i napismeno, da sam vjerojatno imala ponovni mo\u017edani. Meni se \u010dini da im je \u0161teta osposobiti penzionerku. Mo\u017eda sada ponovo na osnovu tog papira imam pravo na neku pomo\u0107, ali ne znam svoja prava jer me nitko ne\u0107e uputiti&#8221;, po\u017ealila nam se \u010ditateljica Ljubica koja mo\u017ee samo sanjati da si s mirovinom privatno pla\u0107a rehabilitacije.<\/p>\n\n\n\n<div id=\"crveno\"><\/p>\n\n\n\n<h3 class=\"wp-block-heading\">Zanima nas va\u0161a pri\u010da<\/h3>\n\n\n\n<p>\u017delite li i vi, posve anonimno, podijeliti svoje iskustvo i vi\u0111enje ove teme s nama i na\u0161im \u010ditateljima, mo\u017eete to u\u010diniti putem web obrasca <a rel=\"noreferrer noopener\" href=\"https:\/\/www.mojevrijeme.hr\/magazin\/povjerljivo\/\" target=\"_blank\">Povjerljivo<\/a>. Napi\u0161ite svoju pri\u010du!<\/p>\n\n\n\n<p><\/div>\n<div id=\"mojev-143550559\" class=\"mojev-kraj-teksta mojev-entity-placement\" style=\"margin-bottom: 20px;margin-left: auto;margin-right: auto;text-align: center;\"><div class=\"mojev-adlabel\">oglas<\/div><div style=\"height: 250px;\"><script async src=\"https:\/\/pagead2.googlesyndication.com\/pagead\/js\/adsbygoogle.js?client=ca-pub-8106111766207173\"\r\n     crossorigin=\"anonymous\"><\/script>\r\n<!-- Display-1 -->\r\n<ins class=\"adsbygoogle\"\r\n     style=\"display:block\"\r\n     data-ad-client=\"ca-pub-8106111766207173\"\r\n     data-ad-slot=\"1465712950\"\r\n     data-ad-format=\"auto\"\r\n     data-full-width-responsive=\"true\"><\/ins>\r\n<script>\r\n     (adsbygoogle = window.adsbygoogle || []).push({});\r\n<\/script><\/div><\/div>","protected":false},"excerpt":{"rendered":"<p>Na\u0161a \u010ditateljica, koja se u povjerljivom pismu koje nam je poslala nazvala onako kako se i osje\u0107a &#8211; Suvi\u0161na, pi\u0161e nam da nije imala sre\u0107e da do\u017eivi starosnu mirovinu. Na pragu pedesete godine \u017eivota te\u0161ko se razboljela i oti\u0161la u prijevremenu invalidsku mirovinu. Zbog iznosa mirovine nema pravo na nikakve dodatke, a zbog vi\u0161e dijagnoza ima silnih izdataka.<\/p>\n","protected":false},"author":17,"featured_media":85556,"comment_status":"closed","ping_status":"closed","sticky":false,"template":"","format":"standard","meta":{"footnotes":""},"categories":[3552],"tags":[1805,18],"class_list":["post-84284","post","type-post","status-publish","format-standard","has-post-thumbnail","hentry","category-povjerljivo","tag-invalidska-mirovina","tag-mirovine"],"_links":{"self":[{"href":"https:\/\/www.mojevrijeme.hr\/magazin\/wp-json\/wp\/v2\/posts\/84284","targetHints":{"allow":["GET"]}}],"collection":[{"href":"https:\/\/www.mojevrijeme.hr\/magazin\/wp-json\/wp\/v2\/posts"}],"about":[{"href":"https:\/\/www.mojevrijeme.hr\/magazin\/wp-json\/wp\/v2\/types\/post"}],"author":[{"embeddable":true,"href":"https:\/\/www.mojevrijeme.hr\/magazin\/wp-json\/wp\/v2\/users\/17"}],"replies":[{"embeddable":true,"href":"https:\/\/www.mojevrijeme.hr\/magazin\/wp-json\/wp\/v2\/comments?post=84284"}],"version-history":[{"count":0,"href":"https:\/\/www.mojevrijeme.hr\/magazin\/wp-json\/wp\/v2\/posts\/84284\/revisions"}],"wp:featuredmedia":[{"embeddable":true,"href":"https:\/\/www.mojevrijeme.hr\/magazin\/wp-json\/wp\/v2\/media\/85556"}],"wp:attachment":[{"href":"https:\/\/www.mojevrijeme.hr\/magazin\/wp-json\/wp\/v2\/media?parent=84284"}],"wp:term":[{"taxonomy":"category","embeddable":true,"href":"https:\/\/www.mojevrijeme.hr\/magazin\/wp-json\/wp\/v2\/categories?post=84284"},{"taxonomy":"post_tag","embeddable":true,"href":"https:\/\/www.mojevrijeme.hr\/magazin\/wp-json\/wp\/v2\/tags?post=84284"}],"curies":[{"name":"wp","href":"https:\/\/api.w.org\/{rel}","templated":true}]}}