{"id":84342,"date":"2023-08-31T17:07:36","date_gmt":"2023-08-31T15:07:36","guid":{"rendered":"https:\/\/www.mojevrijeme.hr\/magazin\/?p=84342"},"modified":"2023-08-31T17:08:56","modified_gmt":"2023-08-31T15:08:56","slug":"bjelovar-je-jedan-od-rijetkih-gradova-koji-nije-prodao-odmaraliste-za-umirovljenike","status":"publish","type":"post","link":"https:\/\/www.mojevrijeme.hr\/magazin\/2023\/08\/bjelovar-je-jedan-od-rijetkih-gradova-koji-nije-prodao-odmaraliste-za-umirovljenike\/","title":{"rendered":"Bjelovar je jedan od rijetkih gradova koji nije prodao odmarali\u0161te za umirovljenike"},"content":{"rendered":"\n<p>Grad Bjelovar \u0107e se natjecati za sredstva iz Nacionalnog plana otpornosti i oporavka kojima namjerava obnoviti gradsko odmarali\u0161te u Novom Vinodolskom. Projekt je vrijedan 2,3 milijuna eura, potvrdio je gradona\u010delnik <strong>Dario Hrebak<\/strong>. <\/p>\n\n\n\n<p>Naime, Bjelovar posjeduje vlastito odmarali\u0161te koje tijekom ljetnih mjeseci uglavnom koriste djeca i umirovljenici, no ti smje\u0161tajni kapaciteti stari su vi\u0161e od 70 godina. <\/p>\n\n\n\n<p>&#8220;Nadam se da \u0107e projekt biti odobren kako bi i budu\u0107i nara\u0161taji u\u017eivali u njemu&#8221;, istaknuo je Hrebak. Cijena no\u0107enja u odmarali\u0161tu, uklju\u010duju\u0107i tri obroka dnevno i prijevoz autobusom, iznosi 30 eura po osobi, dok je za djecu ne\u0161to ni\u017ea i iznosi 24 eura.<\/p><div id=\"mojev-1005780159\" class=\"mojev-u-tekstu mojev-entity-placement\" style=\"margin-left: auto;margin-right: auto;text-align: center;\"><div class=\"mojev-adlabel\">oglas<\/div><div style=\"height: 250px;\"><script async src=\"https:\/\/pagead2.googlesyndication.com\/pagead\/js\/adsbygoogle.js?client=ca-pub-8106111766207173\"\r\n     crossorigin=\"anonymous\"><\/script>\r\n<!-- Prikazni 1 u tekstu -->\r\n<ins class=\"adsbygoogle\"\r\n     style=\"display:block\"\r\n     data-ad-client=\"ca-pub-8106111766207173\"\r\n     data-ad-slot=\"8535551207\"\r\n     data-ad-format=\"auto\"\r\n     data-full-width-responsive=\"true\"><\/ins>\r\n<script>\r\n     (adsbygoogle = window.adsbygoogle || []).push({});\r\n<\/script><\/div><\/div><br style=\"clear: both; display: block; float: none;\"\/>\n\n\n\n<p>&#8220;Grad Bjelovar jedan od rijetkih gradova u Hrvatskoj koji nije prodao svoje odmarali\u0161te, niti to planira&#8221;, zaklju\u010dio je Hrebak nakon obilaska Hostela Bjelovar u Novom Vinodolskom.<\/p>\n<div id=\"mojev-2877805130\" class=\"mojev-kraj-teksta mojev-entity-placement\" style=\"margin-bottom: 20px;margin-left: auto;margin-right: auto;text-align: center;\"><div class=\"mojev-adlabel\">oglas<\/div><div style=\"height: 250px;\"><script async src=\"https:\/\/pagead2.googlesyndication.com\/pagead\/js\/adsbygoogle.js?client=ca-pub-8106111766207173\"\r\n     crossorigin=\"anonymous\"><\/script>\r\n<!-- Display-1 -->\r\n<ins class=\"adsbygoogle\"\r\n     style=\"display:block\"\r\n     data-ad-client=\"ca-pub-8106111766207173\"\r\n     data-ad-slot=\"1465712950\"\r\n     data-ad-format=\"auto\"\r\n     data-full-width-responsive=\"true\"><\/ins>\r\n<script>\r\n     (adsbygoogle = window.adsbygoogle || []).push({});\r\n<\/script><\/div><\/div>","protected":false},"excerpt":{"rendered":"<p>Grad namjerava svoje odmarali\u0161te obnoviti iz sredstava Nacionalnog plana otpornosti i oporavka, a prijavljeni projekt vrijedi 2,3 milijuna eura.<\/p>\n","protected":false},"author":1,"featured_media":84345,"comment_status":"closed","ping_status":"closed","sticky":false,"template":"","format":"standard","meta":{"footnotes":""},"categories":[9],"tags":[1092,2805],"class_list":["post-84342","post","type-post","status-publish","format-standard","has-post-thumbnail","hentry","category-vijesti","tag-bjelovar","tag-radnicka-odmaralista"],"_links":{"self":[{"href":"https:\/\/www.mojevrijeme.hr\/magazin\/wp-json\/wp\/v2\/posts\/84342","targetHints":{"allow":["GET"]}}],"collection":[{"href":"https:\/\/www.mojevrijeme.hr\/magazin\/wp-json\/wp\/v2\/posts"}],"about":[{"href":"https:\/\/www.mojevrijeme.hr\/magazin\/wp-json\/wp\/v2\/types\/post"}],"author":[{"embeddable":true,"href":"https:\/\/www.mojevrijeme.hr\/magazin\/wp-json\/wp\/v2\/users\/1"}],"replies":[{"embeddable":true,"href":"https:\/\/www.mojevrijeme.hr\/magazin\/wp-json\/wp\/v2\/comments?post=84342"}],"version-history":[{"count":0,"href":"https:\/\/www.mojevrijeme.hr\/magazin\/wp-json\/wp\/v2\/posts\/84342\/revisions"}],"wp:featuredmedia":[{"embeddable":true,"href":"https:\/\/www.mojevrijeme.hr\/magazin\/wp-json\/wp\/v2\/media\/84345"}],"wp:attachment":[{"href":"https:\/\/www.mojevrijeme.hr\/magazin\/wp-json\/wp\/v2\/media?parent=84342"}],"wp:term":[{"taxonomy":"category","embeddable":true,"href":"https:\/\/www.mojevrijeme.hr\/magazin\/wp-json\/wp\/v2\/categories?post=84342"},{"taxonomy":"post_tag","embeddable":true,"href":"https:\/\/www.mojevrijeme.hr\/magazin\/wp-json\/wp\/v2\/tags?post=84342"}],"curies":[{"name":"wp","href":"https:\/\/api.w.org\/{rel}","templated":true}]}}