{"id":84417,"date":"2023-09-02T10:07:22","date_gmt":"2023-09-02T08:07:22","guid":{"rendered":"https:\/\/www.mojevrijeme.hr\/magazin\/?p=84417"},"modified":"2023-09-02T10:07:25","modified_gmt":"2023-09-02T08:07:25","slug":"anto-73-volio-bih-zivjeti-100-godina-zaljubio-sam-se","status":"publish","type":"post","link":"https:\/\/www.mojevrijeme.hr\/magazin\/2023\/09\/anto-73-volio-bih-zivjeti-100-godina-zaljubio-sam-se\/","title":{"rendered":"Anto (73): &#8216;Volio bih \u017eivjeti 100 godina, zaljubio sam se&#8217;"},"content":{"rendered":"\n<p>&#8220;Otkako sam u mirovini, brinem o cijeloj obitelji \u2013 kuham za supruga, sina, snahu i troje unu\u010dadi. Iako mi nekad dojadi rutina i obaveze koje to nosi, ne mogu zamisliti da je druga\u010dije i da im ne pomognem. Unuci jedu s nama kad do\u0111u iz \u0161kole, a sin i snaha tek u pola pet kad do\u0111u s posla. U\u017eivam kad vidim da su svi siti i zadovoljni i da predve\u010der imaju malo slobodnog vremena za sebe. Zato \u017eelim \u0161to du\u017ee po\u017eivjeti&#8221;, povjerava nam 75-godi\u0161nja <strong>umirovljenica Vera<\/strong>. \u00a0<\/p>\n\n\n\n<p>&#8220;\u017divim sama, slobodna, jedina obaveza, i to obaveza koju volim, su mi moj psi\u0107 Riki i ma\u010dka Ru\u017ea. Dok je meni njih uz mene, \u017eelim \u017eivjeti. Imam lijepih 84 godine, pro\u017eivjela sam puno i lijepog i te\u0161kog, ali ne, nikako nisam spremna oti\u0107i na onaj svijet. Mo\u017eda nikad ne\u0107u ni biti spremna&#8221;, ka\u017ee slatko se nasmijav\u0161i <strong>gospo\u0111a Anica<\/strong>.<\/p>\n\n\n\n<h3 class=\"wp-block-heading\">\u010ceka nove izume<\/h3>\n\n\n\n<p>&#8220;Kad pogledam unatrag, ne mogu ni zamisliti da sam propustio izume poput radija, televizora, ra\u010dunala, telefona i mobitela, automobila, zrakoplova. Upravo zbog izuma koji nas \u010dekaju u praksi odnosno svakodnevnom \u017eivotu, ne \u017eelim jo\u0161 umrijeti. \u010citam i pratim koliko su daleko do\u0161li medicina, fizika, znanost. \u010citam i \u010dekam da u upotrebu do\u0111u novi inteligentni strojevi, da i kod nas do\u0111u automobili koji voze sami, i jo\u0161 toliko toga. Ne, nisam spreman umrijeti, a imam 88 godina i mnogi moji prijatelji oti\u0161li su na drugi svijet&#8221;, ka\u017ee nam optimisti\u010dni <strong>gospodin Vedran<\/strong>.<\/p><div id=\"mojev-2437995135\" class=\"mojev-u-tekstu mojev-entity-placement\" style=\"margin-left: auto;margin-right: auto;text-align: center;\"><div class=\"mojev-adlabel\">oglas<\/div><div style=\"height: 250px;\"><script async src=\"https:\/\/pagead2.googlesyndication.com\/pagead\/js\/adsbygoogle.js?client=ca-pub-8106111766207173\"\r\n     crossorigin=\"anonymous\"><\/script>\r\n<!-- Prikazni 1 u tekstu -->\r\n<ins class=\"adsbygoogle\"\r\n     style=\"display:block\"\r\n     data-ad-client=\"ca-pub-8106111766207173\"\r\n     data-ad-slot=\"8535551207\"\r\n     data-ad-format=\"auto\"\r\n     data-full-width-responsive=\"true\"><\/ins>\r\n<script>\r\n     (adsbygoogle = window.adsbygoogle || []).push({});\r\n<\/script><\/div><\/div><br style=\"clear: both; display: block; float: none;\"\/>\n\n\n\n<p>&#8220;Imam petero unu\u010dadi i \u017eivim za njih. Najmla\u0111a unuka, s kojom sam bliska, ima 23 godine, ima de\u010dka i idu\u0107e godine \u010deka je diploma. Ne bih taj trenutak propustila ni za \u0161to na svijetu. Ni smrt me ne\u0107e sprije\u010diti u tome&#8221;, govori <strong>gospo\u0111a Dragica <\/strong>koja je napunila 82 godine.<\/p>\n\n\n\n<h3 class=\"wp-block-heading\">Ljubav u cvatu<\/h3>\n\n\n\n<p><strong>Gospodin Anto<\/strong> (73) nas je opasno iznenadio &#8211; kao udovac, prije godinu dana je, ka\u017ee nam, upoznao \u017eenu s kojom ga je ubrzo po\u010delo dijeliti vi\u0161e od prijateljstva. &#8220;Mi smo svaki dan zajedno, barem na ru\u010dku i i u ve\u010dernjim \u0161etnjama. Poslije odem ku\u0107i, rje\u0111e ostanem prespavati kod nje. No, svaku ve\u010der se jo\u0161 jednom nazovemo, prije spavanja. Ma kako ne bih volio jo\u0161 malo po\u017eivjeti, ako bude zdravlja, volio bih do\u017eivjeti i stotu&#8221;, govori nam. <\/p>\n\n\n\n<p>Potom nam je umirovljenica Bo\u017ea rekla da ju je bolest izmorila, ne mo\u017ee vi\u0161e. &#8220;U mladosti sam, s 36 godina, preboljela tuberkulozu. Cijeli \u017eivot nisam dobro vidjela, one debele nao\u010dale su bile predmet poruga, patila sam i zbog toga. Sada me boli svaka ko\u0161\u010dica na tijelu, pijem te\u0161ke tablete protiv reumatskih bolova koje vi\u0161e i ne djeluju. Jedva se vu\u010dem po ku\u0107i i strah me \u0161to biti ako sasvim onemo\u0107am. Nije mi vi\u0161e do \u017eivota, voljela bih da me samo nema&#8221;, rekla je 92-godi\u0161nja <strong>gospo\u0111a Bo\u017ea<\/strong>.<\/p>\n\n\n\n<p>Nazvali smo i na\u0161u <strong>vjernu sugovornicu Darinku<\/strong> (92), koja ve\u0107 jedanaest godina \u017eudi za drugim svijetom, jer je tamo njezin voljeni suprug Jerko. &#8220;Nikako se ne mogu pomiriti da nema \u010dovjeka kojeg sam voljela i za ruku dr\u017eala cijeli svoj \u017eivot. Nemam velikih problema sa zdravljem, samo me razdiru samo\u0107a i ta silna \u010de\u017enja za mojim Jerki\u0107em. Jedva \u010dekam na\u0161 ponovni susret tamo gore&#8221;, rekla nam je gospo\u0111a Darinka.<\/p>\n\n\n\n<div id=\"crveno\"><\/p>\n\n\n\n<h3 class=\"wp-block-heading\">Zanima nas va\u0161a pri\u010da<\/h3>\n\n\n\n<p>\u017delite li i vi, posve anonimno, podijeliti svoje iskustvo i vi\u0111enje ove teme s nama i na\u0161im \u010ditateljima, mo\u017eete to u\u010diniti putem web obrasca <a rel=\"noreferrer noopener\" href=\"https:\/\/www.mojevrijeme.hr\/magazin\/povjerljivo\/\" target=\"_blank\">Povjerljivo<\/a>. Napi\u0161ite svoju pri\u010du!<\/p>\n\n\n\n<p><\/div>\n<div id=\"mojev-2678517601\" class=\"mojev-kraj-teksta mojev-entity-placement\" style=\"margin-bottom: 20px;margin-left: auto;margin-right: auto;text-align: center;\"><div class=\"mojev-adlabel\">oglas<\/div><div style=\"height: 250px;\"><script async src=\"https:\/\/pagead2.googlesyndication.com\/pagead\/js\/adsbygoogle.js?client=ca-pub-8106111766207173\"\r\n     crossorigin=\"anonymous\"><\/script>\r\n<!-- Display-1 -->\r\n<ins class=\"adsbygoogle\"\r\n     style=\"display:block\"\r\n     data-ad-client=\"ca-pub-8106111766207173\"\r\n     data-ad-slot=\"1465712950\"\r\n     data-ad-format=\"auto\"\r\n     data-full-width-responsive=\"true\"><\/ins>\r\n<script>\r\n     (adsbygoogle = window.adsbygoogle || []).push({});\r\n<\/script><\/div><\/div>","protected":false},"excerpt":{"rendered":"<p>O\u010dekivani \u017eivotni vijek u Hrvatskoj\u00a0je\u00a0oko 78 godina &#8211; ne\u0161to vi\u0161i za \u017eene i ni\u017ei za mu\u0161karce. Nije stoga ni\u0161ta \u010dudno \u0161to nam mnogi sugovornici znaju re\u0107i da su upravo nakon 70. ro\u0111endana ozbiljnije osvijestili smrtnost. Nazvali smo neke od njih da nam se izjasne malo na tu temu i drago nam je \u0161to je me\u0111u na\u0161im umirovljenicima, unato\u010d malim mirovinama, ipak vi\u0161e onih koji \u017eele \u017eivjeti jo\u0161 niz godina!<\/p>\n","protected":false},"author":17,"featured_media":84492,"comment_status":"closed","ping_status":"closed","sticky":false,"template":"","format":"standard","meta":{"footnotes":""},"categories":[2],"tags":[64,80],"class_list":["post-84417","post","type-post","status-publish","format-standard","has-post-thumbnail","hentry","category-mozaik","tag-dugovjecnost","tag-starenje"],"_links":{"self":[{"href":"https:\/\/www.mojevrijeme.hr\/magazin\/wp-json\/wp\/v2\/posts\/84417","targetHints":{"allow":["GET"]}}],"collection":[{"href":"https:\/\/www.mojevrijeme.hr\/magazin\/wp-json\/wp\/v2\/posts"}],"about":[{"href":"https:\/\/www.mojevrijeme.hr\/magazin\/wp-json\/wp\/v2\/types\/post"}],"author":[{"embeddable":true,"href":"https:\/\/www.mojevrijeme.hr\/magazin\/wp-json\/wp\/v2\/users\/17"}],"replies":[{"embeddable":true,"href":"https:\/\/www.mojevrijeme.hr\/magazin\/wp-json\/wp\/v2\/comments?post=84417"}],"version-history":[{"count":0,"href":"https:\/\/www.mojevrijeme.hr\/magazin\/wp-json\/wp\/v2\/posts\/84417\/revisions"}],"wp:featuredmedia":[{"embeddable":true,"href":"https:\/\/www.mojevrijeme.hr\/magazin\/wp-json\/wp\/v2\/media\/84492"}],"wp:attachment":[{"href":"https:\/\/www.mojevrijeme.hr\/magazin\/wp-json\/wp\/v2\/media?parent=84417"}],"wp:term":[{"taxonomy":"category","embeddable":true,"href":"https:\/\/www.mojevrijeme.hr\/magazin\/wp-json\/wp\/v2\/categories?post=84417"},{"taxonomy":"post_tag","embeddable":true,"href":"https:\/\/www.mojevrijeme.hr\/magazin\/wp-json\/wp\/v2\/tags?post=84417"}],"curies":[{"name":"wp","href":"https:\/\/api.w.org\/{rel}","templated":true}]}}