{"id":84523,"date":"2023-09-02T22:20:09","date_gmt":"2023-09-02T20:20:09","guid":{"rendered":"https:\/\/www.mojevrijeme.hr\/magazin\/?p=84523"},"modified":"2023-09-02T22:20:13","modified_gmt":"2023-09-02T20:20:13","slug":"grcic-intervencija-odmah-pomoc-umirovljenicima-odmah","status":"publish","type":"post","link":"https:\/\/www.mojevrijeme.hr\/magazin\/2023\/09\/grcic-intervencija-odmah-pomoc-umirovljenicima-odmah\/","title":{"rendered":"Gr\u010di\u0107: Intervencija odmah, pomo\u0107 umirovljenicima odmah!"},"content":{"rendered":"\n<p>Premijer Andrej Plenkovi\u0107 (HDZ) najavio je novi paket mjera kojim \u0107e se <a href=\"https:\/\/www.mojevrijeme.hr\/magazin\/2023\/09\/umirovljenicima-najavljen-energetski-dodatak-najvise-im-pomazemo\/\" target=\"_blank\" rel=\"noreferrer noopener\">pomo\u0107i najugro\u017eenijim gra\u0111anima<\/a>. Istaknuo je kako \u0107e se me\u0111u njima sigurno na\u0107i i umirovljenici te spomenuo kako njegova vlada upravo ovoj skupini kontinuirano poma\u017ee. Istovremeno je SDP iza\u0161ao sa svojim predizbornim planom kojim prosje\u010dnu starosnu mirovinu namjeravaju <a href=\"https:\/\/www.mojevrijeme.hr\/magazin\/2023\/09\/sdp-namjerava-dignuti-starosne-mirovine-za-prosjecno-250-eura\/\" target=\"_blank\" rel=\"noreferrer noopener\">podignuti za 250 eura<\/a>, dakako, ako im gra\u0111ani daju povjerenje na parlamentarnim izborima.<\/p>\n\n\n\n<p>\u201cKao \u0161to je rekao premijer, imaju puno mjera na stolu, a onda \u0107e do jeseni izabrati jedan dio mjera i morat \u0107e ih implementirati. Mi ovo javno radimo upravo da bismo potaknuli trenutnu Vladu da se ne \u010dekaju izbori i \u0161to \u0107e se dogoditi nakon njih. To se treba raditi danas&#8221;, kazao je u programu <a href=\"https:\/\/n1info.hr\/biznis\/intervencija-odmah-jesenski-paket-mjera-mora-biti-dovoljno-izdasan\/\" target=\"_blank\" rel=\"noreferrer noopener\">N1 televizije<\/a> ekonomski strateg SDP-a Branko Gr\u010di\u0107. <\/p>\n\n\n\n<p>&#8220;Danas umirovljenici nemaju mirovine o kojima premijer pri\u010da, ve\u0107 bitno manje, s kojima mogu bitno manje kupiti nego prije godinu ili dvije dana. Intervencija mora i\u0107i odmah i jesenski paket mora biti dovoljno izda\u0161an da pomogne tim ljudima&#8221;, isti\u010de.<\/p><div id=\"mojev-56787011\" class=\"mojev-u-tekstu mojev-entity-placement\" style=\"margin-left: auto;margin-right: auto;text-align: center;\"><div class=\"mojev-adlabel\">oglas<\/div><div style=\"height: 250px;\"><script async src=\"https:\/\/pagead2.googlesyndication.com\/pagead\/js\/adsbygoogle.js?client=ca-pub-8106111766207173\"\r\n     crossorigin=\"anonymous\"><\/script>\r\n<!-- Prikazni 1 u tekstu -->\r\n<ins class=\"adsbygoogle\"\r\n     style=\"display:block\"\r\n     data-ad-client=\"ca-pub-8106111766207173\"\r\n     data-ad-slot=\"8535551207\"\r\n     data-ad-format=\"auto\"\r\n     data-full-width-responsive=\"true\"><\/ins>\r\n<script>\r\n     (adsbygoogle = window.adsbygoogle || []).push({});\r\n<\/script><\/div><\/div><br style=\"clear: both; display: block; float: none;\"\/>\n\n\n\n<p>\u201cInstitucije mogu ostvariti uvid na temelju jednog uzorka, po kojem bi donijeli linearne mjere, na primjer oporezivanje velikih zarada. Ono \u0161to je bilo pro\u0161li put kada se Vlada za to odlu\u010dila je bilo nedovoljno i pogre\u0161no. Obuhvatili su 200-tinjak firmi koje imaju prihode iznad 300 milijuna kuna i onda su ih udarili sa stopom od 33 posto. Jo\u0161 tada smo predlagali \u0161ire zahva\u0107anje, ali s puno ni\u017eom stopom&#8221;, komentirao je mjere. &#8220;Nema dileme u ovakvim uvjetima da bi se mjere morale produljiti&#8221;, zaklju\u010duje.<\/p>\n<div id=\"mojev-1565083091\" class=\"mojev-kraj-teksta mojev-entity-placement\" style=\"margin-bottom: 20px;margin-left: auto;margin-right: auto;text-align: center;\"><div class=\"mojev-adlabel\">oglas<\/div><div style=\"height: 250px;\"><script async src=\"https:\/\/pagead2.googlesyndication.com\/pagead\/js\/adsbygoogle.js?client=ca-pub-8106111766207173\"\r\n     crossorigin=\"anonymous\"><\/script>\r\n<!-- Display-1 -->\r\n<ins class=\"adsbygoogle\"\r\n     style=\"display:block\"\r\n     data-ad-client=\"ca-pub-8106111766207173\"\r\n     data-ad-slot=\"1465712950\"\r\n     data-ad-format=\"auto\"\r\n     data-full-width-responsive=\"true\"><\/ins>\r\n<script>\r\n     (adsbygoogle = window.adsbygoogle || []).push({});\r\n<\/script><\/div><\/div>","protected":false},"excerpt":{"rendered":"<p>SDP predla\u017ee podizanje mirovina i uvo\u0111enje 13. mirovine, no poti\u010du premijera Plenkovi\u0107a da to uradi odmah  jer umirovljenici nemaju vremena \u010dekati da SDP osvoji vlast.<\/p>\n","protected":false},"author":1,"featured_media":22815,"comment_status":"closed","ping_status":"closed","sticky":false,"template":"","format":"standard","meta":{"footnotes":""},"categories":[9],"tags":[1609,3055,825],"class_list":["post-84523","post","type-post","status-publish","format-standard","has-post-thumbnail","hentry","category-vijesti","tag-branko-grcic","tag-energetski-dodatak","tag-sdp"],"_links":{"self":[{"href":"https:\/\/www.mojevrijeme.hr\/magazin\/wp-json\/wp\/v2\/posts\/84523","targetHints":{"allow":["GET"]}}],"collection":[{"href":"https:\/\/www.mojevrijeme.hr\/magazin\/wp-json\/wp\/v2\/posts"}],"about":[{"href":"https:\/\/www.mojevrijeme.hr\/magazin\/wp-json\/wp\/v2\/types\/post"}],"author":[{"embeddable":true,"href":"https:\/\/www.mojevrijeme.hr\/magazin\/wp-json\/wp\/v2\/users\/1"}],"replies":[{"embeddable":true,"href":"https:\/\/www.mojevrijeme.hr\/magazin\/wp-json\/wp\/v2\/comments?post=84523"}],"version-history":[{"count":0,"href":"https:\/\/www.mojevrijeme.hr\/magazin\/wp-json\/wp\/v2\/posts\/84523\/revisions"}],"wp:featuredmedia":[{"embeddable":true,"href":"https:\/\/www.mojevrijeme.hr\/magazin\/wp-json\/wp\/v2\/media\/22815"}],"wp:attachment":[{"href":"https:\/\/www.mojevrijeme.hr\/magazin\/wp-json\/wp\/v2\/media?parent=84523"}],"wp:term":[{"taxonomy":"category","embeddable":true,"href":"https:\/\/www.mojevrijeme.hr\/magazin\/wp-json\/wp\/v2\/categories?post=84523"},{"taxonomy":"post_tag","embeddable":true,"href":"https:\/\/www.mojevrijeme.hr\/magazin\/wp-json\/wp\/v2\/tags?post=84523"}],"curies":[{"name":"wp","href":"https:\/\/api.w.org\/{rel}","templated":true}]}}