{"id":84532,"date":"2023-09-03T07:36:09","date_gmt":"2023-09-03T05:36:09","guid":{"rendered":"https:\/\/www.mojevrijeme.hr\/magazin\/?p=84532"},"modified":"2023-09-03T07:36:12","modified_gmt":"2023-09-03T05:36:12","slug":"povecavaju-se-jednokratne-isplate-iz-ii-mirovinskog-stupa","status":"publish","type":"post","link":"https:\/\/www.mojevrijeme.hr\/magazin\/2023\/09\/povecavaju-se-jednokratne-isplate-iz-ii-mirovinskog-stupa\/","title":{"rendered":"Pove\u0107avaju se jednokratne isplate iz II. mirovinskog stupa"},"content":{"rendered":"\n<p>U prvih osam mjeseci ove godine u mirovinu je oti\u0161lo oko 6.200 umirovljenika koji su bili u drugom stupu, ali tek svaki peti me\u0111u njima prihvatio je dvostupnu mirovinu. Svi ostali vratili su se pod okrilje dr\u017eavnog fonda kao da nismo ni imali mirovinsku reformu.<\/p>\n\n\n\n<p>Vlada \u0107e idu\u0107eg tjedna predstaviti mini reformu sustava kapitalizirane \u0161tednje koja bi trebala pove\u0107ati isplativost 2. stupa za sve njegove \u010dlanove, a posebno za oko 84 tisu\u0107e radnika sa 60 i vi\u0161e godina \u017eivota koji \u0107e u mirovinu u sljede\u0107ih pet godina, pi\u0161e\u00a0<a href=\"https:\/\/www.vecernji.hr\/vijesti\/doznajemo-detalje-nove-mirovinske-reforme-tko-ostane-u-2-stupu-20-stednje-dobiva-odmah-1706466\" target=\"_blank\" rel=\"noreferrer noopener\">Ve\u010dernji list<\/a>.<\/p>\n\n\n\n<p>Po\u010detkom 2023. drugi stup bio je povoljniji samo za 65-godi\u0161njake \u010dija je mirovinska \u0161tednja bila oko 70 tisu\u0107a eura, no kroz naknadne korekcije prag se spustio na oko 50 tisu\u0107a eura. Nakon reforme trebao bi pasti na oko 40 tisu\u0107a eura. Prosje\u010dno pla\u0107en radnik koji je 20 godina upla\u0107ivao u drugi stup na ra\u010dunu je po\u010detkom godine imao oko 20 tisu\u0107a eura mirovinske \u0161tednje. Trenuta\u010dno dvostupnu mirovinu prima oko 15 tisu\u0107a umirovljenika.<\/p><div id=\"mojev-803366616\" class=\"mojev-u-tekstu mojev-entity-placement\" style=\"margin-left: auto;margin-right: auto;text-align: center;\"><div class=\"mojev-adlabel\">oglas<\/div><div style=\"height: 250px;\"><script async src=\"https:\/\/pagead2.googlesyndication.com\/pagead\/js\/adsbygoogle.js?client=ca-pub-8106111766207173\"\r\n     crossorigin=\"anonymous\"><\/script>\r\n<!-- Prikazni 1 u tekstu -->\r\n<ins class=\"adsbygoogle\"\r\n     style=\"display:block\"\r\n     data-ad-client=\"ca-pub-8106111766207173\"\r\n     data-ad-slot=\"8535551207\"\r\n     data-ad-format=\"auto\"\r\n     data-full-width-responsive=\"true\"><\/ins>\r\n<script>\r\n     (adsbygoogle = window.adsbygoogle || []).push({});\r\n<\/script><\/div><\/div><br style=\"clear: both; display: block; float: none;\"\/>\n\n\n\n<h3 class=\"wp-block-heading\">Tko \u0107e imati pravo na 20 posto isplate?<\/h3>\n\n\n\n<p>Od po\u010detka idu\u0107e godine, kada bi izmjene zakona trebale stupiti na snagu, svatko tko ostane u drugom stupu mo\u0107i \u0107e jednokratno dobiti 20 posto svoje mirovinske \u0161tednje umjesto dosada\u0161njih 15 posto. Osiguranici drugog stupa koji se odlaskom u mirovinu vra\u0107aju u prvi stup nemaju pravo na isplatu dijela svoje mirovinske \u0161tednja \u2013 cijeli u\u0161te\u0111eni iznos u drugom stupu vra\u0107a se u dr\u017eavni prora\u010dun. To se ne\u0107e promijeniti.<\/p>\n\n\n\n<p>Druga novost bila bi dizanje dodatka na mirovinu 2. stupa s 20,25 na 27 posto, kao i za prvi stup. Uve\u0107ani dodatak trebao se primijeniti retroaktivno na svih 15 tisu\u0107a umirovljenika drugog stupa.<\/p>\n\n\n\n<h3 class=\"wp-block-heading\">Indeksirane i neindeksirane mirovine<\/h3>\n\n\n\n<p>Tre\u0107a novina odnosi se na indeksaciju mirovina drugog stupa. Mirovine prvog stupa pove\u0107avaju se dva puta godi\u0161nje, u skladu s kretanjem pla\u0107a i inflacije. Mirovine drugog stupa uskla\u0111uju se samo s inflacijom. Vlada \u0107e sada umirovljenicima drugog stupa uz mirovine indeksirane inflacijom ponuditi i neindeksirane mirovine, koje bi u startu bile ne\u0161to ve\u0107e, ali se kasnije ne\u0107e uskla\u0111ivati s inflacijom.<\/p>\n\n\n\n<h3 class=\"wp-block-heading\">Isplata nakon smrti<\/h3>\n\n\n\n<p>Jo\u0161 jedna promjena vezana je uz mogu\u0107nost naslje\u0111ivanja mirovinske \u0161tednje u drugom stupu. Mirovinska \u0161tednja je u cijelosti nasljedna ako radnik umre tijekom radnog vijeka ili prije nego \u0161to mu se isplati prva mirovina. Dio ljudi nikad nije potpisao rje\u0161enje o isplati mirovine iz drugog stupa kako bi nakon njihove smrti nasljednicima pripao cijeli u\u0161te\u0111eni iznos. Sada \u0107e se to razdoblje &#8220;\u010dekanja&#8221; ograni\u010diti na dvije godine. Ako umirovljenik u tom roku ne potpi\u0161e rje\u0161enje, njegova u\u0161te\u0111evina prebacit \u0107e se u prvi stup i obra\u010dunat \u0107e mu se mirovina kao da nije ni bio u drugom stupu, pi\u0161e novinarka Ljubica Gatari\u0107 u Ve\u010dernjem listu.<\/p>\n<div id=\"mojev-3252310247\" class=\"mojev-kraj-teksta mojev-entity-placement\" style=\"margin-bottom: 20px;margin-left: auto;margin-right: auto;text-align: center;\"><div class=\"mojev-adlabel\">oglas<\/div><div style=\"height: 250px;\"><script async src=\"https:\/\/pagead2.googlesyndication.com\/pagead\/js\/adsbygoogle.js?client=ca-pub-8106111766207173\"\r\n     crossorigin=\"anonymous\"><\/script>\r\n<!-- Display-1 -->\r\n<ins class=\"adsbygoogle\"\r\n     style=\"display:block\"\r\n     data-ad-client=\"ca-pub-8106111766207173\"\r\n     data-ad-slot=\"1465712950\"\r\n     data-ad-format=\"auto\"\r\n     data-full-width-responsive=\"true\"><\/ins>\r\n<script>\r\n     (adsbygoogle = window.adsbygoogle || []).push({});\r\n<\/script><\/div><\/div>","protected":false},"excerpt":{"rendered":"<p>Dio ljudi nikad nije potpisao rje\u0161enje o isplati mirovine iz drugog stupa kako bi nakon njihove smrti nasljednicima pripao cijeli u\u0161te\u0111eni iznos. Sada \u0107e se to razdoblje &#8216;\u010dekanja&#8217; ograni\u010diti na dvije godine. <\/p>\n","protected":false},"author":1,"featured_media":55682,"comment_status":"closed","ping_status":"closed","sticky":false,"template":"","format":"standard","meta":{"footnotes":""},"categories":[9],"tags":[1133,18],"class_list":["post-84532","post","type-post","status-publish","format-standard","has-post-thumbnail","hentry","category-vijesti","tag-drugi-stup","tag-mirovine"],"_links":{"self":[{"href":"https:\/\/www.mojevrijeme.hr\/magazin\/wp-json\/wp\/v2\/posts\/84532","targetHints":{"allow":["GET"]}}],"collection":[{"href":"https:\/\/www.mojevrijeme.hr\/magazin\/wp-json\/wp\/v2\/posts"}],"about":[{"href":"https:\/\/www.mojevrijeme.hr\/magazin\/wp-json\/wp\/v2\/types\/post"}],"author":[{"embeddable":true,"href":"https:\/\/www.mojevrijeme.hr\/magazin\/wp-json\/wp\/v2\/users\/1"}],"replies":[{"embeddable":true,"href":"https:\/\/www.mojevrijeme.hr\/magazin\/wp-json\/wp\/v2\/comments?post=84532"}],"version-history":[{"count":0,"href":"https:\/\/www.mojevrijeme.hr\/magazin\/wp-json\/wp\/v2\/posts\/84532\/revisions"}],"wp:featuredmedia":[{"embeddable":true,"href":"https:\/\/www.mojevrijeme.hr\/magazin\/wp-json\/wp\/v2\/media\/55682"}],"wp:attachment":[{"href":"https:\/\/www.mojevrijeme.hr\/magazin\/wp-json\/wp\/v2\/media?parent=84532"}],"wp:term":[{"taxonomy":"category","embeddable":true,"href":"https:\/\/www.mojevrijeme.hr\/magazin\/wp-json\/wp\/v2\/categories?post=84532"},{"taxonomy":"post_tag","embeddable":true,"href":"https:\/\/www.mojevrijeme.hr\/magazin\/wp-json\/wp\/v2\/tags?post=84532"}],"curies":[{"name":"wp","href":"https:\/\/api.w.org\/{rel}","templated":true}]}}