{"id":84627,"date":"2023-09-08T23:50:34","date_gmt":"2023-09-08T21:50:34","guid":{"rendered":"https:\/\/www.mojevrijeme.hr\/magazin\/?p=84627"},"modified":"2023-09-08T23:51:13","modified_gmt":"2023-09-08T21:51:13","slug":"biljan-67-zelim-opet-raditi-u-mirovini-kao-da-umirem","status":"publish","type":"post","link":"https:\/\/www.mojevrijeme.hr\/magazin\/2023\/09\/biljan-67-zelim-opet-raditi-u-mirovini-kao-da-umirem\/","title":{"rendered":"Biljan (67): \u017delim opet raditi, u mirovini kao da umirem!"},"content":{"rendered":"\n<p>Ima nas razli\u010ditih &#8211; dok neki jedva jedvice odrade posljenjih mjesec, dva ususret umirovljenju i vesele se svemu \u0161to ih \u010deka kad iza\u0111u iz svijeta radnih obaveza, drugi su opet u strahu \u0161to \u0107e s toliko vremena i malo novaca.<\/p>\n\n\n\n<p>A na\u0161eg \u010ditatelja Biljana nadasve vu\u010de natrag na posao, ne mo\u017ee, povjerava nam, izdr\u017eati da ne radi. U radnom se okru\u017eenju osje\u0107a korisno, ispunjeno, pun je poleta, dok kod ku\u0107e osje\u0107a kako besposleno trati vrijeme i vene. <strong>&nbsp;<\/strong><\/p>\n\n\n\n<p>&#8220;Moj problem je taj da jako te\u0161ko psihi\u010dki podnosim mirovinu. Kad sam ve\u0107 bio u penziji, tra\u017eio sam si posao i dobio ga \u2013 godinu dana vozio sam dostavni kamion. Posao je bio te\u017eak i zahtjevan, no radio bih jo\u0161 da nisam imao prometnu na jednom otoku. Sada ve\u0107 nekoliko mjeseci odmaram&#8221;, opisao nam je svoju situaciju ovaj umirovljenik.<\/p><div id=\"mojev-119140016\" class=\"mojev-u-tekstu mojev-entity-placement\" style=\"margin-left: auto;margin-right: auto;text-align: center;\"><div class=\"mojev-adlabel\">oglas<\/div><div style=\"height: 250px;\"><script async src=\"https:\/\/pagead2.googlesyndication.com\/pagead\/js\/adsbygoogle.js?client=ca-pub-8106111766207173\"\r\n     crossorigin=\"anonymous\"><\/script>\r\n<!-- Prikazni 1 u tekstu -->\r\n<ins class=\"adsbygoogle\"\r\n     style=\"display:block\"\r\n     data-ad-client=\"ca-pub-8106111766207173\"\r\n     data-ad-slot=\"8535551207\"\r\n     data-ad-format=\"auto\"\r\n     data-full-width-responsive=\"true\"><\/ins>\r\n<script>\r\n     (adsbygoogle = window.adsbygoogle || []).push({});\r\n<\/script><\/div><\/div><br style=\"clear: both; display: block; float: none;\"\/>\n\n\n\n<h3 class=\"wp-block-heading\">Pozama\u0161na otpremnina<\/h3>\n\n\n\n<p>Objasnio nam je potom i za\u0161to se s poslodavcem nije dogovorio da nastavi raditi, ve\u0107 je prihvatio umirovljenje: \u201dJednostavno sam morao u mirovinu jer mi je ponu\u0111ena otpremnina od dvadeset tisu\u0107a eura. Moja mirovina danas iznosi 400 eura. Napominjem da sam u Hrvatskoj ostvario 19,5 godina radnog sta\u017ea, a u Srbiji punih 20 godina. Ve\u0107 sam toliko u mirovinu, a penziju iz Srbije jo\u0161 nisam po\u010deo dobivati. No, moj problem nisu novci&#8221;, naglasio je gospodin Biljan.<\/p>\n\n\n\n<h3 class=\"wp-block-heading\">Mijenjao bi gradove u kojima \u017eivi<\/h3>\n\n\n\n<p>&#8220;Taj osje\u0107aj koji mi je donijelo umirovljenje ja nikako ne mogu prihvatiti. Jo\u0161 me vu\u010de da idem raditi, \u010dak i da mijenjam gradove u kojima \u017eivim. Ja sam uvijek govorio da nikad ne\u0107u i\u0107i u mirovinu i zbilja se te\u0161ko privikavam na ovo\u201d, pi\u0161e nam gospodin Biljan koji se pohvalio i da jo\u0161 uvijek voli avanture i vjetar u kosi te da vozi motor.<\/p>\n\n\n\n<p>Suosje\u0107a, isti\u010de nadalje, sa umirovljenicima koji imaju male mirovine. Iako jo\u0161 \u010deka dio koji mu mora po\u010deti stizati iz susjedne dr\u017eave, nije nestrpljiv oko toga. Njemu je do posla, do kolega, do aktivnog \u017eivota. Ovako se samo mu\u010di i na kraju svog pisma zaklju\u010duje: &#8220;Osje\u0107am se u\u017easno, kao da umirem&#8221;.<\/p>\n\n\n\n<div id=\"crveno\"><\/p>\n\n\n\n<h3 class=\"wp-block-heading\">Zanima nas va\u0161a pri\u010da<\/h3>\n\n\n\n<p>\u017delite li i vi, posve anonimno, podijeliti svoje iskustvo i vi\u0111enje ove teme s nama i na\u0161im \u010ditateljima, mo\u017eete to u\u010diniti putem web obrasca <a rel=\"noreferrer noopener\" href=\"https:\/\/www.mojevrijeme.hr\/magazin\/povjerljivo\/\" target=\"_blank\">Povjerljivo<\/a>. Napi\u0161ite svoju pri\u010du!<\/p>\n\n\n\n<p><\/div>\n<div id=\"mojev-3952814383\" class=\"mojev-kraj-teksta mojev-entity-placement\" style=\"margin-bottom: 20px;margin-left: auto;margin-right: auto;text-align: center;\"><div class=\"mojev-adlabel\">oglas<\/div><div style=\"height: 250px;\"><script async src=\"https:\/\/pagead2.googlesyndication.com\/pagead\/js\/adsbygoogle.js?client=ca-pub-8106111766207173\"\r\n     crossorigin=\"anonymous\"><\/script>\r\n<!-- Display-1 -->\r\n<ins class=\"adsbygoogle\"\r\n     style=\"display:block\"\r\n     data-ad-client=\"ca-pub-8106111766207173\"\r\n     data-ad-slot=\"1465712950\"\r\n     data-ad-format=\"auto\"\r\n     data-full-width-responsive=\"true\"><\/ins>\r\n<script>\r\n     (adsbygoogle = window.adsbygoogle || []).push({});\r\n<\/script><\/div><\/div>","protected":false},"excerpt":{"rendered":"<p>Jedno iznimno iskreno pismo napisao nam je umirovljenik Biljan, 67-godi\u0161njak koji se umirovio sa 63 godine jer mu je bila ponu\u0111ena otpremnina. Za razliku od mnogih svojih vr\u0161njaka koji su umirovljenje jedva do\u010dekali, on se osje\u0107a potpuno izgubljeno.<\/p>\n","protected":false},"author":17,"featured_media":85152,"comment_status":"closed","ping_status":"closed","sticky":false,"template":"","format":"standard","meta":{"footnotes":""},"categories":[3552],"tags":[957,1342],"class_list":["post-84627","post","type-post","status-publish","format-standard","has-post-thumbnail","hentry","category-povjerljivo","tag-mirovina","tag-rad-uz-mirovinu"],"_links":{"self":[{"href":"https:\/\/www.mojevrijeme.hr\/magazin\/wp-json\/wp\/v2\/posts\/84627","targetHints":{"allow":["GET"]}}],"collection":[{"href":"https:\/\/www.mojevrijeme.hr\/magazin\/wp-json\/wp\/v2\/posts"}],"about":[{"href":"https:\/\/www.mojevrijeme.hr\/magazin\/wp-json\/wp\/v2\/types\/post"}],"author":[{"embeddable":true,"href":"https:\/\/www.mojevrijeme.hr\/magazin\/wp-json\/wp\/v2\/users\/17"}],"replies":[{"embeddable":true,"href":"https:\/\/www.mojevrijeme.hr\/magazin\/wp-json\/wp\/v2\/comments?post=84627"}],"version-history":[{"count":0,"href":"https:\/\/www.mojevrijeme.hr\/magazin\/wp-json\/wp\/v2\/posts\/84627\/revisions"}],"wp:featuredmedia":[{"embeddable":true,"href":"https:\/\/www.mojevrijeme.hr\/magazin\/wp-json\/wp\/v2\/media\/85152"}],"wp:attachment":[{"href":"https:\/\/www.mojevrijeme.hr\/magazin\/wp-json\/wp\/v2\/media?parent=84627"}],"wp:term":[{"taxonomy":"category","embeddable":true,"href":"https:\/\/www.mojevrijeme.hr\/magazin\/wp-json\/wp\/v2\/categories?post=84627"},{"taxonomy":"post_tag","embeddable":true,"href":"https:\/\/www.mojevrijeme.hr\/magazin\/wp-json\/wp\/v2\/tags?post=84627"}],"curies":[{"name":"wp","href":"https:\/\/api.w.org\/{rel}","templated":true}]}}