{"id":84650,"date":"2023-09-09T09:02:48","date_gmt":"2023-09-09T07:02:48","guid":{"rendered":"https:\/\/www.mojevrijeme.hr\/magazin\/?p=84650"},"modified":"2023-09-09T09:03:47","modified_gmt":"2023-09-09T07:03:47","slug":"ana-i-suprug-nisu-sretni-zar-75-godina-staza-vrijedi-samo-650-eura","status":"publish","type":"post","link":"https:\/\/www.mojevrijeme.hr\/magazin\/2023\/09\/ana-i-suprug-nisu-sretni-zar-75-godina-staza-vrijedi-samo-650-eura\/","title":{"rendered":"Ana i suprug nisu sretni: &#8216;Zar 75 godina sta\u017ea vrijedi samo 650 eura?&#8217;"},"content":{"rendered":"\n<p><strong>Umirovljenica Ana<\/strong> smatra da su i ona i suprug nepravedno zakinuti izra\u010dunom mirovina, te nam je opisala svoj slu\u010daj: &#8220;Kako je samo lako pri\u010dati kad se ima, kako se lako hvaliti velikim mirovinama! A moj suprug i ja radili smo krvavi posao u mesnoj industriji i zajedno imamo 75 godina sta\u017ea i ukupno svega 650 eura mirovine! Je li to dovoljno za lijepi \u017eivot?!? Zato nam tako i ide kad pojedinci misle da vrijede vi\u0161e od drugih, misle da mi s malim penzijama nismo radili! E pa nije tako!&#8221; poru\u010duje im umirovljenica Ana.<\/p>\n\n\n\n<p>Ako podijelimo sta\u017e i mirovine ovog bra\u010dnog para, izra\u010dun glasi: svaki je radio 37,5 godina i za to prima 325 eura mirovine. Zaradili su je, ponavljamo rije\u010di na\u0161e \u010ditateljice Ane, na krvavom poslu!<\/p>\n\n\n\n<h3 class=\"wp-block-heading\">Ni gospo\u0111a Nada i suprug nisu bolje pro\u0161li<\/h3>\n\n\n\n<p>Gotovo jednako lo\u0161e su \u0161to se ti\u010de omjera godina sta\u017ea i iznosa mirovina, pro\u0161li i na\u0161a \u010ditateljica Nada i njezin suprug. Ona nam pi\u0161e: &#8220;Ne znam kakvo je to nepovoljno izra\u010dunavanje mirovine, mi koji smo se umirovili primjerice 2010. godine smo toliko o\u0161te\u0107eni da to jo\u0161 nitko nije vidio! Vi\u0161a primanja imaju valjda i oni koji nemaju sta\u017ea&#8221;, po\u017ealila se i potom otkrila njihove mirovine u brojkama.<\/p><div id=\"mojev-845575971\" class=\"mojev-u-tekstu mojev-entity-placement\" style=\"margin-left: auto;margin-right: auto;text-align: center;\"><div class=\"mojev-adlabel\">oglas<\/div><div style=\"height: 250px;\"><script async src=\"https:\/\/pagead2.googlesyndication.com\/pagead\/js\/adsbygoogle.js?client=ca-pub-8106111766207173\"\r\n     crossorigin=\"anonymous\"><\/script>\r\n<!-- Prikazni 1 u tekstu -->\r\n<ins class=\"adsbygoogle\"\r\n     style=\"display:block\"\r\n     data-ad-client=\"ca-pub-8106111766207173\"\r\n     data-ad-slot=\"8535551207\"\r\n     data-ad-format=\"auto\"\r\n     data-full-width-responsive=\"true\"><\/ins>\r\n<script>\r\n     (adsbygoogle = window.adsbygoogle || []).push({});\r\n<\/script><\/div><\/div><br style=\"clear: both; display: block; float: none;\"\/>\n\n\n\n<p>&#8220;Ja za 34 godine radnog sta\u017ea primam 300 eura mirovine, a suprug za \u010dak 39 radnih godina svega 350 eura. Nismo mi krivi \u0161to je je propala firma u kojoj smo radili i zbog toga morali oti\u0107i u prijevremene mirovine. Ka\u017enjeni smo zauvijek, ja sada imam 66 godina, a on 72 godine. Penale se ne ukidaju nakon uvjeta za starosnu, a ja ni na djecu nisam ostvarila pravo, kao ih ni nemam troje&#8221;, napominje gospo\u0111a Nada. Izra\u010dun mirovina ovog para, sli\u010dno kao i kod gospo\u0111e Ane i supruga, glasi: zajedno imaju 73 godine sta\u017ea i 650 eura mirovine.<\/p>\n\n\n\n<p>Osvijestila je gospo\u0111a Nada davno da je samcima katastrofalno te\u0161ko. &#8220;Mi s dvije mirovine imamo za pristojan \u017eivot samo do pola mjeseca. Ne daj Bo\u017ee da netko od nas dvoje umre, a drugi ostane sam&#8221;, rije\u010di su kojima je zaklju\u010dila svoje pismo razo\u010darana umirovljenica.<\/p>\n\n\n\n<div id=\"crveno\"><\/p>\n\n\n\n<h3 class=\"wp-block-heading\">Zanima nas va\u0161a pri\u010da<\/h3>\n\n\n\n<p>\u017delite li i vi, posve anonimno, podijeliti svoje iskustvo i vi\u0111enje ove teme s nama i na\u0161im \u010ditateljima, mo\u017eete to u\u010diniti putem web obrasca <a rel=\"noreferrer noopener\" href=\"https:\/\/www.mojevrijeme.hr\/magazin\/povjerljivo\/\" target=\"_blank\">Povjerljivo<\/a>. Napi\u0161ite svoju pri\u010du!<\/p>\n\n\n\n<p><\/div>\n<div id=\"mojev-3797198850\" class=\"mojev-kraj-teksta mojev-entity-placement\" style=\"margin-bottom: 20px;margin-left: auto;margin-right: auto;text-align: center;\"><div class=\"mojev-adlabel\">oglas<\/div><div style=\"height: 250px;\"><script async src=\"https:\/\/pagead2.googlesyndication.com\/pagead\/js\/adsbygoogle.js?client=ca-pub-8106111766207173\"\r\n     crossorigin=\"anonymous\"><\/script>\r\n<!-- Display-1 -->\r\n<ins class=\"adsbygoogle\"\r\n     style=\"display:block\"\r\n     data-ad-client=\"ca-pub-8106111766207173\"\r\n     data-ad-slot=\"1465712950\"\r\n     data-ad-format=\"auto\"\r\n     data-full-width-responsive=\"true\"><\/ins>\r\n<script>\r\n     (adsbygoogle = window.adsbygoogle || []).push({});\r\n<\/script><\/div><\/div>","protected":false},"excerpt":{"rendered":"<p>Umirovljenici Ani di\u017ee se kosa na glavi kad \u010dita, kako se izrazila, prozivke ljudi koji imaju ne\u0161to ve\u0107e mirovine, a koji ka\u017eu da su je zavrijedili dugim sta\u017eem i uplatama doprinosa. Ona svjedo\u010di da dug sta\u017e i lijepa mirovina ne idu uvijek sretno ruku pod ruku. Ba\u0161 nam o tome pi\u0161e i na\u0161a umirovljena \u010ditateljica Nada.<\/p>\n","protected":false},"author":17,"featured_media":85177,"comment_status":"closed","ping_status":"closed","sticky":false,"template":"","format":"standard","meta":{"footnotes":""},"categories":[3552],"tags":[18,237,236],"class_list":["post-84650","post","type-post","status-publish","format-standard","has-post-thumbnail","hentry","category-povjerljivo","tag-mirovine","tag-siromastvo","tag-standard"],"_links":{"self":[{"href":"https:\/\/www.mojevrijeme.hr\/magazin\/wp-json\/wp\/v2\/posts\/84650","targetHints":{"allow":["GET"]}}],"collection":[{"href":"https:\/\/www.mojevrijeme.hr\/magazin\/wp-json\/wp\/v2\/posts"}],"about":[{"href":"https:\/\/www.mojevrijeme.hr\/magazin\/wp-json\/wp\/v2\/types\/post"}],"author":[{"embeddable":true,"href":"https:\/\/www.mojevrijeme.hr\/magazin\/wp-json\/wp\/v2\/users\/17"}],"replies":[{"embeddable":true,"href":"https:\/\/www.mojevrijeme.hr\/magazin\/wp-json\/wp\/v2\/comments?post=84650"}],"version-history":[{"count":0,"href":"https:\/\/www.mojevrijeme.hr\/magazin\/wp-json\/wp\/v2\/posts\/84650\/revisions"}],"wp:featuredmedia":[{"embeddable":true,"href":"https:\/\/www.mojevrijeme.hr\/magazin\/wp-json\/wp\/v2\/media\/85177"}],"wp:attachment":[{"href":"https:\/\/www.mojevrijeme.hr\/magazin\/wp-json\/wp\/v2\/media?parent=84650"}],"wp:term":[{"taxonomy":"category","embeddable":true,"href":"https:\/\/www.mojevrijeme.hr\/magazin\/wp-json\/wp\/v2\/categories?post=84650"},{"taxonomy":"post_tag","embeddable":true,"href":"https:\/\/www.mojevrijeme.hr\/magazin\/wp-json\/wp\/v2\/tags?post=84650"}],"curies":[{"name":"wp","href":"https:\/\/api.w.org\/{rel}","templated":true}]}}