{"id":84679,"date":"2023-09-04T17:49:19","date_gmt":"2023-09-04T15:49:19","guid":{"rendered":"https:\/\/www.mojevrijeme.hr\/magazin\/?p=84679"},"modified":"2023-09-04T17:52:36","modified_gmt":"2023-09-04T15:52:36","slug":"blize-smo-13-mirovini-te-ukidanju-penalizacije-sa-65-ili-70-godina-zivota","status":"publish","type":"post","link":"https:\/\/www.mojevrijeme.hr\/magazin\/2023\/09\/blize-smo-13-mirovini-te-ukidanju-penalizacije-sa-65-ili-70-godina-zivota\/","title":{"rendered":"&#8216;Bli\u017ee smo 13. mirovini i ukidanju penalizacije sa 65 ili 70 godina \u017eivota&#8217;"},"content":{"rendered":"\n<p>Na sastanku Nacionalnog vije\u0107a za umirovljenike i starije osobe razgovaralo se o modelima uskla\u0111ivanja mirovina kako bi se dostigla da razina prosje\u010dne mirovne bude 50 posto prosje\u010dne pla\u0107e te o takozvanoj 13. mirovini. <\/p>\n\n\n\n<p>Predjednica Matice umirovljenika Hrvatske, <strong>Vi\u0161nja Fortuna<\/strong>, kazala je novinarima da su sada &#8220;ne\u0161to bli\u017ee rje\u0161enju&#8221;. Razgovaralo se i o smanjenju penalizacije radi ranijeg odlaska u mirovinu. Fortuna ka\u017ee, tra\u017eili su da njen postotak bude ni\u017ei te da se u potunosti ukine s navr\u0161enih 65, odnosno 70 godina \u017eivota.<\/p>\n\n\n\n<p>Tako\u0111er je bilo rije\u010di o ukidanju poreza na mirovine, rekla je Fortuna dodav\u0161i da su razgovarali i o minimalnoj mirovini. &#8220;Ve\u0107ina na\u0161ih zahtjeva tra\u017ei zakonske izmjene koje trebaju pro\u0107i proceduru, a za to treba vremena&#8221;, zaklju\u010dila je.<\/p><div id=\"mojev-1527982904\" class=\"mojev-u-tekstu mojev-entity-placement\" style=\"margin-left: auto;margin-right: auto;text-align: center;\"><div class=\"mojev-adlabel\">oglas<\/div><div style=\"height: 250px;\"><script async src=\"https:\/\/pagead2.googlesyndication.com\/pagead\/js\/adsbygoogle.js?client=ca-pub-8106111766207173\"\r\n     crossorigin=\"anonymous\"><\/script>\r\n<!-- Prikazni 1 u tekstu -->\r\n<ins class=\"adsbygoogle\"\r\n     style=\"display:block\"\r\n     data-ad-client=\"ca-pub-8106111766207173\"\r\n     data-ad-slot=\"8535551207\"\r\n     data-ad-format=\"auto\"\r\n     data-full-width-responsive=\"true\"><\/ins>\r\n<script>\r\n     (adsbygoogle = window.adsbygoogle || []).push({});\r\n<\/script><\/div><\/div><br style=\"clear: both; display: block; float: none;\"\/>\n\n\n\n<h3 class=\"wp-block-heading\">Raste jednokratna isplata iz II. mirovinskog stupa<\/h3>\n\n\n\n<p>Ministar mirovinskoga sustava <strong>Marin Pileti\u0107<\/strong>&nbsp;najavio je da uskoro u proceduru idu izmjene zakona &#8211; zakon o obaveznim i dobrovoljnim mirovinskim fondovima i zakon o mirovinskim osiguravaju\u0107im dru\u0161tvima. <\/p>\n\n\n\n<p>Cilj je osna\u017eiti polo\u017eaj II. mirovinskog stupa i 15.000 umirovljenika, odnosno 2,2 milijuna budu\u0107ih potencijalnih korisnika mirovine. Ministar Pileti\u0107 klju\u010dnom je ocijenio jednu od predlo\u017eenih izmjena, kojom se omogu\u0107ava jednokratna isplata individualizirane kapitalne \u0161tednje u visini 20 posto ukupno kapitaliziranih sredstava, umjesto dosada\u0161njih 15 posto.<\/p>\n\n\n\n<h3 class=\"wp-block-heading\">Otvaraju se ulaganja u nekretnine<\/h3>\n\n\n\n<p>&#8220;Tako\u0111er smo odlu\u010dili ujedna\u010diti dodatak na mirovinu iz prvog mirovinskog stupa i dvostupnu (27 posto), uvode se nove vrste imovine, u koju mirovinska dru\u0161tva mogu ulagati novac obveznih mirovinskih fondova, prvenstveno u nekretnine i imovinu nelistanih tvrtki, odnosno liberaliziraju se uvjeti ulaganja prema postoje\u0107em zakonu&#8221;, rekao je Pileti\u0107.<\/p>\n\n\n\n<p>Naglasio je va\u017enim za 2,2 milijuna osiguranika koji upla\u0107uju u drugi mirovinski stup, da \u0107e se od 1. sije\u010dnja idu\u0107e godine ukinuti ulazna naknada, a postupno \u0107e se smanjivati i naknada za upravljanje obveznim mirovinskim fondovima. Dodao je i da se smanjuje izlazna naknada iz dobrovoljnog mirovinskog fonda.<\/p>\n<div id=\"mojev-1405036604\" class=\"mojev-kraj-teksta mojev-entity-placement\" style=\"margin-bottom: 20px;margin-left: auto;margin-right: auto;text-align: center;\"><div class=\"mojev-adlabel\">oglas<\/div><div style=\"height: 250px;\"><script async src=\"https:\/\/pagead2.googlesyndication.com\/pagead\/js\/adsbygoogle.js?client=ca-pub-8106111766207173\"\r\n     crossorigin=\"anonymous\"><\/script>\r\n<!-- Display-1 -->\r\n<ins class=\"adsbygoogle\"\r\n     style=\"display:block\"\r\n     data-ad-client=\"ca-pub-8106111766207173\"\r\n     data-ad-slot=\"1465712950\"\r\n     data-ad-format=\"auto\"\r\n     data-full-width-responsive=\"true\"><\/ins>\r\n<script>\r\n     (adsbygoogle = window.adsbygoogle || []).push({});\r\n<\/script><\/div><\/div>","protected":false},"excerpt":{"rendered":"<p>Ministar mirovinskoga sustava Marin Pileti\u0107\u00a0najavio je da uskoro u proceduru idu izmjene zakona &#8211; zakon o obaveznim i dobrovoljnim mirovinskim fondovima i zakon o mirovinskim osiguravaju\u0107im dru\u0161tvima. <\/p>\n","protected":false},"author":1,"featured_media":80456,"comment_status":"closed","ping_status":"closed","sticky":false,"template":"","format":"standard","meta":{"footnotes":""},"categories":[9],"tags":[3398,3231,18,3498,1221],"class_list":["post-84679","post","type-post","status-publish","format-standard","has-post-thumbnail","hentry","category-vijesti","tag-13-mirovina","tag-marin-piletic","tag-mirovine","tag-penalizacija","tag-visnja-fortuna"],"_links":{"self":[{"href":"https:\/\/www.mojevrijeme.hr\/magazin\/wp-json\/wp\/v2\/posts\/84679","targetHints":{"allow":["GET"]}}],"collection":[{"href":"https:\/\/www.mojevrijeme.hr\/magazin\/wp-json\/wp\/v2\/posts"}],"about":[{"href":"https:\/\/www.mojevrijeme.hr\/magazin\/wp-json\/wp\/v2\/types\/post"}],"author":[{"embeddable":true,"href":"https:\/\/www.mojevrijeme.hr\/magazin\/wp-json\/wp\/v2\/users\/1"}],"replies":[{"embeddable":true,"href":"https:\/\/www.mojevrijeme.hr\/magazin\/wp-json\/wp\/v2\/comments?post=84679"}],"version-history":[{"count":0,"href":"https:\/\/www.mojevrijeme.hr\/magazin\/wp-json\/wp\/v2\/posts\/84679\/revisions"}],"wp:featuredmedia":[{"embeddable":true,"href":"https:\/\/www.mojevrijeme.hr\/magazin\/wp-json\/wp\/v2\/media\/80456"}],"wp:attachment":[{"href":"https:\/\/www.mojevrijeme.hr\/magazin\/wp-json\/wp\/v2\/media?parent=84679"}],"wp:term":[{"taxonomy":"category","embeddable":true,"href":"https:\/\/www.mojevrijeme.hr\/magazin\/wp-json\/wp\/v2\/categories?post=84679"},{"taxonomy":"post_tag","embeddable":true,"href":"https:\/\/www.mojevrijeme.hr\/magazin\/wp-json\/wp\/v2\/tags?post=84679"}],"curies":[{"name":"wp","href":"https:\/\/api.w.org\/{rel}","templated":true}]}}