{"id":84682,"date":"2023-09-04T18:43:10","date_gmt":"2023-09-04T16:43:10","guid":{"rendered":"https:\/\/www.mojevrijeme.hr\/magazin\/?p=84682"},"modified":"2023-09-04T18:43:13","modified_gmt":"2023-09-04T16:43:13","slug":"bencic-rijesit-cemo-iz-cega-se-financiraju-povlastene-mirovine","status":"publish","type":"post","link":"https:\/\/www.mojevrijeme.hr\/magazin\/2023\/09\/bencic-rijesit-cemo-iz-cega-se-financiraju-povlastene-mirovine\/","title":{"rendered":"Ben\u010di\u0107: Rije\u0161it \u0107emo iz \u010dega se financiraju povla\u0161tene mirovine"},"content":{"rendered":"\n<p>Saborska zastupnica <strong>Sandra Ben\u010di\u0107<\/strong> (Mo\u017eemo) za <a href=\"https:\/\/n1info.hr\/\" data-type=\"link\" data-id=\"https:\/\/n1info.hr\/\" target=\"_blank\" rel=\"noreferrer noopener\">N1<\/a> televiziju najavila je da \u0107e njena stranka u srijedu javnosti predstaviti novi model mirovina.<\/p>\n\n\n\n<p>&#8220;Ne \u017eelimo da ti mehanizmi budu jednokratni i povremeni nego da moraju biti ugra\u0111eni u zakon. Vrijednost mirovine je pala. Mirovina mora pokrivati osnovne tro\u0161kove \u017eivota. Mora se rije\u0161iti pitanje kako se financiraju starosne mirovine i iz \u010dega se financiraju mirovine koje su po posebnim propisima&#8221;, kazala je Ben\u010di\u0107.<\/p>\n\n\n\n<p>&#8220;U Eurozoni smo druga zemlja po rastu inflacije, samo Slova\u010dka ima ve\u0107u stopu. Kod nas je pokreta\u010d inflacije rast cijena hrane i pi\u0107a, sve mjere koje su implementirane nisu uzimale u obzir da je za ku\u0107anstva stopa inflacije razli\u010dita. Imamo ve\u0107 zakon o ekstraprofitu, treba ga pro\u0161iriti na ovu godinu. Svi koji planiraju profitirati na inflaciji, onda \u0107e platiti ekstraprofit dr\u017eavi&#8221;, kazala je.<\/p><div id=\"mojev-3294325785\" class=\"mojev-u-tekstu mojev-entity-placement\" style=\"margin-left: auto;margin-right: auto;text-align: center;\"><div class=\"mojev-adlabel\">oglas<\/div><div style=\"height: 250px;\"><script async src=\"https:\/\/pagead2.googlesyndication.com\/pagead\/js\/adsbygoogle.js?client=ca-pub-8106111766207173\"\r\n     crossorigin=\"anonymous\"><\/script>\r\n<!-- Prikazni 1 u tekstu -->\r\n<ins class=\"adsbygoogle\"\r\n     style=\"display:block\"\r\n     data-ad-client=\"ca-pub-8106111766207173\"\r\n     data-ad-slot=\"8535551207\"\r\n     data-ad-format=\"auto\"\r\n     data-full-width-responsive=\"true\"><\/ins>\r\n<script>\r\n     (adsbygoogle = window.adsbygoogle || []).push({});\r\n<\/script><\/div><\/div><br style=\"clear: both; display: block; float: none;\"\/>\n<div id=\"mojev-2121967375\" class=\"mojev-kraj-teksta mojev-entity-placement\" style=\"margin-bottom: 20px;margin-left: auto;margin-right: auto;text-align: center;\"><div class=\"mojev-adlabel\">oglas<\/div><div style=\"height: 250px;\"><script async src=\"https:\/\/pagead2.googlesyndication.com\/pagead\/js\/adsbygoogle.js?client=ca-pub-8106111766207173\"\r\n     crossorigin=\"anonymous\"><\/script>\r\n<!-- Display-1 -->\r\n<ins class=\"adsbygoogle\"\r\n     style=\"display:block\"\r\n     data-ad-client=\"ca-pub-8106111766207173\"\r\n     data-ad-slot=\"1465712950\"\r\n     data-ad-format=\"auto\"\r\n     data-full-width-responsive=\"true\"><\/ins>\r\n<script>\r\n     (adsbygoogle = window.adsbygoogle || []).push({});\r\n<\/script><\/div><\/div>","protected":false},"excerpt":{"rendered":"<p>Uo\u010di superizborne godine ne postoji stranka koja nije zainteresirana za 1,2 milijuna umirovljenika. Posljednja u nizu, stranka Mo\u017eemo najavljuje veliki plan za bolji i pravedniji \u017eivot u tre\u0107oj \u017eivotnoj dobi. Dakako, ako im gra\u0111ani daruju povjerenje na birali\u0161tima.<\/p>\n","protected":false},"author":1,"featured_media":84683,"comment_status":"closed","ping_status":"closed","sticky":false,"template":"","format":"standard","meta":{"footnotes":""},"categories":[9],"tags":[18,1578,3692],"class_list":["post-84682","post","type-post","status-publish","format-standard","has-post-thumbnail","hentry","category-vijesti","tag-mirovine","tag-mozemo","tag-sandra-bencic"],"_links":{"self":[{"href":"https:\/\/www.mojevrijeme.hr\/magazin\/wp-json\/wp\/v2\/posts\/84682","targetHints":{"allow":["GET"]}}],"collection":[{"href":"https:\/\/www.mojevrijeme.hr\/magazin\/wp-json\/wp\/v2\/posts"}],"about":[{"href":"https:\/\/www.mojevrijeme.hr\/magazin\/wp-json\/wp\/v2\/types\/post"}],"author":[{"embeddable":true,"href":"https:\/\/www.mojevrijeme.hr\/magazin\/wp-json\/wp\/v2\/users\/1"}],"replies":[{"embeddable":true,"href":"https:\/\/www.mojevrijeme.hr\/magazin\/wp-json\/wp\/v2\/comments?post=84682"}],"version-history":[{"count":0,"href":"https:\/\/www.mojevrijeme.hr\/magazin\/wp-json\/wp\/v2\/posts\/84682\/revisions"}],"wp:featuredmedia":[{"embeddable":true,"href":"https:\/\/www.mojevrijeme.hr\/magazin\/wp-json\/wp\/v2\/media\/84683"}],"wp:attachment":[{"href":"https:\/\/www.mojevrijeme.hr\/magazin\/wp-json\/wp\/v2\/media?parent=84682"}],"wp:term":[{"taxonomy":"category","embeddable":true,"href":"https:\/\/www.mojevrijeme.hr\/magazin\/wp-json\/wp\/v2\/categories?post=84682"},{"taxonomy":"post_tag","embeddable":true,"href":"https:\/\/www.mojevrijeme.hr\/magazin\/wp-json\/wp\/v2\/tags?post=84682"}],"curies":[{"name":"wp","href":"https:\/\/api.w.org\/{rel}","templated":true}]}}