{"id":84713,"date":"2023-09-05T08:35:21","date_gmt":"2023-09-05T06:35:21","guid":{"rendered":"https:\/\/www.mojevrijeme.hr\/magazin\/?p=84713"},"modified":"2023-09-05T08:39:00","modified_gmt":"2023-09-05T06:39:00","slug":"umirovljenicka-koalicijana-kritizirala-fortunu-13-mirovina-je-kao-jeti","status":"publish","type":"post","link":"https:\/\/www.mojevrijeme.hr\/magazin\/2023\/09\/umirovljenicka-koalicijana-kritizirala-fortunu-13-mirovina-je-kao-jeti\/","title":{"rendered":"Umirovljeni\u010dka koalicija kritizirala Fortunu: 13. mirovina je kao jeti"},"content":{"rendered":"\n<p>Koalicija umirovljeni\u010dkih stranaka <strong>Umirovljenici zajedno<\/strong> o\u0161tro je kritizirala ju\u010dera\u0161nju sjednicu Nacionalnog vije\u0107a za umirovljenike i starije osobe nakon koje je predsjednica Matice umirovljenika Hrvatske <strong>Vi\u0161nja Fortuna<\/strong> izrazila zadovoljstvo dogovorenim i razumijevanje sporosti realizacije dogovorenog. Umirovljevnici zajedno misle da su na sjednici predstavnici Vlade RH i umirovljeni\u010dkih udruga razgovarali o krivima stvarima na krivi na\u010din.<\/p>\n\n\n\n<p>&#8220;Pompozno najavljivana sjednica Nacionalnog vije\u0107a za umirovljenike i starije osobe ostavila je na kraju gorak okus svima koji su o\u010dekivali konkretne prijedloge ili rje\u0161enja kojim bi se umirovljenike kona\u010dno po\u010delo izvla\u010diti iz sve dubljeg ponora siroma\u0161tva u koji ih svaki dan sve vi\u0161e upada&#8221;, stoji u najnovijoj objavi Platforme Umirovljenici zajedno.<\/p>\n\n\n\n<p>&#8220;Ne mo\u017eemo vjerovati da u fokusu Vije\u0107a kao najva\u017enije pitanje nije bilo tra\u017eenje \u017eurnog rje\u0161enja kako obzirom na rast prihoda prora\u010duna izdvojiti cca 2 (dvije) milijarde eura koliko je zapravo potrebno da bi se ostvario prijedlog Vlade za dostizanje prosje\u010dne mirovine od 50 \u2013 60 posto prosje\u010dne pla\u0107e&#8221;, prio\u0107ila je umirovljeni\u010dka koalicija. <\/p><div id=\"mojev-1879583019\" class=\"mojev-u-tekstu mojev-entity-placement\" style=\"margin-left: auto;margin-right: auto;text-align: center;\"><div class=\"mojev-adlabel\">oglas<\/div><div style=\"height: 250px;\"><script async src=\"https:\/\/pagead2.googlesyndication.com\/pagead\/js\/adsbygoogle.js?client=ca-pub-8106111766207173\"\r\n     crossorigin=\"anonymous\"><\/script>\r\n<!-- Prikazni 1 u tekstu -->\r\n<ins class=\"adsbygoogle\"\r\n     style=\"display:block\"\r\n     data-ad-client=\"ca-pub-8106111766207173\"\r\n     data-ad-slot=\"8535551207\"\r\n     data-ad-format=\"auto\"\r\n     data-full-width-responsive=\"true\"><\/ins>\r\n<script>\r\n     (adsbygoogle = window.adsbygoogle || []).push({});\r\n<\/script><\/div><\/div><br style=\"clear: both; display: block; float: none;\"\/>\n\n\n\n<p>&#8220;Umjesto prethodno navedenog i od \u017eivotne va\u017enosti za dvije tre\u0107ine umirovljenika u fokus se bez ikakve potrebe, izuzev skretanja pozornosti, guraju pri\u010de o smanjenju ulaznih i izlaznih naknada, smanjenju naknada za upravljanje II. mirovinskim stupom, dodacima ili pove\u0107anjima jednokratne isplate sa 15 na 20 posto&#8221;, pi\u0161e platforma uz navod da je guranje \u0161tetnog II. mirovinskog stupa zapravo bje\u017eanje od pravog problema.<\/p>\n\n\n\n<p>U op\u0161irnom otvorenom pismu Umirovljenici zajedno izra\u017eavaju &#8220;zadovoljstvo i po\u0161tovanje prema postupcima predstavnika Sindikata umirovljenika Hrvatske koji su se kroz izjave same predsjednice SUH-a <strong>Jasne. A Petrovi\u0107<\/strong> nakon sjednice NV prakti\u010dno ogradili od &#8216;rada i rezultata&#8217; iste.&#8221;<\/p>\n\n\n\n<p>&#8220;Ni\u0161ta dalje od forsiranja pri\u010de o II. mirovinskom stupu nije ni pri\u010da o 13. mirovini koja se nudi kao lijepo umotani poklon kojim se zapravo ni\u0161ta ne rje\u0161ava, a k tome i sve vi\u0161e sli\u010di na pri\u010du o jetiju, svi o 13. mirovini ve\u0107 dugo pri\u010daju ali je nitko nije vidio, a kada \u0107e &#8211; ne zna se&#8221; priop\u0107avava umirovljeni\u010dka platforma i proziva predsjednicu Matice umirovljenika Hrvatske Vi\u0161nju Fortunu:<\/p>\n\n\n\n<p>&#8220;Bilo kako bilo sada o\u010dekujemo odgovor predsjednice MUH-a o pozivu na prosvjed jer je prije sjednice Vije\u0107a bila rezolutna sa: ili \u0107e biti 13. mirovina ili \u0107e biti prosvjed. A 13. mirovina je kako smo ve\u0107 naveli i dalje poput jetija.&#8221; Ju\u010dera\u0161nju izjavu Vi\u0161nje Fortune o rezultatima sjednice pro\u010ditajte na <a href=\"https:\/\/www.mojevrijeme.hr\/magazin\/2023\/09\/blize-smo-13-mirovini-te-ukidanju-penalizacije-sa-65-ili-70-godina-zivota\/\" target=\"_blank\" rel=\"noreferrer noopener\">ovoj poveznici<\/a>. <\/p>\n<div id=\"mojev-3187646418\" class=\"mojev-kraj-teksta mojev-entity-placement\" style=\"margin-bottom: 20px;margin-left: auto;margin-right: auto;text-align: center;\"><div class=\"mojev-adlabel\">oglas<\/div><div style=\"height: 250px;\"><script async src=\"https:\/\/pagead2.googlesyndication.com\/pagead\/js\/adsbygoogle.js?client=ca-pub-8106111766207173\"\r\n     crossorigin=\"anonymous\"><\/script>\r\n<!-- Display-1 -->\r\n<ins class=\"adsbygoogle\"\r\n     style=\"display:block\"\r\n     data-ad-client=\"ca-pub-8106111766207173\"\r\n     data-ad-slot=\"1465712950\"\r\n     data-ad-format=\"auto\"\r\n     data-full-width-responsive=\"true\"><\/ins>\r\n<script>\r\n     (adsbygoogle = window.adsbygoogle || []).push({});\r\n<\/script><\/div><\/div>","protected":false},"excerpt":{"rendered":"<p>Umirovljevnici zajedno misle da su na sjednici predstavnici Vlade RH i umirovljeni\u010dkih udruga razgovarali o krivima stvarima na krivi na\u010din.<\/p>\n","protected":false},"author":1,"featured_media":84728,"comment_status":"closed","ping_status":"closed","sticky":false,"template":"","format":"standard","meta":{"footnotes":""},"categories":[9],"tags":[3398,3306,1221],"class_list":["post-84713","post","type-post","status-publish","format-standard","has-post-thumbnail","hentry","category-vijesti","tag-13-mirovina","tag-umirovljenici-zajedno","tag-visnja-fortuna"],"_links":{"self":[{"href":"https:\/\/www.mojevrijeme.hr\/magazin\/wp-json\/wp\/v2\/posts\/84713","targetHints":{"allow":["GET"]}}],"collection":[{"href":"https:\/\/www.mojevrijeme.hr\/magazin\/wp-json\/wp\/v2\/posts"}],"about":[{"href":"https:\/\/www.mojevrijeme.hr\/magazin\/wp-json\/wp\/v2\/types\/post"}],"author":[{"embeddable":true,"href":"https:\/\/www.mojevrijeme.hr\/magazin\/wp-json\/wp\/v2\/users\/1"}],"replies":[{"embeddable":true,"href":"https:\/\/www.mojevrijeme.hr\/magazin\/wp-json\/wp\/v2\/comments?post=84713"}],"version-history":[{"count":0,"href":"https:\/\/www.mojevrijeme.hr\/magazin\/wp-json\/wp\/v2\/posts\/84713\/revisions"}],"wp:featuredmedia":[{"embeddable":true,"href":"https:\/\/www.mojevrijeme.hr\/magazin\/wp-json\/wp\/v2\/media\/84728"}],"wp:attachment":[{"href":"https:\/\/www.mojevrijeme.hr\/magazin\/wp-json\/wp\/v2\/media?parent=84713"}],"wp:term":[{"taxonomy":"category","embeddable":true,"href":"https:\/\/www.mojevrijeme.hr\/magazin\/wp-json\/wp\/v2\/categories?post=84713"},{"taxonomy":"post_tag","embeddable":true,"href":"https:\/\/www.mojevrijeme.hr\/magazin\/wp-json\/wp\/v2\/tags?post=84713"}],"curies":[{"name":"wp","href":"https:\/\/api.w.org\/{rel}","templated":true}]}}