{"id":84755,"date":"2023-09-08T09:40:21","date_gmt":"2023-09-08T07:40:21","guid":{"rendered":"https:\/\/www.mojevrijeme.hr\/magazin\/?p=84755"},"modified":"2023-09-08T09:41:42","modified_gmt":"2023-09-08T07:41:42","slug":"darko-62-umro-bih-od-srece-da-dobijem-unuke-sve-sam-vec-isplanirao","status":"publish","type":"post","link":"https:\/\/www.mojevrijeme.hr\/magazin\/2023\/09\/darko-62-umro-bih-od-srece-da-dobijem-unuke-sve-sam-vec-isplanirao\/","title":{"rendered":"Darko (62): &#8216;Umro bih od sre\u0107e da dobijem unuke, sve sam ve\u0107 isplanirao&#8217;"},"content":{"rendered":"\n<p>&#8220;Vjerujem da je gospo\u0111i naporno biti tako dugo sa troje ve\u0107 velikih unuka, kako fizi\u010dki, tako i financijski, ali ja joj \u017eelim re\u0107i da bi joj bilo jo\u0161 puno te\u017ee da ih ne vidi jako dugo. Nije rje\u0161enje sve uga\u0111ati djeci, pa neka to vi\u0161e ne radi &#8211; bolje bi bilo u\u010diti djecu da budu korisni, da ne\u0161to nau\u010de. Djeca to najvi\u0161e \u017eele, ali netko stariji to mora pokrenuti&#8221;, smatra gospodin Darko.<\/p>\n\n\n\n<p>Potom je otkrio kako bi on unucima organizirao ljetne praznike. &#8220;Ja bih tijekom ljetnih praznika malo &#8216;zanemario&#8217; prijatelje i maksimalno se posvetio unu\u010dadi. Najprije bih im otvoreno rekao da nemam novaca, ali imam vremena koliko god ga oni \u017eele provesti sa mnom. Stalno bih smi\u0161ljao ne\u0161to kako da im ispunim vrijeme, pomno bih sve isplanirao i organizirao: odlazak na plivanje, vje\u017ebanje, vo\u017enju biciklom, odlazak u prirodu i u\u010denje o vrstama biljaka, \u017eivotinja, drve\u0107a itd.&#8221;<\/p>\n\n\n\n<p>&#8220;Nau\u010dio bih ih da je znanje jako va\u017eno, to \u0107e im pomo\u0107i da postanu sjajni ljudi i ako mi jednoga dana ka\u017eu da sam i ja barem malo zaslu\u017ean za njihov uspjeh, smatrat \u0107u da je moj \u017eivot imao smisla&#8221;, nastavlja u svojem pismu.<\/p><div id=\"mojev-3114564657\" class=\"mojev-u-tekstu mojev-entity-placement\" style=\"margin-left: auto;margin-right: auto;text-align: center;\"><div class=\"mojev-adlabel\">oglas<\/div><div style=\"height: 250px;\"><script async src=\"https:\/\/pagead2.googlesyndication.com\/pagead\/js\/adsbygoogle.js?client=ca-pub-8106111766207173\"\r\n     crossorigin=\"anonymous\"><\/script>\r\n<!-- Prikazni 1 u tekstu -->\r\n<ins class=\"adsbygoogle\"\r\n     style=\"display:block\"\r\n     data-ad-client=\"ca-pub-8106111766207173\"\r\n     data-ad-slot=\"8535551207\"\r\n     data-ad-format=\"auto\"\r\n     data-full-width-responsive=\"true\"><\/ins>\r\n<script>\r\n     (adsbygoogle = window.adsbygoogle || []).push({});\r\n<\/script><\/div><\/div><br style=\"clear: both; display: block; float: none;\"\/>\n\n\n\n<h3 class=\"wp-block-heading\">Treba se dobro organizirati<\/h3>\n\n\n\n<p>Oti\u0161ao je potom gospodin Darko i dalje u svojim promi\u0161ljanjima, pa savjetuje bake i djedove koji muku mu\u010de s unucima da se mogu organizirati i na sljede\u0107i na\u010din (bio bi to, dakako, i njegov plan s vlastitim unucima): &#8220;Ako imate vrt mo\u017ee se organizirati sadnja, berba i prerada ekolo\u0161kih proizvoda, tako \u0107e djeca nau\u010diti va\u017enost zdrave prehrane i kako je pripremiti. Ako nemate vrt ona \u010ditajte djeci i u\u010dite ih, primjerice neki strani jezik, zemljopis, biologiju, ne\u0161to od toga bi sigurno zainteresiralo djecu&#8221;, misli su gospodina Darka \u017eeljnog unu\u010dadi.<\/p>\n\n\n\n<p>Potom ka\u017ee da je uvjerenja da pona\u0161anje djece ovisi i o na\u0161em pogledu na svijet odnosno je li on optimisti\u010dan ili pesimisti\u010dan. &#8220;Djeca rade ono \u0161to vide i ako oni vide pozitivnu energiju i strpljenje kod nas, oni \u0107e osjetiti i na\u0161u ljubav. A znamo da smo za ljubav i mi odrasli spremni u\u010diniti sve, a djeca i mnogo vi\u0161e&#8221;, uvjeren je gospodin Darko.<\/p>\n\n\n\n<h3 class=\"wp-block-heading\"><strong>&#8220;Umro bih od sre\u0107e<\/strong>&#8220;<\/h3>\n\n\n\n<p>&#8220;Osobno, umro bih od sre\u0107e da dobijem unuke i priliku da im pru\u017eim \u017eivotnu \u0161kolu, mislim da je to ne\u0161to najve\u0107e i najljep\u0161e \u0161to se \u010dovjeku mo\u017ee dogoditi&#8221;, zaklju\u010dio je svoje dirljivo pismo gospodin Darko. \u017deljno i\u0161\u010dekujemo jo\u0161 jedno njegovo pismo u skoroj budu\u0107nosti &#8211; ono, u kojem nam otkriva da je postao ponosan i bri\u017ean djed. Prilog koji je potaknuo na\u0161eg \u010ditatelja Darka na reakciju pro\u010ditajte na <a rel=\"noreferrer noopener\" href=\"https:\/\/www.mojevrijeme.hr\/magazin\/2023\/08\/ne-zelim-cijelo-ljeto-trositi-novac-i-vrijeme-na-unuke-kako-to-reci-kceri\/\" target=\"_blank\">ovoj poveznici<\/a>.<\/p>\n\n\n\n<div id=\"crveno\"><\/p>\n\n\n\n<h3 class=\"wp-block-heading\">Zanima nas va\u0161a pri\u010da<\/h3>\n\n\n\n<p>\u017delite li i vi, posve anonimno, podijeliti svoje iskustvo i vi\u0111enje ove teme s nama i na\u0161im \u010ditateljima, mo\u017eete to u\u010diniti putem web obrasca <a rel=\"noreferrer noopener\" href=\"https:\/\/www.mojevrijeme.hr\/magazin\/povjerljivo\/\" target=\"_blank\">Povjerljivo<\/a>. Napi\u0161ite svoju pri\u010du!<\/p>\n\n\n\n<p><\/div>\n<div id=\"mojev-1759212839\" class=\"mojev-kraj-teksta mojev-entity-placement\" style=\"margin-bottom: 20px;margin-left: auto;margin-right: auto;text-align: center;\"><div class=\"mojev-adlabel\">oglas<\/div><div style=\"height: 250px;\"><script async src=\"https:\/\/pagead2.googlesyndication.com\/pagead\/js\/adsbygoogle.js?client=ca-pub-8106111766207173\"\r\n     crossorigin=\"anonymous\"><\/script>\r\n<!-- Display-1 -->\r\n<ins class=\"adsbygoogle\"\r\n     style=\"display:block\"\r\n     data-ad-client=\"ca-pub-8106111766207173\"\r\n     data-ad-slot=\"1465712950\"\r\n     data-ad-format=\"auto\"\r\n     data-full-width-responsive=\"true\"><\/ins>\r\n<script>\r\n     (adsbygoogle = window.adsbygoogle || []).push({});\r\n<\/script><\/div><\/div>","protected":false},"excerpt":{"rendered":"<p>Gospodin Darko pro\u010ditao je na\u0161 tekst o baki koja se po\u017ealila da joj je te\u0161ko ljeti \u010duvati i financirati unuke. Ka\u017ee, ne mo\u017ee to shvatiti, jer on \u017eivi za dan kad \u0107e mu barem jedno od dvoje djece re\u0107i da \u0107e postati djed. Dirnulo nas je kako je pomno isplanirao \u0161to bi sve radio s unucima, ako bude te sre\u0107e da ih ima. Svoje snove i vizije opisao nam je do sitnih detalja.<\/p>\n","protected":false},"author":17,"featured_media":85086,"comment_status":"closed","ping_status":"closed","sticky":false,"template":"","format":"standard","meta":{"footnotes":""},"categories":[3552],"tags":[3549,3694],"class_list":["post-84755","post","type-post","status-publish","format-standard","has-post-thumbnail","hentry","category-povjerljivo","tag-bake-i-unuci","tag-djedovi-i-unuci"],"_links":{"self":[{"href":"https:\/\/www.mojevrijeme.hr\/magazin\/wp-json\/wp\/v2\/posts\/84755","targetHints":{"allow":["GET"]}}],"collection":[{"href":"https:\/\/www.mojevrijeme.hr\/magazin\/wp-json\/wp\/v2\/posts"}],"about":[{"href":"https:\/\/www.mojevrijeme.hr\/magazin\/wp-json\/wp\/v2\/types\/post"}],"author":[{"embeddable":true,"href":"https:\/\/www.mojevrijeme.hr\/magazin\/wp-json\/wp\/v2\/users\/17"}],"replies":[{"embeddable":true,"href":"https:\/\/www.mojevrijeme.hr\/magazin\/wp-json\/wp\/v2\/comments?post=84755"}],"version-history":[{"count":0,"href":"https:\/\/www.mojevrijeme.hr\/magazin\/wp-json\/wp\/v2\/posts\/84755\/revisions"}],"wp:featuredmedia":[{"embeddable":true,"href":"https:\/\/www.mojevrijeme.hr\/magazin\/wp-json\/wp\/v2\/media\/85086"}],"wp:attachment":[{"href":"https:\/\/www.mojevrijeme.hr\/magazin\/wp-json\/wp\/v2\/media?parent=84755"}],"wp:term":[{"taxonomy":"category","embeddable":true,"href":"https:\/\/www.mojevrijeme.hr\/magazin\/wp-json\/wp\/v2\/categories?post=84755"},{"taxonomy":"post_tag","embeddable":true,"href":"https:\/\/www.mojevrijeme.hr\/magazin\/wp-json\/wp\/v2\/tags?post=84755"}],"curies":[{"name":"wp","href":"https:\/\/api.w.org\/{rel}","templated":true}]}}