{"id":84768,"date":"2023-09-05T13:08:37","date_gmt":"2023-09-05T11:08:37","guid":{"rendered":"https:\/\/www.mojevrijeme.hr\/magazin\/?p=84768"},"modified":"2023-09-06T19:21:50","modified_gmt":"2023-09-06T17:21:50","slug":"obrisi-13-mirovine-veca-ili-manja-od-prosjecne","status":"publish","type":"post","link":"https:\/\/www.mojevrijeme.hr\/magazin\/2023\/09\/obrisi-13-mirovine-veca-ili-manja-od-prosjecne\/","title":{"rendered":"Pileti\u0107 o iznosu 13. mirovine, Fortuna o prvoj isplati"},"content":{"rendered":"\n<p>Nakon ju\u010dera\u0161nje sjednice Nacionalnog vije\u0107a za starije osobe predstavnice umirovljeni\u010dkih udruga poru\u010dile su da je Hrvatska korak bli\u017ee isplati 13. mirovine. Rije\u010d o mirovini koju brojne europske dr\u017eave ispla\u0107uju po razli\u010ditim principima i u razli\u010ditim iznosima.<\/p>\n\n\n\n<p>Njena prednost je \u0161to je ona zakonski za\u0161ti\u0107ena i nije podlo\u017ena trenutnim mogu\u0107nostima i volji vladaju\u0107ih ve\u0107 je na neki na\u010din zacementirana kao trajno pravo. No kolika \u0107e, ako se ikad realizira, iznositi 13. mirovina u Hrvatskoj? I kada \u0107e se ona dogoditi?<\/p>\n\n\n\n<p>&#8220;Dakle nije rije\u010d o 100 posto prosje\u010dnoj mirovini ili realnoj mirovini koju korisnik mirovine ima, nego razmi\u0161ljamo da to bude jedan godi\u0161nji dodatak, po kojim parametrima i na koji na\u010din o kojem \u0107emo pregovarati i dogovarati&#8221;, kazao je ministar mirovinskog sustava <strong>Marin Pileti\u0107<\/strong>. Iz njegovih rije\u010di \u010dini se da \u0107e 13. mirovina biti manja od mirovine koju korisnik prima. <\/p><div id=\"mojev-271785646\" class=\"mojev-u-tekstu mojev-entity-placement\" style=\"margin-left: auto;margin-right: auto;text-align: center;\"><div class=\"mojev-adlabel\">oglas<\/div><div style=\"height: 250px;\"><script async src=\"https:\/\/pagead2.googlesyndication.com\/pagead\/js\/adsbygoogle.js?client=ca-pub-8106111766207173\"\r\n     crossorigin=\"anonymous\"><\/script>\r\n<!-- Prikazni 1 u tekstu -->\r\n<ins class=\"adsbygoogle\"\r\n     style=\"display:block\"\r\n     data-ad-client=\"ca-pub-8106111766207173\"\r\n     data-ad-slot=\"8535551207\"\r\n     data-ad-format=\"auto\"\r\n     data-full-width-responsive=\"true\"><\/ins>\r\n<script>\r\n     (adsbygoogle = window.adsbygoogle || []).push({});\r\n<\/script><\/div><\/div><br style=\"clear: both; display: block; float: none;\"\/>\n\n\n\n<p>&#8220;Iskreno, ako ka\u017eem 1. sije\u010dnja mislim da \u0107u re\u0107i ne\u0161to \u0161to je realno, ali mi bi htjeli sutra. Ali nema realnosti da bude sutra, a i da \u0107e biti i 1. sije\u010dnja pogotovo ako idemo mijenjati Zakon, onda postoje procedure, vrlo sam realna, ali kad bi mogli sutra mi bi tra\u017eili sutra&#8221;, rekla je po zavr\u0161etku sjednice predsjednica Matice umirovljenika Hrvatske <strong>Vi\u0161nja Fortuna<\/strong>.&nbsp;<\/p>\n<div id=\"mojev-1260366360\" class=\"mojev-kraj-teksta mojev-entity-placement\" style=\"margin-bottom: 20px;margin-left: auto;margin-right: auto;text-align: center;\"><div class=\"mojev-adlabel\">oglas<\/div><div style=\"height: 250px;\"><script async src=\"https:\/\/pagead2.googlesyndication.com\/pagead\/js\/adsbygoogle.js?client=ca-pub-8106111766207173\"\r\n     crossorigin=\"anonymous\"><\/script>\r\n<!-- Display-1 -->\r\n<ins class=\"adsbygoogle\"\r\n     style=\"display:block\"\r\n     data-ad-client=\"ca-pub-8106111766207173\"\r\n     data-ad-slot=\"1465712950\"\r\n     data-ad-format=\"auto\"\r\n     data-full-width-responsive=\"true\"><\/ins>\r\n<script>\r\n     (adsbygoogle = window.adsbygoogle || []).push({});\r\n<\/script><\/div><\/div>","protected":false},"excerpt":{"rendered":"<p>Ve\u0107ina na\u0161ih zahtjeva tra\u017ei zakonske izmjene koje trebaju pro\u0107i proceduru, a za to treba vremena, ka\u017ee predsjednica Matice umirovljenika Hrvatske.<\/p>\n","protected":false},"author":1,"featured_media":55682,"comment_status":"closed","ping_status":"closed","sticky":false,"template":"","format":"standard","meta":{"footnotes":""},"categories":[9],"tags":[3398,3231,18,1221],"class_list":["post-84768","post","type-post","status-publish","format-standard","has-post-thumbnail","hentry","category-vijesti","tag-13-mirovina","tag-marin-piletic","tag-mirovine","tag-visnja-fortuna"],"_links":{"self":[{"href":"https:\/\/www.mojevrijeme.hr\/magazin\/wp-json\/wp\/v2\/posts\/84768","targetHints":{"allow":["GET"]}}],"collection":[{"href":"https:\/\/www.mojevrijeme.hr\/magazin\/wp-json\/wp\/v2\/posts"}],"about":[{"href":"https:\/\/www.mojevrijeme.hr\/magazin\/wp-json\/wp\/v2\/types\/post"}],"author":[{"embeddable":true,"href":"https:\/\/www.mojevrijeme.hr\/magazin\/wp-json\/wp\/v2\/users\/1"}],"replies":[{"embeddable":true,"href":"https:\/\/www.mojevrijeme.hr\/magazin\/wp-json\/wp\/v2\/comments?post=84768"}],"version-history":[{"count":0,"href":"https:\/\/www.mojevrijeme.hr\/magazin\/wp-json\/wp\/v2\/posts\/84768\/revisions"}],"wp:featuredmedia":[{"embeddable":true,"href":"https:\/\/www.mojevrijeme.hr\/magazin\/wp-json\/wp\/v2\/media\/55682"}],"wp:attachment":[{"href":"https:\/\/www.mojevrijeme.hr\/magazin\/wp-json\/wp\/v2\/media?parent=84768"}],"wp:term":[{"taxonomy":"category","embeddable":true,"href":"https:\/\/www.mojevrijeme.hr\/magazin\/wp-json\/wp\/v2\/categories?post=84768"},{"taxonomy":"post_tag","embeddable":true,"href":"https:\/\/www.mojevrijeme.hr\/magazin\/wp-json\/wp\/v2\/tags?post=84768"}],"curies":[{"name":"wp","href":"https:\/\/api.w.org\/{rel}","templated":true}]}}