{"id":84814,"date":"2023-09-07T09:49:21","date_gmt":"2023-09-07T07:49:21","guid":{"rendered":"https:\/\/www.mojevrijeme.hr\/magazin\/?p=84814"},"modified":"2023-09-07T09:50:16","modified_gmt":"2023-09-07T07:50:16","slug":"garaca-objasnio-zasto-rastu-dvostupne-mirovine-vlada-sprjecava-propadanje-reforme","status":"publish","type":"post","link":"https:\/\/www.mojevrijeme.hr\/magazin\/2023\/09\/garaca-objasnio-zasto-rastu-dvostupne-mirovine-vlada-sprjecava-propadanje-reforme\/","title":{"rendered":"Gara\u010da objasnio za\u0161to rastu dvostupne mirovine: &#8216;Vlada sprje\u010dava propadanje&#8217;"},"content":{"rendered":"\n<p>Vlada RH priprema novu reformu mirovinskog sustava. Prema jo\u0161 uvijek neslu\u017ebenim podacima i umirovljenici koji \u0107e primati kombiniranu mirovinu iz prvog i drugog stupa dobili bi isti dodatak kao i oni koji primaju mirovinu samo iz prvog stupa. <\/p>\n\n\n\n<p>Prema nekim podacima oko 90 posto novih umirovljenika bira prvi stup, Kako bi se budu\u0107e umirovljenika potaklo da idu u mirovinu iz oba dva stupa omogu\u0107it \u0107e se i jednokratno uzimanje 20 posto novca iz drugog stupa. <\/p>\n\n\n\n<p>&#8220;Mirovinski fondovi i posebno mirovinska osiguravaju\u0107a dru\u0161tva su do\u0161li u velike probleme. Cijela reforma je postala upitna u smislu da se po\u010dela uru\u0161avati sama od sebe&#8221;, komentirao je za <a href=\"https:\/\/radio.hrt.hr\/radio-split\/zivot\/nova-mirovinska-reforma--11012086\" target=\"_blank\" rel=\"noreferrer noopener\">HRT Radio Split<\/a> ekonomski analiti\u010dar <strong>\u017deljko Gara\u010da<\/strong>.<\/p><div id=\"mojev-3900973597\" class=\"mojev-u-tekstu mojev-entity-placement\" style=\"margin-left: auto;margin-right: auto;text-align: center;\"><div class=\"mojev-adlabel\">oglas<\/div><div style=\"height: 250px;\"><script async src=\"https:\/\/pagead2.googlesyndication.com\/pagead\/js\/adsbygoogle.js?client=ca-pub-8106111766207173\"\r\n     crossorigin=\"anonymous\"><\/script>\r\n<!-- Prikazni 1 u tekstu -->\r\n<ins class=\"adsbygoogle\"\r\n     style=\"display:block\"\r\n     data-ad-client=\"ca-pub-8106111766207173\"\r\n     data-ad-slot=\"8535551207\"\r\n     data-ad-format=\"auto\"\r\n     data-full-width-responsive=\"true\"><\/ins>\r\n<script>\r\n     (adsbygoogle = window.adsbygoogle || []).push({});\r\n<\/script><\/div><\/div><br style=\"clear: both; display: block; float: none;\"\/>\n\n\n\n<p>&#8220;Da bi se sprije\u010dilo daljnje propadanje reforme, da bi spasila reformu, Vlada je odlu\u010dila novim mjerama u\u010diniti mirovine iz II. stupa atraktivnijim. Umirovljenici koju su samo u I. stupu imaju dodatak od 27 posto. Oni koji primaju mirovine iz dva stupa imaju dodatak od 21,25 posto. Sada se to izjedna\u010dava pa \u0107e svi imati 27 posto. Time \u0107e se podizati i dvostupne mirovine&#8221;, kazao je Gara\u010da.<\/p>\n<div id=\"mojev-551235702\" class=\"mojev-kraj-teksta mojev-entity-placement\" style=\"margin-bottom: 20px;margin-left: auto;margin-right: auto;text-align: center;\"><div class=\"mojev-adlabel\">oglas<\/div><div style=\"height: 250px;\"><script async src=\"https:\/\/pagead2.googlesyndication.com\/pagead\/js\/adsbygoogle.js?client=ca-pub-8106111766207173\"\r\n     crossorigin=\"anonymous\"><\/script>\r\n<!-- Display-1 -->\r\n<ins class=\"adsbygoogle\"\r\n     style=\"display:block\"\r\n     data-ad-client=\"ca-pub-8106111766207173\"\r\n     data-ad-slot=\"1465712950\"\r\n     data-ad-format=\"auto\"\r\n     data-full-width-responsive=\"true\"><\/ins>\r\n<script>\r\n     (adsbygoogle = window.adsbygoogle || []).push({});\r\n<\/script><\/div><\/div>","protected":false},"excerpt":{"rendered":"<p>Da bi se sprije\u010dilo daljnje propadanje reforme, da bi spasila reformu, Vlada je odlu\u010dila novim mjerama u\u010diniti mirovine iz II. stupa atraktivnijim, navodi profesor.<\/p>\n","protected":false},"author":1,"featured_media":33243,"comment_status":"closed","ping_status":"closed","sticky":false,"template":"","format":"standard","meta":{"footnotes":""},"categories":[9],"tags":[1133,18,3052],"class_list":["post-84814","post","type-post","status-publish","format-standard","has-post-thumbnail","hentry","category-vijesti","tag-drugi-stup","tag-mirovine","tag-zeljko-garaca"],"_links":{"self":[{"href":"https:\/\/www.mojevrijeme.hr\/magazin\/wp-json\/wp\/v2\/posts\/84814","targetHints":{"allow":["GET"]}}],"collection":[{"href":"https:\/\/www.mojevrijeme.hr\/magazin\/wp-json\/wp\/v2\/posts"}],"about":[{"href":"https:\/\/www.mojevrijeme.hr\/magazin\/wp-json\/wp\/v2\/types\/post"}],"author":[{"embeddable":true,"href":"https:\/\/www.mojevrijeme.hr\/magazin\/wp-json\/wp\/v2\/users\/1"}],"replies":[{"embeddable":true,"href":"https:\/\/www.mojevrijeme.hr\/magazin\/wp-json\/wp\/v2\/comments?post=84814"}],"version-history":[{"count":0,"href":"https:\/\/www.mojevrijeme.hr\/magazin\/wp-json\/wp\/v2\/posts\/84814\/revisions"}],"wp:featuredmedia":[{"embeddable":true,"href":"https:\/\/www.mojevrijeme.hr\/magazin\/wp-json\/wp\/v2\/media\/33243"}],"wp:attachment":[{"href":"https:\/\/www.mojevrijeme.hr\/magazin\/wp-json\/wp\/v2\/media?parent=84814"}],"wp:term":[{"taxonomy":"category","embeddable":true,"href":"https:\/\/www.mojevrijeme.hr\/magazin\/wp-json\/wp\/v2\/categories?post=84814"},{"taxonomy":"post_tag","embeddable":true,"href":"https:\/\/www.mojevrijeme.hr\/magazin\/wp-json\/wp\/v2\/tags?post=84814"}],"curies":[{"name":"wp","href":"https:\/\/api.w.org\/{rel}","templated":true}]}}