{"id":84844,"date":"2023-09-06T11:54:28","date_gmt":"2023-09-06T09:54:28","guid":{"rendered":"https:\/\/www.mojevrijeme.hr\/magazin\/?p=84844"},"modified":"2023-09-06T14:19:29","modified_gmt":"2023-09-06T12:19:29","slug":"katarina-62-nasla-sam-ljubavnika-nisam-ostavila-muza-iako-ga-ne-volim","status":"publish","type":"post","link":"https:\/\/www.mojevrijeme.hr\/magazin\/2023\/09\/katarina-62-nasla-sam-ljubavnika-nisam-ostavila-muza-iako-ga-ne-volim\/","title":{"rendered":"Katarina (62): &#8216;Na\u0161la sam ljubavnika. Nisam ostavila mu\u017ea, iako ga ne volim&#8217;"},"content":{"rendered":"\n<p>&#8220;Pred vratima nam je 40. godi\u0161njica braka i kad sve sagledam, bolje da se nikad nisam ni udavala. No, dolazim iz malogra\u0111anske sredine i prakti\u010dki sam bila prisiljena udati se za prvog kandidata. Mo\u017eda je u po\u010detku bilo ljubavi. Rodila sam dva sina, kupili smo ku\u0107u, onda se dogodio i rat. Ja sam poku\u0161avala biti majka i mu\u017eu i djeci&#8221;, prisjetila se u povjerljivom pismu gospo\u0111a Katarina.<\/p>\n\n\n\n<p>Kad su sinovi kasnije imali cure, otkriva nam, svi su \u017eivjeli kod njih u ku\u0107i. &#8220;\u010cinilo mi se kao da imam \u010detvero djece. Onda je i to sve krenulo nizbrdo, mu\u017e je s 45 godina ostao bez posla. Ja sam radila na poslu i kod ku\u0107e. Pozitivno u svemu tome bilo je to \u0161to su nas djeca vukla za sobom, u mlado dru\u0161tvo i tu sam se na\u0161la. Ali, onda sam i ja ostala bez posla&#8221;, opisuje nam svoje kotrljanje nizbrdo u jednom razdoblju \u017eivota.<\/p>\n\n\n\n<h3 class=\"wp-block-heading\">Upoznavanje preko interneta<\/h3>\n\n\n\n<p>To \u0161to je i ona izgubila primanja bilo je za obitelj stra\u0161no, jer je ona od te pla\u0107e financirala kredit, re\u017eije i ku\u0107ne tro\u0161kove.<\/p><div id=\"mojev-865905502\" class=\"mojev-u-tekstu mojev-entity-placement\" style=\"margin-left: auto;margin-right: auto;text-align: center;\"><div class=\"mojev-adlabel\">oglas<\/div><div style=\"height: 250px;\"><script async src=\"https:\/\/pagead2.googlesyndication.com\/pagead\/js\/adsbygoogle.js?client=ca-pub-8106111766207173\"\r\n     crossorigin=\"anonymous\"><\/script>\r\n<!-- Prikazni 1 u tekstu -->\r\n<ins class=\"adsbygoogle\"\r\n     style=\"display:block\"\r\n     data-ad-client=\"ca-pub-8106111766207173\"\r\n     data-ad-slot=\"8535551207\"\r\n     data-ad-format=\"auto\"\r\n     data-full-width-responsive=\"true\"><\/ins>\r\n<script>\r\n     (adsbygoogle = window.adsbygoogle || []).push({});\r\n<\/script><\/div><\/div><br style=\"clear: both; display: block; float: none;\"\/>\n\n\n\n<p>&#8220;Koliko su godine projurile mimo nas shvatili smo tek kad smo ostali sami. Tada sam uvidjela da smo mu\u017e i ja ne dva razli\u010dita svijeta, nego dva razli\u010dita svemira. On niti je duhovit, niti je dru\u0161tven, ne ple\u0161e, a na fe\u0161tama mu je bitno samo da na\u0111e dru\u0161tvo na \u0161anku. Ja sam s druge strane vesela, duhovita i dru\u0161tvena. Nakon otkaza na\u0161la sam nekoliko poslova i radila sva\u0161ta, dok je on samo sjedio doma&#8221;, otkrila nam je. <\/p>\n\n\n\n<p>Dugo je, povjerava nam, bila usamljena, sama obavljala sve ku\u0107anske poslove. &#8220;Onda sam se okrenula Facebooku i po\u010dela se dopisivati s mla\u0111im mu\u0161karcem. Ponovno sam se vratila u divne dane mladosti, smijeha, veselja, poskrive\u010dki odlazila s tim mu\u0161karcem na zabave, dok mi mu\u017e nije po\u010deo kopati po mobitelu pa je na\u0161ao na\u0161a prekrasna dopisivanja. Pratio me po gradu, djecu okrenuo protiv mene, a \u0161to je najgore, ja sam se bila istinski zaljubila&#8221;, iskreno nam priznaje.<\/p>\n\n\n\n<h3 class=\"wp-block-heading\">Nema budu\u0107nosti<\/h3>\n\n\n\n<p>\u010covjek u kojeg se zaljubila od nje je mla\u0111i 23 godine i ona je te razlike svjesna. &#8220;Nije tu bilo nikakve \u0161anse za budu\u0107nost, a i nisam mogla oti\u0107i od nezaposlenog mu\u017ea, trebala sam ga uzdr\u017eavati. Svog mu\u017ea ne volim, \u017eivimo kao cimeri, predbacuje mi ljubavnika. A ja samo \u017eivim od sje\u0107anja na ta lijepa vremena. Jo\u0161 uvijek se ponekad na\u0111emo, svaki dodir, svaki poljubac mi je dragocjen. Uglavnom kad sve sagledam, svoj \u017eivot sam potratila, ali bez obzira na godine udovoljavam si koliko mogu i sada sam samoj sebi na prvome mjestu&#8221;, povjerila nam se na\u0161a vjerna \u010ditateljica Katarina.<\/p>\n\n\n\n<div id=\"crveno\"><\/p>\n\n\n\n<h3 class=\"wp-block-heading\">Zanima nas va\u0161a pri\u010da<\/h3>\n\n\n\n<p>\u017delite li i vi, posve anonimno, podijeliti svoje iskustvo i vi\u0111enje ove teme s nama i na\u0161im \u010ditateljima, mo\u017eete to u\u010diniti putem web obrasca <a rel=\"noreferrer noopener\" href=\"https:\/\/www.mojevrijeme.hr\/magazin\/povjerljivo\/\" target=\"_blank\">Povjerljivo<\/a>. Napi\u0161ite svoju pri\u010du!<\/p>\n\n\n\n<p><\/div>\n<div id=\"mojev-311343107\" class=\"mojev-kraj-teksta mojev-entity-placement\" style=\"margin-bottom: 20px;margin-left: auto;margin-right: auto;text-align: center;\"><div class=\"mojev-adlabel\">oglas<\/div><div style=\"height: 250px;\"><script async src=\"https:\/\/pagead2.googlesyndication.com\/pagead\/js\/adsbygoogle.js?client=ca-pub-8106111766207173\"\r\n     crossorigin=\"anonymous\"><\/script>\r\n<!-- Display-1 -->\r\n<ins class=\"adsbygoogle\"\r\n     style=\"display:block\"\r\n     data-ad-client=\"ca-pub-8106111766207173\"\r\n     data-ad-slot=\"1465712950\"\r\n     data-ad-format=\"auto\"\r\n     data-full-width-responsive=\"true\"><\/ins>\r\n<script>\r\n     (adsbygoogle = window.adsbygoogle || []).push({});\r\n<\/script><\/div><\/div>","protected":false},"excerpt":{"rendered":"<p>Gospo\u0111a Katarina (62), rekli bismo kad ne bismo znali svu pozadinu njezina braka, ima tu sre\u0107u da sa suprugom slavi 40 zajedni\u010dkih godina. No, nama je povjerila da je za nju njezin brak samo forma bez sadr\u017eaja, da nimalo ne voli svog 65-godi\u0161njeg supruga i osje\u0107a da je uz njega potratila svoj \u017eivot. Iako joj se u braku dogodila ljubav, odrekla je se &#8211; u ime (lo\u0161eg) braka.<\/p>\n","protected":false},"author":17,"featured_media":84863,"comment_status":"closed","ping_status":"closed","sticky":false,"template":"","format":"standard","meta":{"footnotes":""},"categories":[3552],"tags":[304,609,358],"class_list":["post-84844","post","type-post","status-publish","format-standard","has-post-thumbnail","hentry","category-povjerljivo","tag-brak","tag-ljubavnici","tag-preljub"],"_links":{"self":[{"href":"https:\/\/www.mojevrijeme.hr\/magazin\/wp-json\/wp\/v2\/posts\/84844","targetHints":{"allow":["GET"]}}],"collection":[{"href":"https:\/\/www.mojevrijeme.hr\/magazin\/wp-json\/wp\/v2\/posts"}],"about":[{"href":"https:\/\/www.mojevrijeme.hr\/magazin\/wp-json\/wp\/v2\/types\/post"}],"author":[{"embeddable":true,"href":"https:\/\/www.mojevrijeme.hr\/magazin\/wp-json\/wp\/v2\/users\/17"}],"replies":[{"embeddable":true,"href":"https:\/\/www.mojevrijeme.hr\/magazin\/wp-json\/wp\/v2\/comments?post=84844"}],"version-history":[{"count":0,"href":"https:\/\/www.mojevrijeme.hr\/magazin\/wp-json\/wp\/v2\/posts\/84844\/revisions"}],"wp:featuredmedia":[{"embeddable":true,"href":"https:\/\/www.mojevrijeme.hr\/magazin\/wp-json\/wp\/v2\/media\/84863"}],"wp:attachment":[{"href":"https:\/\/www.mojevrijeme.hr\/magazin\/wp-json\/wp\/v2\/media?parent=84844"}],"wp:term":[{"taxonomy":"category","embeddable":true,"href":"https:\/\/www.mojevrijeme.hr\/magazin\/wp-json\/wp\/v2\/categories?post=84844"},{"taxonomy":"post_tag","embeddable":true,"href":"https:\/\/www.mojevrijeme.hr\/magazin\/wp-json\/wp\/v2\/tags?post=84844"}],"curies":[{"name":"wp","href":"https:\/\/api.w.org\/{rel}","templated":true}]}}