{"id":84869,"date":"2023-09-06T14:01:26","date_gmt":"2023-09-06T12:01:26","guid":{"rendered":"https:\/\/www.mojevrijeme.hr\/magazin\/?p=84869"},"modified":"2023-09-06T14:01:30","modified_gmt":"2023-09-06T12:01:30","slug":"mozemo-umirovljenicima-nudi-mirovine-vece-za-10-posto-bez-dodataka-i-trikova","status":"publish","type":"post","link":"https:\/\/www.mojevrijeme.hr\/magazin\/2023\/09\/mozemo-umirovljenicima-nudi-mirovine-vece-za-10-posto-bez-dodataka-i-trikova\/","title":{"rendered":"Mo\u017eemo umirovljenicima nudi mirovine ve\u0107e za 10 posto: Bez dodataka i trikova"},"content":{"rendered":"\n<p>Stranka Mo\u017eemo predstavila je mirovinsku reformu koju namjerava provesti, ako joj gra\u0111ani daju povjerenje na parlamentarnim izborima. Ka\u017eu, mirovine treba uskla\u0111ivati s rastom pla\u0107a i stvarnim iznosom umirovljeni\u010dke potro\u0161a\u010dke ko\u0161arice, a umjesto dodataka, nu\u017eno je sistemsko dizanje mirovina kako bi u \u010detiri godine one porasle deset posto.<\/p>\n\n\n\n<p>&#8220;Trebamo sistemsko podizanje svih mirovina, uz nu\u017ena polugodi\u0161nja uskla\u0111enja, a ne pove\u0107anja u obliku nekakvih dodataka na mirovine. Ne \u017eelimo dodatke na mirovine, ne \u017eelimo predizborne trikove, ne \u017eelimo 13. mirovine, ubrajanje godina studiranja u mirovinski sta\u017e, mi planiramo mirovine pove\u0107ati sistemski, di\u017eu\u0107i aktualnu vrijednost mirovine&#8221;, kazao je zastupnik Mo\u017eemo <strong>Damir Baki\u0107<\/strong>.<\/p>\n\n\n\n<p>Iz Mo\u017eemo poru\u010duju da su stvarni indikator stanja mirovinskog sustava pune starosne mirovine te njiho odnos prema prosje\u010dnim pla\u0107ama. Trenuta\u010dno, poru\u010duje, iznosi samo 48 posto, i to nakon 8.5-postotnog uskla\u0111enja.<\/p><div id=\"mojev-3792187013\" class=\"mojev-u-tekstu mojev-entity-placement\" style=\"margin-left: auto;margin-right: auto;text-align: center;\"><div class=\"mojev-adlabel\">oglas<\/div><div style=\"height: 250px;\"><script async src=\"https:\/\/pagead2.googlesyndication.com\/pagead\/js\/adsbygoogle.js?client=ca-pub-8106111766207173\"\r\n     crossorigin=\"anonymous\"><\/script>\r\n<!-- Prikazni 1 u tekstu -->\r\n<ins class=\"adsbygoogle\"\r\n     style=\"display:block\"\r\n     data-ad-client=\"ca-pub-8106111766207173\"\r\n     data-ad-slot=\"8535551207\"\r\n     data-ad-format=\"auto\"\r\n     data-full-width-responsive=\"true\"><\/ins>\r\n<script>\r\n     (adsbygoogle = window.adsbygoogle || []).push({});\r\n<\/script><\/div><\/div><br style=\"clear: both; display: block; float: none;\"\/>\n\n\n\n<h3 class=\"wp-block-heading\">Koliko \u0107e to ko\u0161tati?<\/h3>\n\n\n\n<p>&#8220;Imamo 516 tisu\u0107a umirovljenika u punoj starosnoj mirovini, s prosje\u010dnim sta\u017eem ne\u0161to iznad 31 godine i prosje\u010dnom mirovinom 553 eura naspram prosje\u010dne pla\u0107e od 1.150 eura, a na\u0161 je plan te starosne mirovine podignuti za deset posto tako da nakon tog pove\u0107anja njihov odnos prema prosje\u010dnoj pla\u0107i bude 53 umjesto sada\u0161njih 48 posto. To desetpostotno pove\u0107anje i\u0161lo bi uz sva redovita polugodi\u0161nja uskla\u0111ivanja, i mogu\u0107e ga je realizirati za sve mirovine, osim za one koje se ispla\u0107uju prema posebnim propisima&#8221;, najavio je Baki\u0107 koji misli da je mogu\u0107e mirovine podignuti deset posto u jednom mandatu, i to na na\u010din.<\/p>\n\n\n\n<p>&#8220;Uz redovita uskla\u0111enja, kroz \u010detiri uzastopne godine sistemski di\u017eemo za 3 plus 3 plus 2 plus 2 posto&#8221;, objasnio je i dodao da to ko\u0161ta ne\u0161to manje od 200 milijuna eura godi\u0161nje. &#8220;Prora\u010dunski tro\u0161ak mirovinskog sustava u prvom mirovinskom stupu sa sada\u0161njih 10.36 posto popet \u0107e se na 11 posto prora\u010dunskih rashoda, \u0161to je odr\u017eivo, mogu\u0107e i izvedivo&#8221;, ka\u017ee.<\/p>\n\n\n\n<p>Jednakom dinamikom namjeravaju uskla\u0111ivati i najni\u017ee mirovine kako bi i one porasle za deset posto nakon \u010detiri godine mandata.<\/p>\n\n\n\n<h3 class=\"wp-block-heading\">Za ja\u010danje II. mirovinskog stupa<\/h3>\n\n\n\n<p>Baki\u0107 se osvrnuo i na drugi mirovinski stup kazav\u0161i da je godinama bio sustavno potkopavan, no pozdravio je to \u0161to se kona\u010dno mijenja da dodatak na osnovnu mirovinu postaje 27 posto umjesto 20.25 posto, kao \u0161to je bilo svih ovih godina. Zadovoljan je i time da Vlada premijera Plenkovi\u0107a planira omogu\u0107iti povla\u010denje 20 umjesto dosada\u0161njih 15 posto iz drugog mirovinskog stupa. Lo\u0161im smatra ideju da se mirovinskim fondovima omogu\u0107i ulaganje u nekretnine koje smatra najneproduktivnijim oblikom \u0161tednje.<\/p>\n<div id=\"mojev-3794044929\" class=\"mojev-kraj-teksta mojev-entity-placement\" style=\"margin-bottom: 20px;margin-left: auto;margin-right: auto;text-align: center;\"><div class=\"mojev-adlabel\">oglas<\/div><div style=\"height: 250px;\"><script async src=\"https:\/\/pagead2.googlesyndication.com\/pagead\/js\/adsbygoogle.js?client=ca-pub-8106111766207173\"\r\n     crossorigin=\"anonymous\"><\/script>\r\n<!-- Display-1 -->\r\n<ins class=\"adsbygoogle\"\r\n     style=\"display:block\"\r\n     data-ad-client=\"ca-pub-8106111766207173\"\r\n     data-ad-slot=\"1465712950\"\r\n     data-ad-format=\"auto\"\r\n     data-full-width-responsive=\"true\"><\/ins>\r\n<script>\r\n     (adsbygoogle = window.adsbygoogle || []).push({});\r\n<\/script><\/div><\/div>","protected":false},"excerpt":{"rendered":"<p>Prora\u010dunski tro\u0161ak mirovinskog sustava u prvom mirovinskom stupu sa sada\u0161njih 10.36 posto popet \u0107e se na 11 posto prora\u010dunskih rashoda, \u0161to je odr\u017eivo, mogu\u0107e i izvedivo, ka\u017eu.<\/p>\n","protected":false},"author":1,"featured_media":48825,"comment_status":"closed","ping_status":"closed","sticky":false,"template":"","format":"standard","meta":{"footnotes":""},"categories":[9],"tags":[2763,3693,1116,1578],"class_list":["post-84869","post","type-post","status-publish","format-standard","has-post-thumbnail","hentry","category-vijesti","tag-damir-bakic","tag-izbori-2024","tag-mirovinska-reforma","tag-mozemo"],"_links":{"self":[{"href":"https:\/\/www.mojevrijeme.hr\/magazin\/wp-json\/wp\/v2\/posts\/84869","targetHints":{"allow":["GET"]}}],"collection":[{"href":"https:\/\/www.mojevrijeme.hr\/magazin\/wp-json\/wp\/v2\/posts"}],"about":[{"href":"https:\/\/www.mojevrijeme.hr\/magazin\/wp-json\/wp\/v2\/types\/post"}],"author":[{"embeddable":true,"href":"https:\/\/www.mojevrijeme.hr\/magazin\/wp-json\/wp\/v2\/users\/1"}],"replies":[{"embeddable":true,"href":"https:\/\/www.mojevrijeme.hr\/magazin\/wp-json\/wp\/v2\/comments?post=84869"}],"version-history":[{"count":0,"href":"https:\/\/www.mojevrijeme.hr\/magazin\/wp-json\/wp\/v2\/posts\/84869\/revisions"}],"wp:featuredmedia":[{"embeddable":true,"href":"https:\/\/www.mojevrijeme.hr\/magazin\/wp-json\/wp\/v2\/media\/48825"}],"wp:attachment":[{"href":"https:\/\/www.mojevrijeme.hr\/magazin\/wp-json\/wp\/v2\/media?parent=84869"}],"wp:term":[{"taxonomy":"category","embeddable":true,"href":"https:\/\/www.mojevrijeme.hr\/magazin\/wp-json\/wp\/v2\/categories?post=84869"},{"taxonomy":"post_tag","embeddable":true,"href":"https:\/\/www.mojevrijeme.hr\/magazin\/wp-json\/wp\/v2\/tags?post=84869"}],"curies":[{"name":"wp","href":"https:\/\/api.w.org\/{rel}","templated":true}]}}