{"id":85059,"date":"2023-09-08T07:58:02","date_gmt":"2023-09-08T05:58:02","guid":{"rendered":"https:\/\/www.mojevrijeme.hr\/magazin\/?p=85059"},"modified":"2023-09-08T07:58:05","modified_gmt":"2023-09-08T05:58:05","slug":"hrvati-najduze-koriste-mirovinu-ii-stup-je-klub-za-bogate","status":"publish","type":"post","link":"https:\/\/www.mojevrijeme.hr\/magazin\/2023\/09\/hrvati-najduze-koriste-mirovinu-ii-stup-je-klub-za-bogate\/","title":{"rendered":"&#8216;Hrvati najdu\u017ee koriste mirovinu, II. stup je klub za bogate&#8217;"},"content":{"rendered":"\n<p><strong>Znanstvenik s Ekonomskom instituta Zagreb, Danijel Nesti\u0107, u programu <\/strong><a rel=\"noreferrer noopener\" href=\"https:\/\/n1info.hr\/vijesti\/buducnost-mirovina-u-hrvatskoj-morat-cemo-vise-godina-raditi\/\" target=\"_blank\">N1<\/a> komentirao je reformu drugog mirovinskog stupa, koja jo\u0161 nije slu\u017ebeno stupila na snagu. Nesti\u0107 smatra da \u0107e takva reforma popraviti drugi mirovinski stup.<\/p>\n\n\n\n<p>&#8220;Meni se \u010dini da to ja\u010da drugi stup, omogu\u0107ava bolji smisao. Za o\u010dekivati je da \u0107e se ve\u0107i broj ljudi odlu\u010diti primati tu kombiniranu mirovinu, zato i imamo mirovinsku \u0161tednju. Tu su navedene dvije stavke oko kojih nisam sigruan na \u0161to se misli Kod indeksiranja, radi se o tome da \u0107e drugi stup ponuditi jednu mirovinu koja \u0107e biti bez obaveze da se uskla\u0111uje s inflacijom. Ona \u0107e biti odre\u0111ena u fiksnom izrazu, plus eventualna dobit koju \u0107e ostvariti mirovinsko osiguravaju\u0107e dru\u0161tvo.!<\/p>\n\n\n\n<h3 class=\"wp-block-heading\">Po\u010detne mirovine zna\u010dajno vi\u0161e<\/h3>\n\n\n\n<p>Po\u010detne mirovine \u0107e biti zna\u010dajno vi\u0161e od dosada\u0161njih, obja\u0161njava. &#8220;Vjerojatno bi takva mirovina bila interesantna onima koji imaju naru\u0161eno zdravstveno stanje, ili im je va\u017eno da u po\u010detnom trenutku imaju takvu mirovinu, a s vremenom \u0107e se realna kupovna mo\u0107 takve mirovine smanjivati. Va\u017eno je da se dobro iskomunicira ovakav oblik mirovine, odnosno svaki oblik. Drugi stup nudi nekoliko oblika mirovina, ovo \u0107e biti sedmi, mo\u017eda \u0107e ih biti j0\u0161. Va\u017eno je da ljudi znaju u \u0161to ulaze. Ako netko dobiva na po\u010detku ve\u0107u mirovinu, mora biti svjestan da \u0107e ona s vremenom biti manja&#8221;, upozorava Nesti\u0107.<\/p><div id=\"mojev-2388256209\" class=\"mojev-u-tekstu mojev-entity-placement\" style=\"margin-left: auto;margin-right: auto;text-align: center;\"><div class=\"mojev-adlabel\">oglas<\/div><div style=\"height: 250px;\"><script async src=\"https:\/\/pagead2.googlesyndication.com\/pagead\/js\/adsbygoogle.js?client=ca-pub-8106111766207173\"\r\n     crossorigin=\"anonymous\"><\/script>\r\n<!-- Prikazni 1 u tekstu -->\r\n<ins class=\"adsbygoogle\"\r\n     style=\"display:block\"\r\n     data-ad-client=\"ca-pub-8106111766207173\"\r\n     data-ad-slot=\"8535551207\"\r\n     data-ad-format=\"auto\"\r\n     data-full-width-responsive=\"true\"><\/ins>\r\n<script>\r\n     (adsbygoogle = window.adsbygoogle || []).push({});\r\n<\/script><\/div><\/div><br style=\"clear: both; display: block; float: none;\"\/>\n\n\n\n<p>Prema podacima jako je malo onih koji odabiru mirovinu iz drugog stupnja. &#8220;Zbog na\u010dina kako se to izra\u010dunava, trenutno biste vi imorali imati 10 posto iznad hrvatskog prosjeka pla\u0107u da biste imali pravo na ovo i u budu\u0107nosti \u0107e se zbog na\u010dina izra\u010duna ta granica pove\u0107avati i sve manje ljudi \u0107e imati pravo na povla\u010denje ovoga. I tu dolazimo do problema da netko mo\u017ee re\u0107i da drugi stup postaje eksluzivni klub od kojeg korist imaju samo bogatiji i ako tako ostane primjedba ostaje.&#8221;<\/p>\n\n\n\n<h3 class=\"wp-block-heading\">Drugi stup \u0107e i dalje biti beskorisan onima s najni\u017eom mirovinom<\/h3>\n\n\n\n<p>Nesti\u0107 ka\u017ee kako od drugog stupa ne\u0107e imati koristi osobe s najni\u017eom mirovinom, a najvi\u0161e \u0161anse da im drugi stup bude isplativ, imaju osobe kojima pla\u0107a raste prema kraju karijere.<\/p>\n\n\n\n<p>Smatra kako prijedlog reforme mirovina\u00a0<strong><a rel=\"noreferrer noopener\" href=\"https:\/\/www.mojevrijeme.hr\/magazin\/2023\/04\/bakic-mozemo-treba-zagrabiti-u-proracun-i-upristojiti-mirovine-korak-po-korak\/\" data-type=\"post\" data-id=\"71607\" target=\"_blank\">Damira Baki\u0107a iz Mo\u017eemo<\/a><\/strong>\u00a0nije veoma realan i opisuje ga kao lijep popis \u017eelja. &#8220;Ovo sve \u0161to se govori to se uzima iz prora\u010duna. U mirovinskom sustavu ne postoje novci za ovakve stvari. Ono \u0161to je re\u010deno naizgled djeluje vi\u0161estruko skuplje od onoga \u0161to je re\u010deno u prvoj godini, a da ne govorim o slijede\u0107im godinama, da ne govorim o dugoro\u010dnim efektima. Tih novaca naprosto nema. Cijela reforma je uzmimo vi\u0161e iz prora\u010duna i raspodijelimo.&#8221;<\/p>\n\n\n\n<h3 class=\"wp-block-heading\">U mirovinu odlazimo &#8211; mladi<\/h3>\n\n\n\n<p>Nesti\u0107 ka\u017ee da je u Hrvatskoj prosjek sta\u017ea ne\u0161to vi\u0161e od 30 godina i da Hrvati odlaze relativno mladi u mirovinu. U Europi, Hrvatska je jedna od zemalja gdje se najdu\u017ee koristi mirovina.<\/p>\n\n\n\n<p>&#8220;U budu\u0107oj reformi treba balansirati prora\u010dunsku pomo\u0107 mirovinskom sustav s ve\u0107im naporima ljudi, u skladu s demografskim trendovima. Trenuta\u010dno imamo rast zaposlenosti, me\u0111utim dugoro\u010dni trendovi su neumoljivi. Broj radno sposobnog stanovni\u0161ta i broj zaposlenih \u0107e se smanjivati, broj umirovljenika \u0107e rasti, to \u0107e se morati zatvoriti na na\u010din da vi\u0161e godina provedemo u radu.&#8221;<\/p>\n<div id=\"mojev-2282341370\" class=\"mojev-kraj-teksta mojev-entity-placement\" style=\"margin-bottom: 20px;margin-left: auto;margin-right: auto;text-align: center;\"><div class=\"mojev-adlabel\">oglas<\/div><div style=\"height: 250px;\"><script async src=\"https:\/\/pagead2.googlesyndication.com\/pagead\/js\/adsbygoogle.js?client=ca-pub-8106111766207173\"\r\n     crossorigin=\"anonymous\"><\/script>\r\n<!-- Display-1 -->\r\n<ins class=\"adsbygoogle\"\r\n     style=\"display:block\"\r\n     data-ad-client=\"ca-pub-8106111766207173\"\r\n     data-ad-slot=\"1465712950\"\r\n     data-ad-format=\"auto\"\r\n     data-full-width-responsive=\"true\"><\/ins>\r\n<script>\r\n     (adsbygoogle = window.adsbygoogle || []).push({});\r\n<\/script><\/div><\/div>","protected":false},"excerpt":{"rendered":"<p>Nesti\u0107 ka\u017ee kako od drugog stupa ne\u0107e imati koristi osobe s najni\u017eom mirovinom, a najvi\u0161e \u0161anse da im drugi stup bude isplativ, imaju osobe kojima pla\u0107a raste prema kraju karijere.<\/p>\n","protected":false},"author":1,"featured_media":41877,"comment_status":"closed","ping_status":"closed","sticky":false,"template":"","format":"standard","meta":{"footnotes":""},"categories":[9],"tags":[1125,1133,18,1116],"class_list":["post-85059","post","type-post","status-publish","format-standard","has-post-thumbnail","hentry","category-vijesti","tag-danijel-nestic","tag-drugi-stup","tag-mirovine","tag-mirovinska-reforma"],"_links":{"self":[{"href":"https:\/\/www.mojevrijeme.hr\/magazin\/wp-json\/wp\/v2\/posts\/85059","targetHints":{"allow":["GET"]}}],"collection":[{"href":"https:\/\/www.mojevrijeme.hr\/magazin\/wp-json\/wp\/v2\/posts"}],"about":[{"href":"https:\/\/www.mojevrijeme.hr\/magazin\/wp-json\/wp\/v2\/types\/post"}],"author":[{"embeddable":true,"href":"https:\/\/www.mojevrijeme.hr\/magazin\/wp-json\/wp\/v2\/users\/1"}],"replies":[{"embeddable":true,"href":"https:\/\/www.mojevrijeme.hr\/magazin\/wp-json\/wp\/v2\/comments?post=85059"}],"version-history":[{"count":0,"href":"https:\/\/www.mojevrijeme.hr\/magazin\/wp-json\/wp\/v2\/posts\/85059\/revisions"}],"wp:featuredmedia":[{"embeddable":true,"href":"https:\/\/www.mojevrijeme.hr\/magazin\/wp-json\/wp\/v2\/media\/41877"}],"wp:attachment":[{"href":"https:\/\/www.mojevrijeme.hr\/magazin\/wp-json\/wp\/v2\/media?parent=85059"}],"wp:term":[{"taxonomy":"category","embeddable":true,"href":"https:\/\/www.mojevrijeme.hr\/magazin\/wp-json\/wp\/v2\/categories?post=85059"},{"taxonomy":"post_tag","embeddable":true,"href":"https:\/\/www.mojevrijeme.hr\/magazin\/wp-json\/wp\/v2\/tags?post=85059"}],"curies":[{"name":"wp","href":"https:\/\/api.w.org\/{rel}","templated":true}]}}