{"id":85075,"date":"2023-09-10T18:38:25","date_gmt":"2023-09-10T16:38:25","guid":{"rendered":"https:\/\/www.mojevrijeme.hr\/magazin\/?p=85075"},"modified":"2023-09-10T18:38:29","modified_gmt":"2023-09-10T16:38:29","slug":"ni-dva-dana-nisam-izdrzao-u-penziji-vec-u-ponedjeljak-sam-nasao-posao","status":"publish","type":"post","link":"https:\/\/www.mojevrijeme.hr\/magazin\/2023\/09\/ni-dva-dana-nisam-izdrzao-u-penziji-vec-u-ponedjeljak-sam-nasao-posao\/","title":{"rendered":"&#8216;Ni dva dana nisam izdr\u017eao u penziji, ve\u0107 u ponedjeljak sam na\u0161ao posao&#8217;"},"content":{"rendered":"\n<p>Na\u0161 poletni sugovornik Miroslav iz Zagreba, pun energije na pragu sedmog desetlje\u0107a \u017eivota, ugodno nas je iznenadio kad je iz svog automobila iza\u0161ao u hla\u010dama na crtu i bijeloj ko\u0161ulji sa sitnim modrim uzorkom. U finim cipelama, uredno pod\u0161i\u0161an, namirisan. &#8220;Tako sam se svakog jutra, cijelog \u017eivota, ure\u0111ivao za posao jer sam radio s ljudima i htio sam uvijek biti na nivou. Tako se uredim i danas, kad u mirovini vozim taksi&#8221;, rekao nam je na po\u010detku srda\u010dnog \u00a0susreta.<\/p>\n\n\n\n<p>Jednom sam svoj gazda, uvijek sam svoj gazda \u2013 reklo bi se za gospodina Miroslava. Kako nam otkriva, cijeli je \u017eivot vodio svoj restoran koji je prije umirovljenja prodao. &#8220;Moj su \u017eivot bili ljudi, imali smo \u010desto stalne goste koje sam ve\u0107 dobro poznavao pa smo znali povesti i du\u017ee razgovore. Svakog sam gosta osobno do\u010dekao, pozdravio, odveo do mjesta. Kod mene se dr\u017ealo do kulture pona\u0161anja&#8221;, isti\u010de gospodin Miroslav.<\/p>\n\n\n\n<p>Osim s gostima, komunicirao je i sa \u0161est stalno zaposlenih. &#8220;Trebalo je prona\u0107i, pogoditi pravi kadar, to vam je k&#8217;o ruski rulet. Pred kraj mi je najte\u017ee bilo prona\u0107i dobrog kuhara, jednostavno ih nema dovoljno. Onda ih jo\u0161 pred sezonu zarada povu\u010de na more, pa je jo\u0161 te\u017ee&#8221;, ka\u017ee nam.<\/p><div id=\"mojev-1824476377\" class=\"mojev-u-tekstu mojev-entity-placement\" style=\"margin-left: auto;margin-right: auto;text-align: center;\"><div class=\"mojev-adlabel\">oglas<\/div><div style=\"height: 250px;\"><script async src=\"https:\/\/pagead2.googlesyndication.com\/pagead\/js\/adsbygoogle.js?client=ca-pub-8106111766207173\"\r\n     crossorigin=\"anonymous\"><\/script>\r\n<!-- Prikazni 1 u tekstu -->\r\n<ins class=\"adsbygoogle\"\r\n     style=\"display:block\"\r\n     data-ad-client=\"ca-pub-8106111766207173\"\r\n     data-ad-slot=\"8535551207\"\r\n     data-ad-format=\"auto\"\r\n     data-full-width-responsive=\"true\"><\/ins>\r\n<script>\r\n     (adsbygoogle = window.adsbygoogle || []).push({});\r\n<\/script><\/div><\/div><br style=\"clear: both; display: block; float: none;\"\/>\n\n\n\n<h3 class=\"wp-block-heading\"><em>Freak control<\/em><\/h3>\n\n\n\n<p>U mirovinu je, pri\u010da nam, oti\u0161ao sa 66 godina jer mu je ipak postalo previ\u0161e naporno voditi zahtjevan posao, a djeca su oti\u0161la u drugom \u017eivotnom smjeru pa je sve po\u010divalo na njemu. &#8220;Ja sam znao do\u0107i prvi i ostati zadnji, ba\u0161 sam onaj <em>freak control<\/em> starog kova koji najvi\u0161e vjeruje samome sebi. To \u010dovjeka s godinama umori, nije to posao bez stresa. Onda sam sa 66 godina rekao: Dosta, naradio sam se ovako danono\u0107no, zavrijedio sam oti\u0107i u mirovinu&#8221;, govori nam.<\/p>\n\n\n\n<p>Kad je prodao uhodan posao ve\u0107 prvi tjedan ga je, rekao je kao u polu\u0161ali, po\u010dela hvatati kao neka panika. &#8220;Nisam navikao ne raditi ni\u0161ta. Raspline vam se odjednom onaj oblak u kojem je stotinu poznatih lica u danu. Odjednom ste cijeli dan sami. Imam suprugu koja je ve\u0107 dugo u penziji, ona je navikla na svoju rutinu po stanu i od nje ne odstupa, a ja ne mogu od jutra sjediti u stanu i gledati nju kako kuha. Nisam imao naviku sjediti po kavama, jer sam radio i subote i nedjelje, sad nemam s kim svaki dan na kavu i \u010da\u0161icu razgovora, iako bih si financijski to mogao priu\u0161titi&#8221;, ka\u017ee iskreno.<\/p>\n\n\n\n<h3 class=\"wp-block-heading\">Sretan samo me\u0111u ljudima<\/h3>\n\n\n\n<p>&#8220;Onda sam se sjetio jednog prijatelja koji je bio u sli\u010dnoj poziciji kao i ja i koji je oti\u0161ao voziti taksi, pa sam ga nazvao da me uputi. Za nekoliko dana ja sam ve\u0107 sve registrirao i rije\u0161io. Ma nisam dva dana mirno izdr\u017eao u mirovini, ve\u0107 sam bio na cesti. Zavolio sam ovaj posao, opet sam me\u0111u ljudima, sam si organiziram radno vrijeme, ne vozim vikendima. Ovo je stvoreno za mene u mirovini&#8221;, povjerava nam.<\/p>\n\n\n\n<p>Na pitanje kakva mu je mirovina, odgovara: &#8220;Koga god u Hrvatskoj pitate kolika mu je mirovina, da je jo\u0161 ve\u0107a ne mo\u017ee mu biti velika. Hrvatske mirovine su male i to je nepobitna \u010dinjenica. No, meni mirovina nije problem jer sam za \u017eivota puno zaradio. Moj problem je \u0161to ja ne znam ne raditi. Niti imam strpljenja sjediti pred televizorom, niti volim i\u0107i uprazno po nekakvim kvartovskim birtijama. Vozim taksi ne zbog zarade, nego zbog osje\u0107aja korisnosti, ispunjenosti, zbog susreta s ljudima. Vozim samo prijepodne pa jo\u0161 uvijek imam puno slobodnog vremena popodne. \u017divot je lijep&#8221;, rekao je ambiciozni i optimisti\u010dni ugostitelj, danas taksi voza\u010d.<\/p>\n\n\n\n<p>A vi, jeste li se prona\u0161li u mirovini, ili \u017eudite za poslom?<\/p>\n\n\n\n<div id=\"crveno\"><\/p>\n\n\n\n<h3 class=\"wp-block-heading\">Zanima nas va\u0161a pri\u010da<\/h3>\n\n\n\n<p>\u017delite li i vi, posve anonimno, podijeliti svoje iskustvo i vi\u0111enje ove teme s nama i na\u0161im \u010ditateljima, mo\u017eete to u\u010diniti putem web obrasca <a rel=\"noreferrer noopener\" href=\"https:\/\/www.mojevrijeme.hr\/magazin\/povjerljivo\/\" target=\"_blank\">Povjerljivo<\/a>. Napi\u0161ite svoju pri\u010du!<\/p>\n\n\n\n<p><\/div>\n<div id=\"mojev-2653407975\" class=\"mojev-kraj-teksta mojev-entity-placement\" style=\"margin-bottom: 20px;margin-left: auto;margin-right: auto;text-align: center;\"><div class=\"mojev-adlabel\">oglas<\/div><div style=\"height: 250px;\"><script async src=\"https:\/\/pagead2.googlesyndication.com\/pagead\/js\/adsbygoogle.js?client=ca-pub-8106111766207173\"\r\n     crossorigin=\"anonymous\"><\/script>\r\n<!-- Display-1 -->\r\n<ins class=\"adsbygoogle\"\r\n     style=\"display:block\"\r\n     data-ad-client=\"ca-pub-8106111766207173\"\r\n     data-ad-slot=\"1465712950\"\r\n     data-ad-format=\"auto\"\r\n     data-full-width-responsive=\"true\"><\/ins>\r\n<script>\r\n     (adsbygoogle = window.adsbygoogle || []).push({});\r\n<\/script><\/div><\/div>","protected":false},"excerpt":{"rendered":"<p>Gospodin Miroslav (69) ve\u0107 dvije i pol godine vozi taksi. Sam odre\u0111uje kad \u0107e raditi i koliko dugo u danu, a iako se za \u017eivota bavio sasvim drugim poslom, sretan je, ka\u017ee, \u010dim je me\u0111u ljudima. Dva dana koliko je mirovao u penziji bila su mu, ka\u017ee, kao da je u zatvoru.<\/p>\n","protected":false},"author":17,"featured_media":85286,"comment_status":"closed","ping_status":"closed","sticky":false,"template":"","format":"standard","meta":{"footnotes":""},"categories":[85],"tags":[98,1342,3377],"class_list":["post-85075","post","type-post","status-publish","format-standard","has-post-thumbnail","hentry","category-aktivno-starenje","tag-karijera","tag-rad-uz-mirovinu","tag-taxi"],"_links":{"self":[{"href":"https:\/\/www.mojevrijeme.hr\/magazin\/wp-json\/wp\/v2\/posts\/85075","targetHints":{"allow":["GET"]}}],"collection":[{"href":"https:\/\/www.mojevrijeme.hr\/magazin\/wp-json\/wp\/v2\/posts"}],"about":[{"href":"https:\/\/www.mojevrijeme.hr\/magazin\/wp-json\/wp\/v2\/types\/post"}],"author":[{"embeddable":true,"href":"https:\/\/www.mojevrijeme.hr\/magazin\/wp-json\/wp\/v2\/users\/17"}],"replies":[{"embeddable":true,"href":"https:\/\/www.mojevrijeme.hr\/magazin\/wp-json\/wp\/v2\/comments?post=85075"}],"version-history":[{"count":0,"href":"https:\/\/www.mojevrijeme.hr\/magazin\/wp-json\/wp\/v2\/posts\/85075\/revisions"}],"wp:featuredmedia":[{"embeddable":true,"href":"https:\/\/www.mojevrijeme.hr\/magazin\/wp-json\/wp\/v2\/media\/85286"}],"wp:attachment":[{"href":"https:\/\/www.mojevrijeme.hr\/magazin\/wp-json\/wp\/v2\/media?parent=85075"}],"wp:term":[{"taxonomy":"category","embeddable":true,"href":"https:\/\/www.mojevrijeme.hr\/magazin\/wp-json\/wp\/v2\/categories?post=85075"},{"taxonomy":"post_tag","embeddable":true,"href":"https:\/\/www.mojevrijeme.hr\/magazin\/wp-json\/wp\/v2\/tags?post=85075"}],"curies":[{"name":"wp","href":"https:\/\/api.w.org\/{rel}","templated":true}]}}