{"id":85102,"date":"2023-09-10T08:59:49","date_gmt":"2023-09-10T06:59:49","guid":{"rendered":"https:\/\/www.mojevrijeme.hr\/magazin\/?p=85102"},"modified":"2023-09-10T08:59:52","modified_gmt":"2023-09-10T06:59:52","slug":"anica-68-imala-sam-najljepse-ljeto-u-zivotu-sve-zbog-mojih-unucica","status":"publish","type":"post","link":"https:\/\/www.mojevrijeme.hr\/magazin\/2023\/09\/anica-68-imala-sam-najljepse-ljeto-u-zivotu-sve-zbog-mojih-unucica\/","title":{"rendered":"Anica (68): Imala sam najljep\u0161e ljeto u \u017eivotu, sve zbog mojih unu\u010dica"},"content":{"rendered":"\n<p>&#8220;Lani su me sve tri veslale, a najmla\u0111a, koja je tek bila napunila \u010detiri godine, bila je kolovo\u0111a. Pola toga nije htjela jesti, vri\u0161tala je svaku ve\u010der pred spavanje, bje\u017eala mi na pla\u017ei. Jednom se popela na zidi\u0107 i nije htjela si\u0107i ve\u0107 je hodala po njemu, dok sam ja bila u predinfarktnom stanju. Mislila sam da nikad vi\u0161e ne\u0107u biti sama s njima ovako dugo&#8221;, povjerava nam gospo\u0111a Anica.<\/p>\n\n\n\n<p>&#8220;Pro\u0161la je godina i ona se, ka\u017ee, za\u017eeljela svojih curica, pa je pristala opet ih \u010duvati, samo im je napisala pravila pona\u0161anja. &#8220;Ovih godinu dana puno zna\u010di kod djece, ba\u0161 su sazrele. \u010cim smo do\u0161le na more, ja sam se druga\u010dije postavila. Vi\u0161e nije bilo <em>cici-mici<\/em>, nego se morao znati red ili se vra\u0107aju za Karlovac. A mla\u0111oj, koja je jedinica, nije bilo svejedno ho\u0107e li sama ku\u0107i, dok ove dvije sestrice u\u017eivaju sa mnom. Zato se i ona primirila i sve je bilo lak\u0161e&#8221;, govori po\u017ertvovna baka.<\/p>\n\n\n\n<h3 class=\"wp-block-heading\">Bilo je i stresa<\/h3>\n\n\n\n<p>Ne mo\u017ee, ka\u017ee, re\u0107i da nije bilo bez stresa, ali su ugodni i veseli dani prema\u0161ili nesta\u0161luke. &#8220;Jedno popodne im je bilo dosadno pa su mi se i\u0161le sakriti malo dalje od ku\u0107e iza jedne stijene. tu su promatrale moju reakciju i ,vjerujem, smijale se dok meni raste tlak. Obi\u0161la sam sve oko ku\u0107e, zvala i dozivala, njih nema pa nema. Onda sam krenula zvati susjede, u zadnji \u010das su mi se javile, ve\u0107 mi je policija padala na pamet. Ali nakon te epizode su me zapamtile kao baku koja daje posljednji ultimatum. Bila sam ljuta kao pas&#8221;, pri\u010da nam.<\/p><div id=\"mojev-2403166927\" class=\"mojev-u-tekstu mojev-entity-placement\" style=\"margin-left: auto;margin-right: auto;text-align: center;\"><div class=\"mojev-adlabel\">oglas<\/div><div style=\"height: 250px;\"><script async src=\"https:\/\/pagead2.googlesyndication.com\/pagead\/js\/adsbygoogle.js?client=ca-pub-8106111766207173\"\r\n     crossorigin=\"anonymous\"><\/script>\r\n<!-- Prikazni 1 u tekstu -->\r\n<ins class=\"adsbygoogle\"\r\n     style=\"display:block\"\r\n     data-ad-client=\"ca-pub-8106111766207173\"\r\n     data-ad-slot=\"8535551207\"\r\n     data-ad-format=\"auto\"\r\n     data-full-width-responsive=\"true\"><\/ins>\r\n<script>\r\n     (adsbygoogle = window.adsbygoogle || []).push({});\r\n<\/script><\/div><\/div><br style=\"clear: both; display: block; float: none;\"\/>\n\n\n\n<p>Ina\u010de su imale svoju lijepu rutinu. &#8220;Ponekad sam ih uspijevala di\u0107i do devet sati, da se do 11 kupamo i vratimo zbog jakog sunca. Ja bih ru\u010dak skuhala ranije, jer se i ina\u010de di\u017eem prije \u0161est. Tako sam imala puno vi\u0161e vremena za njih. Ponijele smo si karte Uno, igrale i Rumy i Po\u0161tara. Onda sam im dala da slikaju na velikim kartonima, a napravile smo i jedan ukras sa \u0161koljkama koje smo skupljale na pla\u017ei&#8221;, govori nam.<\/p>\n\n\n\n<p>Dosta su vremena sada mogle provesti i same, u igri i zbijanju \u0161ala, a ona bi za to vrijeme ne\u0161to \u010ditala ili gledala TV. &#8220;Popodne smo opet i\u0161le na pla\u017eu, ostale bi dugo, skoro do osam, dok ne po\u010dnu vikati da su gladne. Na pla\u017eu im ne volim nositi, jer ih onda samo nutkam i na kraju se to sve pregrije i nema smisla, a na grickalice ih ne navikavam&#8221;, rekla je.<\/p>\n\n\n\n<h3 class=\"wp-block-heading\">Tro\u0161i vrlo racionalno<\/h3>\n\n\n\n<p>&#8220;A kako ste se financijski poslo\u017eili?&#8221;, pitamo na\u0161u sugovornici, jer nam se mnogi djedovi i bake \u017eale da su &#8220;kratki&#8221; s novcima. &#8220;Nikako. K\u0107eri su mi ostavile po sto eura I donosile su hranu iz Karlovca kad su dolazile vikendima. Tako se jedino moglo, od moje penzije ne bi bilo ni srdela tako \u010desto, a kamoli osli\u0107a. Sladoled smo si kupile u du\u0107anu, kao i one suhe kornete, pa sam im svaki dan ja radila kuglice, poslije ru\u010dka. Ove su godine prvi put i\u0161le nekoliko puta same do mjesta, tamo su se po\u010dastile sladoledom iz vitrine na ulici. To im je bio do\u017eivljaj&#8221;, govori gospo\u0111a Anica.<\/p>\n\n\n\n<h3 class=\"wp-block-heading\">Najljep\u0161e ljeto<\/h3>\n\n\n\n<p>Ljep\u0161e joj je bilo, ka\u017ee, ove godine s unucima, nego bilo koje ljeto otkad dolaze u svoju malu vikendicu. &#8220;Prije smo mu\u017e i ja gradili ovo, poslije smo dolazili s k\u0107erima samo na godi\u0161nji po dva, tri tjedna, i mo\u017eda koji vikend. Uvijek se kod nas okupljalo i dru\u0161tvo, nikad nisam po\u0161teno odmorila. Poslije sam lovila k\u0107eri tinejd\u017eerice, a kasnije mi se razbilo suprug pa mi nije bilo do ni\u010deg. Sada, kad je sve to iza mene, kad su mi unu\u010dice malo porasle i izrasle u pristojne djevoj\u010dice, ja sam sada ponosna i sretna baka koja nikad nije bila ispunjenija&#8221;, rekla je za kraj gospo\u0111a Anica.<\/p>\n\n\n\n<div id=\"crveno\"><\/p>\n\n\n\n<h3 class=\"wp-block-heading\">Zanima nas va\u0161a pri\u010da<\/h3>\n\n\n\n<p>\u017delite li i vi, posve anonimno, podijeliti svoje iskustvo i vi\u0111enje ove teme s nama i na\u0161im \u010ditateljima, mo\u017eete to u\u010diniti putem web obrasca <a rel=\"noreferrer noopener\" href=\"https:\/\/www.mojevrijeme.hr\/magazin\/povjerljivo\/\" target=\"_blank\">Povjerljivo<\/a>. Napi\u0161ite svoju pri\u010du!<\/p>\n\n\n\n<p><\/div>\n<div id=\"mojev-3398492811\" class=\"mojev-kraj-teksta mojev-entity-placement\" style=\"margin-bottom: 20px;margin-left: auto;margin-right: auto;text-align: center;\"><div class=\"mojev-adlabel\">oglas<\/div><div style=\"height: 250px;\"><script async src=\"https:\/\/pagead2.googlesyndication.com\/pagead\/js\/adsbygoogle.js?client=ca-pub-8106111766207173\"\r\n     crossorigin=\"anonymous\"><\/script>\r\n<!-- Display-1 -->\r\n<ins class=\"adsbygoogle\"\r\n     style=\"display:block\"\r\n     data-ad-client=\"ca-pub-8106111766207173\"\r\n     data-ad-slot=\"1465712950\"\r\n     data-ad-format=\"auto\"\r\n     data-full-width-responsive=\"true\"><\/ins>\r\n<script>\r\n     (adsbygoogle = window.adsbygoogle || []).push({});\r\n<\/script><\/div><\/div>","protected":false},"excerpt":{"rendered":"<p>Gospo\u0111a Anica (68) iz Karlovca dva je mjeseca provela sama sa svoje tri unu\u010dice u dobi od pet, \u0161est i devet godina. I dok se proljetos jo\u0161 debelo predomi\u0161ljala ho\u0107e li se na to odva\u017eiti ili ne\u0107e, jer je lani s curicama do\u017eivjela totalni debakl, danas ne \u017eali svoju odluku. Nikad joj, ka\u017ee nam, ljeto na vikendici na moru nije bilo ispunjenije.<\/p>\n","protected":false},"author":17,"featured_media":85261,"comment_status":"closed","ping_status":"closed","sticky":false,"template":"","format":"standard","meta":{"footnotes":""},"categories":[3552],"tags":[1353,3549,585],"class_list":["post-85102","post","type-post","status-publish","format-standard","has-post-thumbnail","hentry","category-povjerljivo","tag-baka-servis","tag-bake-i-unuci","tag-ljetovanje"],"_links":{"self":[{"href":"https:\/\/www.mojevrijeme.hr\/magazin\/wp-json\/wp\/v2\/posts\/85102","targetHints":{"allow":["GET"]}}],"collection":[{"href":"https:\/\/www.mojevrijeme.hr\/magazin\/wp-json\/wp\/v2\/posts"}],"about":[{"href":"https:\/\/www.mojevrijeme.hr\/magazin\/wp-json\/wp\/v2\/types\/post"}],"author":[{"embeddable":true,"href":"https:\/\/www.mojevrijeme.hr\/magazin\/wp-json\/wp\/v2\/users\/17"}],"replies":[{"embeddable":true,"href":"https:\/\/www.mojevrijeme.hr\/magazin\/wp-json\/wp\/v2\/comments?post=85102"}],"version-history":[{"count":0,"href":"https:\/\/www.mojevrijeme.hr\/magazin\/wp-json\/wp\/v2\/posts\/85102\/revisions"}],"wp:featuredmedia":[{"embeddable":true,"href":"https:\/\/www.mojevrijeme.hr\/magazin\/wp-json\/wp\/v2\/media\/85261"}],"wp:attachment":[{"href":"https:\/\/www.mojevrijeme.hr\/magazin\/wp-json\/wp\/v2\/media?parent=85102"}],"wp:term":[{"taxonomy":"category","embeddable":true,"href":"https:\/\/www.mojevrijeme.hr\/magazin\/wp-json\/wp\/v2\/categories?post=85102"},{"taxonomy":"post_tag","embeddable":true,"href":"https:\/\/www.mojevrijeme.hr\/magazin\/wp-json\/wp\/v2\/tags?post=85102"}],"curies":[{"name":"wp","href":"https:\/\/api.w.org\/{rel}","templated":true}]}}