{"id":85110,"date":"2023-09-08T12:00:50","date_gmt":"2023-09-08T10:00:50","guid":{"rendered":"https:\/\/www.mojevrijeme.hr\/magazin\/?p=85110"},"modified":"2023-09-08T12:02:16","modified_gmt":"2023-09-08T10:02:16","slug":"besplatni-zet-ov-pokazi-za-jos-20-000-ljudi-ovo-su-uvjeti","status":"publish","type":"post","link":"https:\/\/www.mojevrijeme.hr\/magazin\/2023\/09\/besplatni-zet-ov-pokazi-za-jos-20-000-ljudi-ovo-su-uvjeti\/","title":{"rendered":"Besplatni ZET-ovi pokazi za jo\u0161 20.000 ljudi, ovo su uvjeti"},"content":{"rendered":"\n<p>U \u010detvrtak je zagreba\u010dka Gradska skup\u0161tina usvojila izmjene Odluke o socijalnoj skrbi koje omogu\u0107uju ve\u0107em broju Zagrep\u010dana pristup besplatnom javnom prijevozu ZET-om.<\/p>\n\n\n\n<p>Do sada su pravo na besplatnu vo\u017enju ZET-om mogli ostvariti samo umirovljenici \u010dija mirovina nije prelazila iznos od 424,71 eura. Me\u0111utim, s novim izmjenama, dohodovni cenzus je pove\u0107an za 135 eura, \u0161to zna\u010di da \u0107e godi\u0161nji pokaz bez pla\u0107anja sada biti dostupan svima \u010dija primanja ne prelaze 560 eura mjese\u010dno.<\/p>\n\n\n\n<p>Ova odluka predstavlja zna\u010dajno pobolj\u0161anje za mnoge umirovljenike i osobe starije \u017eivotne dobi u Gradu Zagrebu. Procjenjuje se da \u0107e oko 20.000 novih umirovljenika i starijih osoba mo\u0107i koristiti besplatan javni prijevoz zahvaljuju\u0107i ovim izmjenama. To \u0107e im omogu\u0107iti ve\u0107u mobilnost i pomo\u0107i u ubla\u017eavanju posljedica rastu\u0107ih tro\u0161kova \u017eivota.<\/p><div id=\"mojev-2313378053\" class=\"mojev-u-tekstu mojev-entity-placement\" style=\"margin-left: auto;margin-right: auto;text-align: center;\"><div class=\"mojev-adlabel\">oglas<\/div><div style=\"height: 250px;\"><script async src=\"https:\/\/pagead2.googlesyndication.com\/pagead\/js\/adsbygoogle.js?client=ca-pub-8106111766207173\"\r\n     crossorigin=\"anonymous\"><\/script>\r\n<!-- Prikazni 1 u tekstu -->\r\n<ins class=\"adsbygoogle\"\r\n     style=\"display:block\"\r\n     data-ad-client=\"ca-pub-8106111766207173\"\r\n     data-ad-slot=\"8535551207\"\r\n     data-ad-format=\"auto\"\r\n     data-full-width-responsive=\"true\"><\/ins>\r\n<script>\r\n     (adsbygoogle = window.adsbygoogle || []).push({});\r\n<\/script><\/div><\/div><br style=\"clear: both; display: block; float: none;\"\/>\n\n\n\n<p>Va\u017eno je napomenuti da dohodovni cenzus za ovu mjeru nije mijenjan u proteklih 11 godina, a broj korisnika besplatnog prijevoza smanjivao se zbog uskla\u0111ivanja mirovina. Trenutno pravo na besplatnu vo\u017enju ZET-om koristi oko 32.000 umirovljenika.<\/p>\n\n\n\n<p>Grad Zagreb \u0107e za pro\u0161irenje ovog prava iz prora\u010duna izdvojiti dodatnih 2,8 milijuna eura godi\u0161nje. To, poru\u010duju zagreba\u010dki vladaju\u0107i, pokazuje njihovu posve\u0107enost pobolj\u0161anju \u017eivota umirovljenika i starijih sugra\u0111ana.<\/p>\n<div id=\"mojev-3253582557\" class=\"mojev-kraj-teksta mojev-entity-placement\" style=\"margin-bottom: 20px;margin-left: auto;margin-right: auto;text-align: center;\"><div class=\"mojev-adlabel\">oglas<\/div><div style=\"height: 250px;\"><script async src=\"https:\/\/pagead2.googlesyndication.com\/pagead\/js\/adsbygoogle.js?client=ca-pub-8106111766207173\"\r\n     crossorigin=\"anonymous\"><\/script>\r\n<!-- Display-1 -->\r\n<ins class=\"adsbygoogle\"\r\n     style=\"display:block\"\r\n     data-ad-client=\"ca-pub-8106111766207173\"\r\n     data-ad-slot=\"1465712950\"\r\n     data-ad-format=\"auto\"\r\n     data-full-width-responsive=\"true\"><\/ins>\r\n<script>\r\n     (adsbygoogle = window.adsbygoogle || []).push({});\r\n<\/script><\/div><\/div>","protected":false},"excerpt":{"rendered":"<p>Grad Zagreb \u0107e za pro\u0161irenje ovog prava iz prora\u010duna izdvojiti dodatnih 2,8 milijuna eura godi\u0161nje. To, poru\u010duju zagreba\u010dki vladaju\u0107i, pokazuje njihovu posve\u0107enost pobolj\u0161anju \u017eivota umirovljenika i starijih sugra\u0111ana.<\/p>\n","protected":false},"author":1,"featured_media":41322,"comment_status":"closed","ping_status":"closed","sticky":false,"template":"","format":"standard","meta":{"footnotes":""},"categories":[9],"tags":[878,77,39,361],"class_list":["post-85110","post","type-post","status-publish","format-standard","has-post-thumbnail","hentry","category-vijesti","tag-javni-prijevoz","tag-umirovljenici","tag-zagreb","tag-zet"],"_links":{"self":[{"href":"https:\/\/www.mojevrijeme.hr\/magazin\/wp-json\/wp\/v2\/posts\/85110","targetHints":{"allow":["GET"]}}],"collection":[{"href":"https:\/\/www.mojevrijeme.hr\/magazin\/wp-json\/wp\/v2\/posts"}],"about":[{"href":"https:\/\/www.mojevrijeme.hr\/magazin\/wp-json\/wp\/v2\/types\/post"}],"author":[{"embeddable":true,"href":"https:\/\/www.mojevrijeme.hr\/magazin\/wp-json\/wp\/v2\/users\/1"}],"replies":[{"embeddable":true,"href":"https:\/\/www.mojevrijeme.hr\/magazin\/wp-json\/wp\/v2\/comments?post=85110"}],"version-history":[{"count":0,"href":"https:\/\/www.mojevrijeme.hr\/magazin\/wp-json\/wp\/v2\/posts\/85110\/revisions"}],"wp:featuredmedia":[{"embeddable":true,"href":"https:\/\/www.mojevrijeme.hr\/magazin\/wp-json\/wp\/v2\/media\/41322"}],"wp:attachment":[{"href":"https:\/\/www.mojevrijeme.hr\/magazin\/wp-json\/wp\/v2\/media?parent=85110"}],"wp:term":[{"taxonomy":"category","embeddable":true,"href":"https:\/\/www.mojevrijeme.hr\/magazin\/wp-json\/wp\/v2\/categories?post=85110"},{"taxonomy":"post_tag","embeddable":true,"href":"https:\/\/www.mojevrijeme.hr\/magazin\/wp-json\/wp\/v2\/tags?post=85110"}],"curies":[{"name":"wp","href":"https:\/\/api.w.org\/{rel}","templated":true}]}}