{"id":85125,"date":"2023-09-08T14:05:55","date_gmt":"2023-09-08T12:05:55","guid":{"rendered":"https:\/\/www.mojevrijeme.hr\/magazin\/?p=85125"},"modified":"2023-09-08T14:06:40","modified_gmt":"2023-09-08T12:06:40","slug":"fokus-zeli-reformirati-mirovinski-sustav-osnivanjem-novog-fonda","status":"publish","type":"post","link":"https:\/\/www.mojevrijeme.hr\/magazin\/2023\/09\/fokus-zeli-reformirati-mirovinski-sustav-osnivanjem-novog-fonda\/","title":{"rendered":"Fokus \u017eeli reformirati mirovinski sustav osnivanjem novog fonda"},"content":{"rendered":"\n<p>&#8220;U sada\u0161njem trenutku mirovinski sustav izgleda dobro, me\u0111utim, u prvoj ozbiljnijoj recesiji pokazat \u0107e se da je financijski neodr\u017eiv na dugi rok, jer je premalo zaposlenih a previ\u0161e umirovljenika.&#8221; Izjavio je to predsjednik Fokusa Davor Na\u0111i. Time je i ova stranka krenula u lov na glasove umirovljenika kojih u Hrvatskoj ima 1,2 milijuna. <\/p>\n\n\n\n<p>Fokus predvi\u0111a pogor\u0161anje omjera zaposlenih i umirovljenika pa predla\u017ee mirovinsku reformu koja bi, smatraju, stabilizirala mirovinsku sustav i pove\u0107ala komponentu vlastite mirovinske \u0161tednje.<\/p>\n\n\n\n<p>\u0160tovi\u0161e, Fokus predla\u017ee osnivanje Fonda za stabilizaciju mirovinskog sustava koji bi se punio dvije do tri godine prije po\u010detka reforme, iz raznih poreznih prihoda i dobiti od HNB-a te dijela koji se upla\u0107uje u prora\u010dun. <\/p><div id=\"mojev-4107176301\" class=\"mojev-u-tekstu mojev-entity-placement\" style=\"margin-left: auto;margin-right: auto;text-align: center;\"><div class=\"mojev-adlabel\">oglas<\/div><div style=\"height: 250px;\"><script async src=\"https:\/\/pagead2.googlesyndication.com\/pagead\/js\/adsbygoogle.js?client=ca-pub-8106111766207173\"\r\n     crossorigin=\"anonymous\"><\/script>\r\n<!-- Prikazni 1 u tekstu -->\r\n<ins class=\"adsbygoogle\"\r\n     style=\"display:block\"\r\n     data-ad-client=\"ca-pub-8106111766207173\"\r\n     data-ad-slot=\"8535551207\"\r\n     data-ad-format=\"auto\"\r\n     data-full-width-responsive=\"true\"><\/ins>\r\n<script>\r\n     (adsbygoogle = window.adsbygoogle || []).push({});\r\n<\/script><\/div><\/div><br style=\"clear: both; display: block; float: none;\"\/>\n\n\n\n<p>Nakon faze punjenja, Fokus bi pove\u0107ao izdvajanja za drugi mirovinsk stup  s pet na sedam posto, \u0161to predstavlja&nbsp;pove\u0107anje vlastite \u0161tednje za 40 posto. Izdvajanja za prvi stup smanjio bi s 15 na 13 posto.<\/p>\n\n\n\n<p>Fond bi, ka\u017ee Na\u0111i, djelovao i protucikli\u010dki tako da bi u vremenu rasta gospodarstva povla\u010dio dio sredstava s tr\u017ei\u0161ta i smanjivao inflatorne pritiske, dok bi u vrijeme recesije otpu\u0161tao sredstva narag u ekonomiju i kroz isplatu mirovina poticao lak\u0161i izlazak iz recesije.<\/p>\n<div id=\"mojev-2045715089\" class=\"mojev-kraj-teksta mojev-entity-placement\" style=\"margin-bottom: 20px;margin-left: auto;margin-right: auto;text-align: center;\"><div class=\"mojev-adlabel\">oglas<\/div><div style=\"height: 250px;\"><script async src=\"https:\/\/pagead2.googlesyndication.com\/pagead\/js\/adsbygoogle.js?client=ca-pub-8106111766207173\"\r\n     crossorigin=\"anonymous\"><\/script>\r\n<!-- Display-1 -->\r\n<ins class=\"adsbygoogle\"\r\n     style=\"display:block\"\r\n     data-ad-client=\"ca-pub-8106111766207173\"\r\n     data-ad-slot=\"1465712950\"\r\n     data-ad-format=\"auto\"\r\n     data-full-width-responsive=\"true\"><\/ins>\r\n<script>\r\n     (adsbygoogle = window.adsbygoogle || []).push({});\r\n<\/script><\/div><\/div>","protected":false},"excerpt":{"rendered":"<p>Nakon faze punjenja Fonda za stabilizaciju mirovinskog sustava, Fokus bi pove\u0107ao izdvajanja za drugi mirovinski stup  s pet na sedam posto, \u0161to predstavlja\u00a0pove\u0107anje vlastite \u0161tednje za 40 posto. Izdvajanja za prvi stup smanjio bi s 15 na 13 posto.<\/p>\n","protected":false},"author":1,"featured_media":85128,"comment_status":"closed","ping_status":"closed","sticky":false,"template":"","format":"standard","meta":{"footnotes":""},"categories":[9],"tags":[3695,3693,1116],"class_list":["post-85125","post","type-post","status-publish","format-standard","has-post-thumbnail","hentry","category-vijesti","tag-fokus","tag-izbori-2024","tag-mirovinska-reforma"],"_links":{"self":[{"href":"https:\/\/www.mojevrijeme.hr\/magazin\/wp-json\/wp\/v2\/posts\/85125","targetHints":{"allow":["GET"]}}],"collection":[{"href":"https:\/\/www.mojevrijeme.hr\/magazin\/wp-json\/wp\/v2\/posts"}],"about":[{"href":"https:\/\/www.mojevrijeme.hr\/magazin\/wp-json\/wp\/v2\/types\/post"}],"author":[{"embeddable":true,"href":"https:\/\/www.mojevrijeme.hr\/magazin\/wp-json\/wp\/v2\/users\/1"}],"replies":[{"embeddable":true,"href":"https:\/\/www.mojevrijeme.hr\/magazin\/wp-json\/wp\/v2\/comments?post=85125"}],"version-history":[{"count":0,"href":"https:\/\/www.mojevrijeme.hr\/magazin\/wp-json\/wp\/v2\/posts\/85125\/revisions"}],"wp:featuredmedia":[{"embeddable":true,"href":"https:\/\/www.mojevrijeme.hr\/magazin\/wp-json\/wp\/v2\/media\/85128"}],"wp:attachment":[{"href":"https:\/\/www.mojevrijeme.hr\/magazin\/wp-json\/wp\/v2\/media?parent=85125"}],"wp:term":[{"taxonomy":"category","embeddable":true,"href":"https:\/\/www.mojevrijeme.hr\/magazin\/wp-json\/wp\/v2\/categories?post=85125"},{"taxonomy":"post_tag","embeddable":true,"href":"https:\/\/www.mojevrijeme.hr\/magazin\/wp-json\/wp\/v2\/tags?post=85125"}],"curies":[{"name":"wp","href":"https:\/\/api.w.org\/{rel}","templated":true}]}}