{"id":85132,"date":"2023-09-08T15:35:32","date_gmt":"2023-09-08T13:35:32","guid":{"rendered":"https:\/\/www.mojevrijeme.hr\/magazin\/?p=85132"},"modified":"2023-09-08T16:09:28","modified_gmt":"2023-09-08T14:09:28","slug":"je-li-svecenicima-mjesto-u-skolama-odgovor-nam-daje-jedan-misaoni-eksperiment","status":"publish","type":"post","link":"https:\/\/www.mojevrijeme.hr\/magazin\/2023\/09\/je-li-svecenicima-mjesto-u-skolama-odgovor-nam-daje-jedan-misaoni-eksperiment\/","title":{"rendered":"Je li sve\u0107enicima mjesto u \u0161kolama? Odgovor nam daje jedan misaoni eksperiment"},"content":{"rendered":"\n<p>Svake godine u nizu hrvatskih \u0161kola katoli\u010dki sve\u0107enici do\u010dekuju djecu, posebice prva\u0161i\u0107e, pa ih u sklopu dobrodo\u0161lica koje organiziraju obrazovne ustanove, ritualno blagoslivljaju. I ba\u0161 svake godine ova pojava izazove \u017eestoku reakciju dijela javnosti koji misli da Crkvu s jedne strane i dr\u017eavu s druge &#8211; valja dr\u017eati odvojene. \u0160tovi\u0161e, udaljene, mnogi \u0107e re\u0107i.<\/p>\n\n\n\n<p>\u010cinjenica je da je hrvatski obrazovni sustav od osamostaljenja dr\u017eave natopljen religijskim sadr\u017eajima, \u010desto i sumnjive kvalitete, \u0161to izaziva bijes i osje\u0107aj nemo\u0107i me\u0111u roditeljima koji ne pripadaju organiziranim religijama ili misle da je prakticiranje religije intimna stvar pojedinca i obitelji. Sve\u0107enik u \u0161koli za njih ne predstavlja ni\u0161ta drugo doli vjersko nasilje nad njihovom djecom i obiteljima.<\/p>\n\n\n\n<p>S druge strane suprotstavljajuju im se roditelji koji poru\u010duju da je &#8220;Hrvatska katoli\u010dka dr\u017eava&#8221;, negiraju\u0107i nagri\u017eenu ustavnu sekularnost Republike Hrvatske. <\/p><div id=\"mojev-1074826614\" class=\"mojev-u-tekstu mojev-entity-placement\" style=\"margin-left: auto;margin-right: auto;text-align: center;\"><div class=\"mojev-adlabel\">oglas<\/div><div style=\"height: 250px;\"><script async src=\"https:\/\/pagead2.googlesyndication.com\/pagead\/js\/adsbygoogle.js?client=ca-pub-8106111766207173\"\r\n     crossorigin=\"anonymous\"><\/script>\r\n<!-- Prikazni 1 u tekstu -->\r\n<ins class=\"adsbygoogle\"\r\n     style=\"display:block\"\r\n     data-ad-client=\"ca-pub-8106111766207173\"\r\n     data-ad-slot=\"8535551207\"\r\n     data-ad-format=\"auto\"\r\n     data-full-width-responsive=\"true\"><\/ins>\r\n<script>\r\n     (adsbygoogle = window.adsbygoogle || []).push({});\r\n<\/script><\/div><\/div><br style=\"clear: both; display: block; float: none;\"\/>\n\n\n\n<p>Je li sve\u0107enicima mjesto u \u0161koli? Odgovor na ovo pitanje dao je izvanredni profesor Sveu\u010dili\u0161ta u Zadru <strong>Marko Vu\u010deti\u0107<\/strong>, doktor filozofije i biv\u0161i nezavisni saborski zastupnik. <\/p>\n\n\n\n<p>&#8220;Onima koji ne shva\u0107aju u \u010demu je problem kada katoli\u010dki sve\u0107enik, u javnoj \u0161koli, na po\u010detku \u0161kolske godine izvodi vjerski obred, nudim misaoni eksperiment. Zamislimo da svaki put kada katoli\u010dki sve\u0107enik do\u0111e u javnu \u0161kolu blagosloviti djecu, u njegovu \u017eupu do\u0111e neki znanstvenik naturalist ili filozof ateist koji \u0107e vjernike pou\u010diti ateisti\u010dkoj slici svijeta i uzvi\u0161enoj autonomiji ljudske slobode&#8221;, pi\u0161e Vu\u010deti\u0107. <\/p>\n\n\n\n<p>Vu\u010deti\u0107 nadalje obrazla\u017ee da ako je sve\u0107enik napustio svoje radno mjesto i u\u0161ao u podru\u010dje koje mu ne priprada, za\u0161to recipro\u010dno ne bi bio spreman da u njegovo religijsko podru\u010dje u\u0111e netko tko u njega ne pripada? <\/p>\n\n\n\n<p>&#8220;Nadalje, ako katoli\u010dki roditelji smatraju da u\u010denicima na po\u010detku \u0161kolske godine treba uputiti i neku svjetonazorsku poruku, onda hajdemo, sistemom igara na sre\u0107i, izvla\u010diti tko \u0107e u kojoj \u0161koli uputiti tu poruku \u2013 u neke \u0161kole \u0107e do\u0107i katoli\u010dki sve\u0107enik, u neke pravoslavni, u neke predstavnik Jehovinih svjedoka itd.&#8221;<\/p>\n\n\n\n<p>&#8220;Kako bi vrli katoli\u010dki roditelji reagirali da im, primjerice, proces odgoja i obrazovanja njihove djece zapo\u010dne toplom, svevremenskom porukom Jehovinih svjedoka? Ako ne \u017eele da im djeca budu izlo\u017eena drugim svjetonazorskim porukama, onda neka drugu djecu ne izla\u017eu porukama vlastitog svjetonazora&#8221;, zaklju\u010duje Vu\u010deti\u0107.<\/p>\n\n\n\n<iframe loading=\"lazy\" src=\"https:\/\/www.facebook.com\/plugins\/post.php?href=https%3A%2F%2Fwww.facebook.com%2Fmarko.vucetic.792%2Fposts%2Fpfbid0QTRpYjmRsYd4PMPeZquRpZyvvnNWZFngbSuTMTDMHVFeLVUkab7K4Wrpna53b8B6l&#038;width=740&#038;show_text=true&#038;appId=702830876459350&#038;height=246\" width=\"740\" height=\"246\" style=\"border:none;overflow:hidden\" scrolling=\"no\" frameborder=\"0\" allowfullscreen=\"true\" allow=\"autoplay; clipboard-write; encrypted-media; picture-in-picture; web-share\"><\/iframe>\n<div id=\"mojev-210719173\" class=\"mojev-kraj-teksta mojev-entity-placement\" style=\"margin-bottom: 20px;margin-left: auto;margin-right: auto;text-align: center;\"><div class=\"mojev-adlabel\">oglas<\/div><div style=\"height: 250px;\"><script async src=\"https:\/\/pagead2.googlesyndication.com\/pagead\/js\/adsbygoogle.js?client=ca-pub-8106111766207173\"\r\n     crossorigin=\"anonymous\"><\/script>\r\n<!-- Display-1 -->\r\n<ins class=\"adsbygoogle\"\r\n     style=\"display:block\"\r\n     data-ad-client=\"ca-pub-8106111766207173\"\r\n     data-ad-slot=\"1465712950\"\r\n     data-ad-format=\"auto\"\r\n     data-full-width-responsive=\"true\"><\/ins>\r\n<script>\r\n     (adsbygoogle = window.adsbygoogle || []).push({});\r\n<\/script><\/div><\/div>","protected":false},"excerpt":{"rendered":"<p>Kako bi vrli katoli\u010dki roditelji reagirali da im, primjerice, proces odgoja i obrazovanja njihove djece zapo\u010dne toplom, svevremenskom porukom Jehovinih svjedoka?<\/p>\n","protected":false},"author":1,"featured_media":85136,"comment_status":"closed","ping_status":"closed","sticky":false,"template":"","format":"standard","meta":{"footnotes":""},"categories":[9],"tags":[1070,303,434],"class_list":["post-85132","post","type-post","status-publish","format-standard","has-post-thumbnail","hentry","category-vijesti","tag-katolici","tag-religija","tag-skola"],"_links":{"self":[{"href":"https:\/\/www.mojevrijeme.hr\/magazin\/wp-json\/wp\/v2\/posts\/85132","targetHints":{"allow":["GET"]}}],"collection":[{"href":"https:\/\/www.mojevrijeme.hr\/magazin\/wp-json\/wp\/v2\/posts"}],"about":[{"href":"https:\/\/www.mojevrijeme.hr\/magazin\/wp-json\/wp\/v2\/types\/post"}],"author":[{"embeddable":true,"href":"https:\/\/www.mojevrijeme.hr\/magazin\/wp-json\/wp\/v2\/users\/1"}],"replies":[{"embeddable":true,"href":"https:\/\/www.mojevrijeme.hr\/magazin\/wp-json\/wp\/v2\/comments?post=85132"}],"version-history":[{"count":0,"href":"https:\/\/www.mojevrijeme.hr\/magazin\/wp-json\/wp\/v2\/posts\/85132\/revisions"}],"wp:featuredmedia":[{"embeddable":true,"href":"https:\/\/www.mojevrijeme.hr\/magazin\/wp-json\/wp\/v2\/media\/85136"}],"wp:attachment":[{"href":"https:\/\/www.mojevrijeme.hr\/magazin\/wp-json\/wp\/v2\/media?parent=85132"}],"wp:term":[{"taxonomy":"category","embeddable":true,"href":"https:\/\/www.mojevrijeme.hr\/magazin\/wp-json\/wp\/v2\/categories?post=85132"},{"taxonomy":"post_tag","embeddable":true,"href":"https:\/\/www.mojevrijeme.hr\/magazin\/wp-json\/wp\/v2\/tags?post=85132"}],"curies":[{"name":"wp","href":"https:\/\/api.w.org\/{rel}","templated":true}]}}