{"id":85159,"date":"2023-09-09T07:33:49","date_gmt":"2023-09-09T05:33:49","guid":{"rendered":"https:\/\/www.mojevrijeme.hr\/magazin\/?p=85159"},"modified":"2023-09-09T07:34:01","modified_gmt":"2023-09-09T05:34:01","slug":"umirovljenicima-jos-jedan-enegertski-dodatak-cijena-struje-i-dalje-subvencionirana","status":"publish","type":"post","link":"https:\/\/www.mojevrijeme.hr\/magazin\/2023\/09\/umirovljenicima-jos-jedan-enegertski-dodatak-cijena-struje-i-dalje-subvencionirana\/","title":{"rendered":"Umirovljenicima jo\u0161 jedan energetski dodatak, cijena struje i dalje subvencionirana"},"content":{"rendered":"\n<p>Vladin paket mjera koji \u0107e biti donesen idu\u0107i tjedan trebao bi zadr\u017eati istu razinu pomo\u0107i gra\u0111anstvu, ali i svim poduzetnicima bez obzira na veli\u010dinu, doznaje neslu\u017ebeno Jutarnji list od sugovornika iz Banskih dvora.<\/p>\n\n\n\n<p>Premda je na stolu bilo vi\u0161e opcija, pa i ona kojom bi se subvencije cijena struje za ku\u0107anstva, male i srednje poduzetnike zadr\u017eale na istoj razini, a velikima bi se ukinula pomo\u0107, zaklju\u010dak je sa sastanka odr\u017eanog u Banskim dvorima u utorak da bi mjere trebale ostati iste, uz neke sitne izmjene. <\/p>\n\n\n\n<p>Na radnom su sastanku bili gotovo svi ministri iz \u010dijih se resora donose mjere, a zaklju\u010dak koji su donijeli treba ipak jo\u0161 potvrditi premijer Andrej Plenkovi\u0107, a onda i strana\u010dka tijela, pa su promjene u zadnji \u010das uvijek mogu\u0107e. No, ovo je zadnja verzija, prema kojoj bi subvencije na struju trebale ostati iste jo\u0161 pola godine nakon \u0161to 30. rujna isteknu postoje\u0107e mjere, s time da je cijena plina ionako regulirana do travnja idu\u0107e godine.<\/p><div id=\"mojev-3332687116\" class=\"mojev-u-tekstu mojev-entity-placement\" style=\"margin-left: auto;margin-right: auto;text-align: center;\"><div class=\"mojev-adlabel\">oglas<\/div><div style=\"height: 250px;\"><script async src=\"https:\/\/pagead2.googlesyndication.com\/pagead\/js\/adsbygoogle.js?client=ca-pub-8106111766207173\"\r\n     crossorigin=\"anonymous\"><\/script>\r\n<!-- Prikazni 1 u tekstu -->\r\n<ins class=\"adsbygoogle\"\r\n     style=\"display:block\"\r\n     data-ad-client=\"ca-pub-8106111766207173\"\r\n     data-ad-slot=\"8535551207\"\r\n     data-ad-format=\"auto\"\r\n     data-full-width-responsive=\"true\"><\/ins>\r\n<script>\r\n     (adsbygoogle = window.adsbygoogle || []).push({});\r\n<\/script><\/div><\/div><br style=\"clear: both; display: block; float: none;\"\/>\n\n\n\n<p>Tako\u0111er, umirovljenici, kao i razli\u010dite druge osjetljive dru\u0161tvene skupine, mogu ra\u010dunati s novim jednokratnim dodatkom kao i za pro\u0161log paketa, a cijena odre\u0111enih namirnica trebala bi ostati zamrznuta kao i sada. Pitanje poreza ne ekstradobit nije dio ovog paketa, pa iako se o njemu razmi\u0161lja, odnosno da se nastavi i za idu\u0107e razdoblje, o tome \u0107e se odlu\u010divati poslije, pi\u0161e Jutarnji list.<\/p>\n\n\n\n<h3 class=\"wp-block-heading\">Koji su bili iznosi dodatka ispla\u0107enog u travnju?<\/h3>\n\n\n\n<p>Najvi\u0161e, 160 eura, tdobili su oni s mirovinom do 260 eura, oni s primanjima izme\u0111u 260,01 i 330 eura dobili su 120 eura, umirovljenici \u010dija su mjese\u010dne mirovine u rasponu od 330,01 do 470 eura dobili su 80 eura, a oni s mirovinama od 470,01 do 610 eura jednokratno su primili 60 eura.<\/p>\n<div id=\"mojev-2837907485\" class=\"mojev-kraj-teksta mojev-entity-placement\" style=\"margin-bottom: 20px;margin-left: auto;margin-right: auto;text-align: center;\"><div class=\"mojev-adlabel\">oglas<\/div><div style=\"height: 250px;\"><script async src=\"https:\/\/pagead2.googlesyndication.com\/pagead\/js\/adsbygoogle.js?client=ca-pub-8106111766207173\"\r\n     crossorigin=\"anonymous\"><\/script>\r\n<!-- Display-1 -->\r\n<ins class=\"adsbygoogle\"\r\n     style=\"display:block\"\r\n     data-ad-client=\"ca-pub-8106111766207173\"\r\n     data-ad-slot=\"1465712950\"\r\n     data-ad-format=\"auto\"\r\n     data-full-width-responsive=\"true\"><\/ins>\r\n<script>\r\n     (adsbygoogle = window.adsbygoogle || []).push({});\r\n<\/script><\/div><\/div>","protected":false},"excerpt":{"rendered":"<p>Vlada \u0107e idu\u0107i tjedan posvetiti finalnom bru\u0161enju novog paketa mjera pomo\u0107i gra\u0111anima. Iako su najavljivane promjene u odnosu na prethodni, Jutarnji list pi\u0161e da \u0107e intenzitet i oblik pomo\u0107i ostati isti. <\/p>\n","protected":false},"author":1,"featured_media":76174,"comment_status":"closed","ping_status":"closed","sticky":false,"template":"","format":"standard","meta":{"footnotes":""},"categories":[9],"tags":[3055,17,3646],"class_list":["post-85159","post","type-post","status-publish","format-standard","has-post-thumbnail","hentry","category-vijesti","tag-energetski-dodatak","tag-novac","tag-socijalni-transferi"],"_links":{"self":[{"href":"https:\/\/www.mojevrijeme.hr\/magazin\/wp-json\/wp\/v2\/posts\/85159","targetHints":{"allow":["GET"]}}],"collection":[{"href":"https:\/\/www.mojevrijeme.hr\/magazin\/wp-json\/wp\/v2\/posts"}],"about":[{"href":"https:\/\/www.mojevrijeme.hr\/magazin\/wp-json\/wp\/v2\/types\/post"}],"author":[{"embeddable":true,"href":"https:\/\/www.mojevrijeme.hr\/magazin\/wp-json\/wp\/v2\/users\/1"}],"replies":[{"embeddable":true,"href":"https:\/\/www.mojevrijeme.hr\/magazin\/wp-json\/wp\/v2\/comments?post=85159"}],"version-history":[{"count":0,"href":"https:\/\/www.mojevrijeme.hr\/magazin\/wp-json\/wp\/v2\/posts\/85159\/revisions"}],"wp:featuredmedia":[{"embeddable":true,"href":"https:\/\/www.mojevrijeme.hr\/magazin\/wp-json\/wp\/v2\/media\/76174"}],"wp:attachment":[{"href":"https:\/\/www.mojevrijeme.hr\/magazin\/wp-json\/wp\/v2\/media?parent=85159"}],"wp:term":[{"taxonomy":"category","embeddable":true,"href":"https:\/\/www.mojevrijeme.hr\/magazin\/wp-json\/wp\/v2\/categories?post=85159"},{"taxonomy":"post_tag","embeddable":true,"href":"https:\/\/www.mojevrijeme.hr\/magazin\/wp-json\/wp\/v2\/tags?post=85159"}],"curies":[{"name":"wp","href":"https:\/\/api.w.org\/{rel}","templated":true}]}}