{"id":85198,"date":"2023-09-09T13:20:05","date_gmt":"2023-09-09T11:20:05","guid":{"rendered":"https:\/\/www.mojevrijeme.hr\/magazin\/?p=85198"},"modified":"2023-09-09T13:23:56","modified_gmt":"2023-09-09T11:23:56","slug":"skola-nekad-packe-i-samari-neki-ucitelji-bi-danas-s-pravom-zavrsili-u-zatvoru","status":"publish","type":"post","link":"https:\/\/www.mojevrijeme.hr\/magazin\/2023\/09\/skola-nekad-packe-i-samari-neki-ucitelji-bi-danas-s-pravom-zavrsili-u-zatvoru\/","title":{"rendered":"\u0160kola nekad: &#8216;Packe i \u0161amari, neki u\u010ditelji bi danas zavr\u0161ili u zatvoru&#8217;"},"content":{"rendered":"\n<p>U\u010destalost i prihvatljivost fizi\u010dkog ka\u017enjavanja u \u0161koli zna\u010dajno se promijenila proteklih desetlje\u0107a pa je ono \u0161to je danas nezamislivo bilo posve normalno u \u0161kolovanju dana\u0161njih djedova i baka.<\/p>\n\n\n\n<p>Razloge za\u0161to je nekada bilo prihvatljivo fizi\u010dko ka\u017enjavanje u \u0161kolama mo\u017eemo tra\u017eiti u tradiciji, tada\u0161njem odnosu prema disciplini, ali i u nedostatku i nepoznavanju alternativnih metoda. U to je vrijeme fizi\u010dko nasilje nad djecom bilo dru\u0161tveno prihvatljivo, manje se vodilo ra\u010duna o pravima djece, a i o\u010dekivanja od djece su bila bitno druga\u010dija nego \u0161to su danas.<\/p>\n\n\n\n<p>Kako je \u0161kola izgledala nekad, prisjetili su se komentatori na na\u0161oj Facebook stranici. I dok su mnogi nostalgi\u010dno ru\u017ei\u010dasto obojali pro\u0161lost, pa \u010dak i romantizirali nasilje nad u\u010denicima, brojni su se prisjetili popularnih &#8220;packi&#8221; ravnalom ili \u0161ibom po dlanovima, \u0161amaranja pa \u010dak i te\u017eeg zlostavljanja djece u nekada\u0161njim \u0161kolama.<\/p><div id=\"mojev-152879275\" class=\"mojev-u-tekstu mojev-entity-placement\" style=\"margin-left: auto;margin-right: auto;text-align: center;\"><div class=\"mojev-adlabel\">oglas<\/div><div style=\"height: 250px;\"><script async src=\"https:\/\/pagead2.googlesyndication.com\/pagead\/js\/adsbygoogle.js?client=ca-pub-8106111766207173\"\r\n     crossorigin=\"anonymous\"><\/script>\r\n<!-- Prikazni 1 u tekstu -->\r\n<ins class=\"adsbygoogle\"\r\n     style=\"display:block\"\r\n     data-ad-client=\"ca-pub-8106111766207173\"\r\n     data-ad-slot=\"8535551207\"\r\n     data-ad-format=\"auto\"\r\n     data-full-width-responsive=\"true\"><\/ins>\r\n<script>\r\n     (adsbygoogle = window.adsbygoogle || []).push({});\r\n<\/script><\/div><\/div><br style=\"clear: both; display: block; float: none;\"\/>\n\n\n\n<p>&#8220;Neki su u\u010ditelji bili dobri\u010dine, neki su lupali glavom djece u plo\u010du i ga\u0111ali nas klju\u010devima. Govorim iz iskustva! Bilo je svega, ali se ne mo\u017ee re\u0107i da nije bilo kazne za one koji su divljali&#8221;, prisjetila se na\u0161a \u010ditateljica <strong>Mirela<\/strong>. <\/p>\n\n\n\n<h3 class=\"wp-block-heading\">&#8220;Sami smo donosili \u0161ibe za packe&#8221;<\/h3>\n\n\n\n<p>&#8220;U petom razredu svi smo pobjegli s nastave. Do\u0161la je nastavnica Sedlar i sve nas je na\u0161amarala&#8221;, markiranja se prisjetila <strong>Zdenka <\/strong>iz Orahovice. <\/p>\n\n\n\n<p>&#8220;Nisam do\u017eivjela da bi me u\u010diteljica ili u\u010ditelj tukao, ali pamtim dobro da je toga bilo. Uglavnom su tukli u\u010denike koji su bili bez zada\u0107e, nemirni na satu ili one koji nisu nau\u010dili gradivo&#8221;, napisala je gospo\u0111a <strong>Mirjana<\/strong>. <\/p>\n\n\n\n<p>&#8220;Mi smo na selu morali i\u0107i sami po \u0161ibu za packe. \u010cupali su nas za uho ili kosu kraj uha, obavezno. A u Glini, direktor \u0161kole je davao \u0161amare, ovisno ho\u0107e\u0161 li ih vru\u0107e ili hladne. U\u010diteljica iz povijesti je \u0161tapom kojim je pokazivala po karti znala udarati u\u010denike po le\u0111ima. U\u010ditelj iz glazbenog nas je ga\u0111ao kredom. Nije ga brinulo ho\u0107e li nas pogoditi u oko&#8221;, posvjedo\u010dila je <strong>Milena<\/strong> iz Gline. <\/p>\n\n\n\n<p>&#8220;Bilo je s ravnalom po glavi ili s \u0161ibom po rukama. Generacije 60-ih pamte takve doga\u0111aje&#8221;, sjetila se <strong>Merima<\/strong>.<\/p>\n\n\n\n<h3 class=\"wp-block-heading\">Djeca vojnih lica, direktora i nastavnika su bila po\u0161te\u0111ena?<\/h3>\n\n\n\n<p>&#8220;Po\u0161teno se mlatilo one koji bi danas bili svrstani u u\u010denike s poreme\u0107ajima pozornosti, hiperaktivce i u autisti\u010dnom spektru. Nije se mlatilo djecu vojnih lica, direktora, op\u0107inskih funkcionara, rukovoditelja i ostalih u\u010ditelja i nastavnika. Ove izme\u0111u kako kada&#8221;, dometnuo je <strong>Zlatko<\/strong> iz Zagreba. <\/p>\n\n\n\n<p>&#8220;Packe \u0161ibom i ravnalom, za nedisciplinirano pona\u0161anje na nastavi bile su kazna u ni\u017eim razredima. \u0160amarali su dje\u010dake u vi\u0161im razredima osnovne \u0161kole. U srednjoj nije bilo fizi\u010dkog ka\u017enjavanja. Ili smo bili &#8220;odgojeni&#8221; ili su nas se bojali&#8221;, prisjetila se <strong>Ivana<\/strong>. <\/p>\n\n\n\n<p>&#8220;Mene je profesor o\u0161amario u \u0161estom razredu osnovne \u0161kole. Za\u0161to ostali <em>(oni koji negiraju postojanje fizi\u010dkog ka\u017enjavanja u \u0161kolama, op.a.) <\/em>misle da je njihova \u0161kola primjer za cijelu dr\u017eavu? U ni\u017eim razredima je bilo ravnalom po prstima&#8221;, pi\u0161e <strong>\u017deljko<\/strong> iz Migalovaca.<\/p>\n\n\n\n<h3 class=\"wp-block-heading\">&#8220;Cipelario ga je pred svima&#8221;<\/h3>\n\n\n\n<p>&#8220;U mojoj \u0161koli, osmi razred, u\u010ditelj je de\u010dka koji je bio vi\u0161i od njega bacio na pod. Cipelario ga je pred cijelim razredom. Danas bi s pravom zavr\u0161io u zatvoru. Ja sam u tre\u0107em razredu dobila popularne packe od u\u010diteljice jer nije \u010dula kad sam je pozdravila. Dakle, optu\u017eila me zbog nepozdravljanja. Svi znate da u to vrijeme nije bilo djeteta koje nije pozdravilo u\u010ditelja&#8221;, prisjetila se na\u0161a \u010ditateljica <strong>Vi\u0161nja<\/strong>.<\/p>\n\n\n\n<p>Va\u017eno je napomenuti da su se stavovi prema fizi\u010dkom ka\u017enjavanju u \u0161kolama zna\u010dajno promijenili u ve\u0107ini modernih dru\u0161tava. Danas se fizi\u010dko ka\u017enjavanje smatra neprihvatljivim i ilegalnim u mnogim dr\u017eavama. Ove promjene su rezultat boljeg razumijevanja dje\u010djih prava, psiholo\u0161kih aspekata discipline te napretka u podru\u010djima obrazovanja i pedagogije.<\/p>\n\n\n\n<div id=\"crveno\"><\/p>\n\n\n\n<h3 class=\"wp-block-heading\">Zanima nas va\u0161a pri\u010da<\/h3>\n\n\n\n<p>\u017delite li i vi, posve anonimno, podijeliti svoje iskustvo i vi\u0111enje ove teme s nama i na\u0161im \u010ditateljima, mo\u017eete to u\u010diniti putem web obrasca <a rel=\"noreferrer noopener\" href=\"https:\/\/www.mojevrijeme.hr\/magazin\/povjerljivo\/\" target=\"_blank\">Povjerljivo<\/a>. Napi\u0161ite svoju pri\u010du!<\/p>\n\n\n\n<p><\/div>\n<div id=\"mojev-1805668953\" class=\"mojev-kraj-teksta mojev-entity-placement\" style=\"margin-bottom: 20px;margin-left: auto;margin-right: auto;text-align: center;\"><div class=\"mojev-adlabel\">oglas<\/div><div style=\"height: 250px;\"><script async src=\"https:\/\/pagead2.googlesyndication.com\/pagead\/js\/adsbygoogle.js?client=ca-pub-8106111766207173\"\r\n     crossorigin=\"anonymous\"><\/script>\r\n<!-- Display-1 -->\r\n<ins class=\"adsbygoogle\"\r\n     style=\"display:block\"\r\n     data-ad-client=\"ca-pub-8106111766207173\"\r\n     data-ad-slot=\"1465712950\"\r\n     data-ad-format=\"auto\"\r\n     data-full-width-responsive=\"true\"><\/ins>\r\n<script>\r\n     (adsbygoogle = window.adsbygoogle || []).push({});\r\n<\/script><\/div><\/div>","protected":false},"excerpt":{"rendered":"<p>Danas se fizi\u010dko ka\u017enjavanje smatra neprihvatljivim i ilegalnim u mnogim zemljama. Ove promjene su rezultat boljeg razumijevanja dje\u010djih prava, psiholo\u0161kih aspekata discipline te napretka u podru\u010djima obrazovanja i pedagogije.<\/p>\n","protected":false},"author":1,"featured_media":85215,"comment_status":"closed","ping_status":"closed","sticky":false,"template":"","format":"standard","meta":{"footnotes":""},"categories":[2],"tags":[188,328,434,3696,3069,941],"class_list":["post-85198","post","type-post","status-publish","format-standard","has-post-thumbnail","hentry","category-mozaik","tag-jugoslavija","tag-retro","tag-skola","tag-ucenici","tag-ucitelji","tag-zlostavljanje"],"_links":{"self":[{"href":"https:\/\/www.mojevrijeme.hr\/magazin\/wp-json\/wp\/v2\/posts\/85198","targetHints":{"allow":["GET"]}}],"collection":[{"href":"https:\/\/www.mojevrijeme.hr\/magazin\/wp-json\/wp\/v2\/posts"}],"about":[{"href":"https:\/\/www.mojevrijeme.hr\/magazin\/wp-json\/wp\/v2\/types\/post"}],"author":[{"embeddable":true,"href":"https:\/\/www.mojevrijeme.hr\/magazin\/wp-json\/wp\/v2\/users\/1"}],"replies":[{"embeddable":true,"href":"https:\/\/www.mojevrijeme.hr\/magazin\/wp-json\/wp\/v2\/comments?post=85198"}],"version-history":[{"count":0,"href":"https:\/\/www.mojevrijeme.hr\/magazin\/wp-json\/wp\/v2\/posts\/85198\/revisions"}],"wp:featuredmedia":[{"embeddable":true,"href":"https:\/\/www.mojevrijeme.hr\/magazin\/wp-json\/wp\/v2\/media\/85215"}],"wp:attachment":[{"href":"https:\/\/www.mojevrijeme.hr\/magazin\/wp-json\/wp\/v2\/media?parent=85198"}],"wp:term":[{"taxonomy":"category","embeddable":true,"href":"https:\/\/www.mojevrijeme.hr\/magazin\/wp-json\/wp\/v2\/categories?post=85198"},{"taxonomy":"post_tag","embeddable":true,"href":"https:\/\/www.mojevrijeme.hr\/magazin\/wp-json\/wp\/v2\/tags?post=85198"}],"curies":[{"name":"wp","href":"https:\/\/api.w.org\/{rel}","templated":true}]}}