{"id":85312,"date":"2023-09-11T10:10:54","date_gmt":"2023-09-11T08:10:54","guid":{"rendered":"https:\/\/www.mojevrijeme.hr\/magazin\/?p=85312"},"modified":"2023-09-11T10:15:16","modified_gmt":"2023-09-11T08:15:16","slug":"mirovine-kasne-sest-mjeseci-ministarstvo-ne-odgovara-zasto","status":"publish","type":"post","link":"https:\/\/www.mojevrijeme.hr\/magazin\/2023\/09\/mirovine-kasne-sest-mjeseci-ministarstvo-ne-odgovara-zasto\/","title":{"rendered":"Mirovine kasne \u0161est mjeseci, Ministarstvo ne odgovara za\u0161to"},"content":{"rendered":"\n<p>Umirovljenici se sve \u010de\u0161\u0107e i glasnije \u017eale na nepo\u0161tivanje zakonskog roka za dono\u0161enje rje\u0161enja o umirovljenju, a slijedom toga i ka\u0161njenja prve isplate.<\/p>\n\n\n\n<p>Odobrenje Hrvatskog zavoda za mirovinsko osiguranje, javlja <a href=\"https:\/\/www.index.hr\/vijesti\/clanak\/umirovljenici-na-rubu-egzistencije-mirovine-kasne-sest-mjeseci-a-ministarstvo-suti\/2493467.aspx\" target=\"_blank\" rel=\"noreferrer noopener\">Index.hr<\/a>, \u010dekaju vi\u0161e od \u0161est mjeseci od prestanka radnog odnosa i podno\u0161enja zahtjeva. U tom periodu umirovljenici nemaju nikakve prihode te se moraju snalaziti kako bi pre\u017eivjeli.<\/p>\n\n\n\n<p>\u0160est mjeseci bila je naru\u0161ena egzistencija i umirovljeniku R.L. (podaci poznati Indexovoj redakciji) koji je svoj radni vijek zavr\u0161io u ZET-u. Prvog travnja se oprostio sa svojim kolegama i oti\u0161ao u mirovinu, a mjesec dana prije predao je zahtjev.&nbsp;<\/p><div id=\"mojev-3553246924\" class=\"mojev-u-tekstu mojev-entity-placement\" style=\"margin-left: auto;margin-right: auto;text-align: center;\"><div class=\"mojev-adlabel\">oglas<\/div><div style=\"height: 250px;\"><script async src=\"https:\/\/pagead2.googlesyndication.com\/pagead\/js\/adsbygoogle.js?client=ca-pub-8106111766207173\"\r\n     crossorigin=\"anonymous\"><\/script>\r\n<!-- Prikazni 1 u tekstu -->\r\n<ins class=\"adsbygoogle\"\r\n     style=\"display:block\"\r\n     data-ad-client=\"ca-pub-8106111766207173\"\r\n     data-ad-slot=\"8535551207\"\r\n     data-ad-format=\"auto\"\r\n     data-full-width-responsive=\"true\"><\/ins>\r\n<script>\r\n     (adsbygoogle = window.adsbygoogle || []).push({});\r\n<\/script><\/div><\/div><br style=\"clear: both; display: block; float: none;\"\/>\n\n\n\n<p>U kolovozu se portalu Index.hr po\u017ealio kako rje\u0161enje o mirovini ne sti\u017ee. Jedina promjena nakon njegovih pritu\u017ebi bila je u lipnju odre\u0111ena akontacija u visini od 500 eura mjese\u010dno do dono\u0161enja rje\u0161enja o mirovini.<\/p>\n\n\n\n<p>&#8220;Predao sam zahtjev za starosnu mirovinu koji je bio pravovremen i potpun, a moram napomenuti kako je postojao i predzahtjev s izra\u010dunom iz 2022. godine, \u0161to zna\u010di da su postojali svi uvjeti za dono\u0161enje rje\u0161enja. Kao \u010dovjek i branitelj stavljen sam u diskriminiraju\u0107 polo\u017eaj i ugrozili su mi egzistenciju, a sve zbog neefikasnosti dr\u017eavne administracije&#8221;, smatra umirovljenik koji je \u010dekao rje\u0161enje za oko 900 eura starosne mirovine.&nbsp;<\/p>\n\n\n\n<h3 class=\"wp-block-heading\">&#8220;Rekli su mi da su na godi\u0161njem&#8221;<\/h3>\n\n\n\n<p>Nakon njegovih \u017ealbi i medijskih upita na koje HZMO prvotno nije htio dostaviti informacije zbog GDPR-a, umirovljenik je dobio rje\u0161enje o mirovini zadnji dan kolovoza. Skoro \u0161est mjeseci od predanog zahtjeva ostvario je svoje pravo, mirovinu koju je zakonski trebao dobiti u roku od 30 dana odnosno 60 dana od predanog zahtjeva.&nbsp;<\/p>\n\n\n\n<p>&#8220;Kada sam podnio zahtjev, i sami su mi rekli kako \u0107e sve biti gotovo u mjesec dana. Naravno, to nije bilo tako. Zvao sam ih i po\u017eurivao. Kada sam pitao za\u0161to jo\u0161 uvijek nisu izdali rje\u0161enje, oni su rekli kako su na godi\u0161njem. Pita li mene itko \u017eelim li ja i\u0107i na more? To sigurno ne mogu s ovih 500 eura koje su mi bili uplatili u lipnju&#8221;, ispri\u010dao je umirovljenik.&nbsp;<\/p>\n\n\n\n<p>Hrvatski zavod za mirovinsko osiguranje zbog GDPR-a, tvrde, nije mogao komentirati zbog \u010dega su Indexovi sugovornici \u010dekali svoja jedina primanja. Zbog ka\u0161njenja mirovina obratili su se i Ministarstvu rada, mirovinskog sustava, obitelji i socijalne politike, no oni nisu uop\u0107e odgovorili na upit, ve\u0107 su to prepustili HZMO-u. Prilog u cijelosti pro\u010ditajte na <a href=\"https:\/\/www.index.hr\/vijesti\/clanak\/umirovljenici-na-rubu-egzistencije-mirovine-kasne-sest-mjeseci-a-ministarstvo-suti\/2493467.aspx\" target=\"_blank\" rel=\"noreferrer noopener\">ovoj poveznici<\/a>.<\/p>\n<div id=\"mojev-2659183412\" class=\"mojev-kraj-teksta mojev-entity-placement\" style=\"margin-bottom: 20px;margin-left: auto;margin-right: auto;text-align: center;\"><div class=\"mojev-adlabel\">oglas<\/div><div style=\"height: 250px;\"><script async src=\"https:\/\/pagead2.googlesyndication.com\/pagead\/js\/adsbygoogle.js?client=ca-pub-8106111766207173\"\r\n     crossorigin=\"anonymous\"><\/script>\r\n<!-- Display-1 -->\r\n<ins class=\"adsbygoogle\"\r\n     style=\"display:block\"\r\n     data-ad-client=\"ca-pub-8106111766207173\"\r\n     data-ad-slot=\"1465712950\"\r\n     data-ad-format=\"auto\"\r\n     data-full-width-responsive=\"true\"><\/ins>\r\n<script>\r\n     (adsbygoogle = window.adsbygoogle || []).push({});\r\n<\/script><\/div><\/div>","protected":false},"excerpt":{"rendered":"<p>Umirovljenik R.L. ne pronalazi se u obrazlo\u017eenjima HZMO-a zbog \u010dega je mirovinu \u010dekao \u0161est mjeseci jer je zahtjev, ka\u017ee, bio pravovremen i potpun. Njemu je jo\u0161 uvijek nejasno kako HZMO ima vremena za dono\u0161enje akontacije koju je dobio u iznosu od 500 eura, ali za rje\u0161enje nemaju.<\/p>\n","protected":false},"author":1,"featured_media":85316,"comment_status":"closed","ping_status":"closed","sticky":false,"template":"","format":"standard","meta":{"footnotes":""},"categories":[9],"tags":[563,18],"class_list":["post-85312","post","type-post","status-publish","format-standard","has-post-thumbnail","hentry","category-vijesti","tag-hzmo","tag-mirovine"],"_links":{"self":[{"href":"https:\/\/www.mojevrijeme.hr\/magazin\/wp-json\/wp\/v2\/posts\/85312","targetHints":{"allow":["GET"]}}],"collection":[{"href":"https:\/\/www.mojevrijeme.hr\/magazin\/wp-json\/wp\/v2\/posts"}],"about":[{"href":"https:\/\/www.mojevrijeme.hr\/magazin\/wp-json\/wp\/v2\/types\/post"}],"author":[{"embeddable":true,"href":"https:\/\/www.mojevrijeme.hr\/magazin\/wp-json\/wp\/v2\/users\/1"}],"replies":[{"embeddable":true,"href":"https:\/\/www.mojevrijeme.hr\/magazin\/wp-json\/wp\/v2\/comments?post=85312"}],"version-history":[{"count":0,"href":"https:\/\/www.mojevrijeme.hr\/magazin\/wp-json\/wp\/v2\/posts\/85312\/revisions"}],"wp:featuredmedia":[{"embeddable":true,"href":"https:\/\/www.mojevrijeme.hr\/magazin\/wp-json\/wp\/v2\/media\/85316"}],"wp:attachment":[{"href":"https:\/\/www.mojevrijeme.hr\/magazin\/wp-json\/wp\/v2\/media?parent=85312"}],"wp:term":[{"taxonomy":"category","embeddable":true,"href":"https:\/\/www.mojevrijeme.hr\/magazin\/wp-json\/wp\/v2\/categories?post=85312"},{"taxonomy":"post_tag","embeddable":true,"href":"https:\/\/www.mojevrijeme.hr\/magazin\/wp-json\/wp\/v2\/tags?post=85312"}],"curies":[{"name":"wp","href":"https:\/\/api.w.org\/{rel}","templated":true}]}}