{"id":85322,"date":"2023-09-11T17:28:19","date_gmt":"2023-09-11T15:28:19","guid":{"rendered":"https:\/\/www.mojevrijeme.hr\/magazin\/?p=85322"},"modified":"2023-09-11T17:28:22","modified_gmt":"2023-09-11T15:28:22","slug":"ovo-su-iznosi-mirovina-ljudi-s-fakultetom-i-47-godina-staza","status":"publish","type":"post","link":"https:\/\/www.mojevrijeme.hr\/magazin\/2023\/09\/ovo-su-iznosi-mirovina-ljudi-s-fakultetom-i-47-godina-staza\/","title":{"rendered":"Ovo su iznosi mirovina ljudi s fakultetom i 47 godina sta\u017ea"},"content":{"rendered":"\n<p><strong>Gospo\u0111a Gordana <\/strong>svjedo\u010di nam da je ostvarila \u010dak <strong>47 godina <\/strong>neprekidnog radnog sta\u017ea na raznim radnim mjestima unutar organizacije. Za gotovo pola stolje\u0107a rada i visoku stru\u010dnu spremu, iznos mirovine koju su joj izra\u010dunali na mirovinskom za nju je poput pljuske posred lica. &#8220;S toliko sta\u017ea i s fakultetom, moja mirovina iznosi <strong>650 eura <\/strong>mjese\u010dno. Danas nemam ni za ru\u010dak. Molim da se preispita iznos moje mirovine i dodijeli mi se odgovaraju\u0107a mirovina, po godinama sta\u017ea i opisima radnog mjesta&#8221;, revoltirani je vapaj umirovljenice Gordane.<\/p>\n\n\n\n<p>Ina\u010de, prema podacima Hrvatskog zavoda za mirovinsko osiguranje (HZMO) u lipnju je Hrvatska imala 16.273 umirovljenika koji su sakupili vi\u0161e od 46 godina radnog sta\u017ea. Iz statisti\u010dkog biltena HZMO-a nemogu\u0107e je je vidjeti koliko njih je imali takozvani beneficirani radni sta\u017e, no u prosjeku ova skupina ima \u010dak 48 godina, tri mjeseca i \u010detiri dana sta\u017ea. Prosje\u010dna mirovina im iznosi tek 809 eura, pri \u010demu najni\u017ea mirovina ne mo\u017ee biti ni\u017ea od 582 eura. <\/p>\n\n\n\n<h3 class=\"wp-block-heading\">47 godina sta\u017ea \u2013 670 eura mirovine<\/h3>\n\n\n\n<p>Za 20 eura mjese\u010dno bolje od Gordane pro\u0161la je <strong>umirovljenica Zora<\/strong> koja danas ima 73 godine, \u017eivi u manjem mjestu i ve\u0107 je osam godina u mirovini. I ona je ostvarila punih 47 godina sta\u017ea, no ona ima srednju stru\u010dnu spremu, ali napominje da je dugo radila na rukovode\u0107im mjestima.<\/p><div id=\"mojev-2834784156\" class=\"mojev-u-tekstu mojev-entity-placement\" style=\"margin-left: auto;margin-right: auto;text-align: center;\"><div class=\"mojev-adlabel\">oglas<\/div><div style=\"height: 250px;\"><script async src=\"https:\/\/pagead2.googlesyndication.com\/pagead\/js\/adsbygoogle.js?client=ca-pub-8106111766207173\"\r\n     crossorigin=\"anonymous\"><\/script>\r\n<!-- Prikazni 1 u tekstu -->\r\n<ins class=\"adsbygoogle\"\r\n     style=\"display:block\"\r\n     data-ad-client=\"ca-pub-8106111766207173\"\r\n     data-ad-slot=\"8535551207\"\r\n     data-ad-format=\"auto\"\r\n     data-full-width-responsive=\"true\"><\/ins>\r\n<script>\r\n     (adsbygoogle = window.adsbygoogle || []).push({});\r\n<\/script><\/div><\/div><br style=\"clear: both; display: block; float: none;\"\/>\n\n\n\n<p>&#8220;Radni vijek sam provela u turizmu. Radilo se koliko je trebalo i kako je zahtijevao posao. Unutar svih tih godina sta\u017ea, \u010dak 20 godina odradila sam na rukovode\u0107im radnim mjestima i s polumenad\u017eerskim ugovorima. Sve to za dana\u0161nju mirovinu od 670 eura. Kakvo ujedna\u010davanje? \u017dao mi je onih sa manjom mirovinom, ali zar smo mi koji smo vi\u0161e radili ka\u017enjeni? Pravdo!\u201d ljutita je jo\u0161 jedna umirovljenica.<\/p>\n\n\n\n<h3 class=\"wp-block-heading\">43 godine sta\u017ea \u2013 500 eura mirovine<\/h3>\n\n\n\n<p><strong>Gospo\u0111a Veki <\/strong>pi\u0161e nam da je 43 godine radila kao voditeljica knjigovodstvenog servisa. &#8220;Mirovina mi danas za sve te godine iznosi samo 500 eura. Smatram da povla\u0161tene mirovine ne bi trebale postojati. Naro\u010dito mirovine saborskih zastupnika, jer za\u0161to se onda meni i drugima uzimalo ukupno primanje za izra\u010dun?!\u201d ukazuje umirovljenica koja osje\u0107a da ima nepravedno malu mirovinu u odnosu na godine sta\u017ea i u usporedbi sa saborskim mirovinama.<\/p>\n\n\n\n<h3 class=\"wp-block-heading\">44 godine sta\u017ea &#8211; 493 eura mirovine<\/h3>\n\n\n\n<p>Gospodin Miroslav ostvario je 44 godine radnog sta\u017ea i pi\u0161e nam razo\u010darano: &#8220;Mirovina mi iznosi 493 eura, toga ima samo na brdovitog Balkanu. Imam 68 godina i jo\u0161 uvijek radim na pola radnog vremena da bi mi \u017eivot na ne\u0161to sli\u010dio&#8221;, svjedo\u010di na\u0161 \u010ditatelj.<\/p>\n\n\n\n<h3 class=\"wp-block-heading\">42,8 godina rada \u2013 495 eura mirovine<\/h3>\n\n\n\n<p>Javio nam se jo\u0161 jedan mu\u0161ki umirovljenik koji je u mirovinu oti\u0161ao sa 42,8 godina radnog sta\u017ea. &#8220;Moja mirovima za sve te godine mukotrpnog rada iznosi 495 eura i sa ovim uskla\u0111ivanjima mi je jednostavno re\u010deno &#8211; nikakva&#8221;, po\u017ealio nam se.<\/p>\n\n\n\n<div id=\"crveno\"><\/p>\n\n\n\n<h3 class=\"wp-block-heading\">Zanima nas va\u0161a pri\u010da<\/h3>\n\n\n\n<p>\u017delite li i vi, posve anonimno, podijeliti svoje iskustvo i vi\u0111enje ove teme s nama i na\u0161im \u010ditateljima, mo\u017eete to u\u010diniti putem web obrasca <a rel=\"noreferrer noopener\" href=\"https:\/\/www.mojevrijeme.hr\/magazin\/povjerljivo\/\" target=\"_blank\">Povjerljivo<\/a>. Napi\u0161ite svoju pri\u010du!<\/p>\n\n\n\n<p><\/div>\n<div id=\"mojev-2702202902\" class=\"mojev-kraj-teksta mojev-entity-placement\" style=\"margin-bottom: 20px;margin-left: auto;margin-right: auto;text-align: center;\"><div class=\"mojev-adlabel\">oglas<\/div><div style=\"height: 250px;\"><script async src=\"https:\/\/pagead2.googlesyndication.com\/pagead\/js\/adsbygoogle.js?client=ca-pub-8106111766207173\"\r\n     crossorigin=\"anonymous\"><\/script>\r\n<!-- Display-1 -->\r\n<ins class=\"adsbygoogle\"\r\n     style=\"display:block\"\r\n     data-ad-client=\"ca-pub-8106111766207173\"\r\n     data-ad-slot=\"1465712950\"\r\n     data-ad-format=\"auto\"\r\n     data-full-width-responsive=\"true\"><\/ins>\r\n<script>\r\n     (adsbygoogle = window.adsbygoogle || []).push({});\r\n<\/script><\/div><\/div>","protected":false},"excerpt":{"rendered":"<p>Umirovljenici s radnim sta\u017eom koji dose\u017ee i 47 mukotrpnih godina javljaju nam se krajnje razo\u010darani iznosom penzija. Gordana, Zora, Veki i drugi mahom nam pi\u0161u da danas \u017eivotare i pitaju gdje je tu pravda. Svi su nam otkrili koliko im sada, nakon svih uskla\u0111ivanja, iznose mirovine i nitko od njih nije ni pribli\u017eno zadovoljan.<\/p>\n","protected":false},"author":17,"featured_media":30843,"comment_status":"closed","ping_status":"closed","sticky":false,"template":"","format":"standard","meta":{"footnotes":""},"categories":[3552],"tags":[18,337],"class_list":["post-85322","post","type-post","status-publish","format-standard","has-post-thumbnail","hentry","category-povjerljivo","tag-mirovine","tag-staz"],"_links":{"self":[{"href":"https:\/\/www.mojevrijeme.hr\/magazin\/wp-json\/wp\/v2\/posts\/85322","targetHints":{"allow":["GET"]}}],"collection":[{"href":"https:\/\/www.mojevrijeme.hr\/magazin\/wp-json\/wp\/v2\/posts"}],"about":[{"href":"https:\/\/www.mojevrijeme.hr\/magazin\/wp-json\/wp\/v2\/types\/post"}],"author":[{"embeddable":true,"href":"https:\/\/www.mojevrijeme.hr\/magazin\/wp-json\/wp\/v2\/users\/17"}],"replies":[{"embeddable":true,"href":"https:\/\/www.mojevrijeme.hr\/magazin\/wp-json\/wp\/v2\/comments?post=85322"}],"version-history":[{"count":0,"href":"https:\/\/www.mojevrijeme.hr\/magazin\/wp-json\/wp\/v2\/posts\/85322\/revisions"}],"wp:featuredmedia":[{"embeddable":true,"href":"https:\/\/www.mojevrijeme.hr\/magazin\/wp-json\/wp\/v2\/media\/30843"}],"wp:attachment":[{"href":"https:\/\/www.mojevrijeme.hr\/magazin\/wp-json\/wp\/v2\/media?parent=85322"}],"wp:term":[{"taxonomy":"category","embeddable":true,"href":"https:\/\/www.mojevrijeme.hr\/magazin\/wp-json\/wp\/v2\/categories?post=85322"},{"taxonomy":"post_tag","embeddable":true,"href":"https:\/\/www.mojevrijeme.hr\/magazin\/wp-json\/wp\/v2\/tags?post=85322"}],"curies":[{"name":"wp","href":"https:\/\/api.w.org\/{rel}","templated":true}]}}