{"id":85383,"date":"2023-09-12T08:47:25","date_gmt":"2023-09-12T06:47:25","guid":{"rendered":"https:\/\/www.mojevrijeme.hr\/magazin\/?p=85383"},"modified":"2023-09-12T08:58:30","modified_gmt":"2023-09-12T06:58:30","slug":"stefica-se-ne-sjeca-kad-si-je-kupila-biftek-a-radila-je-40-godina","status":"publish","type":"post","link":"https:\/\/www.mojevrijeme.hr\/magazin\/2023\/09\/stefica-se-ne-sjeca-kad-si-je-kupila-biftek-a-radila-je-40-godina\/","title":{"rendered":"Umirovljenica \u0160tefica ne sje\u0107a se kad je kupila biftek, a radila je 40 godina"},"content":{"rendered":"\n<p>I&nbsp;s prosje\u010dnom pla\u0107om nije lako izgurati mjesec, kamo li  mirovinom. Ho\u0107e li novi paket mjera pomo\u0107i gra\u0111anima i gospodarstvu koji bi Vlada RH treba predstaviti u \u010detvrtak pomo\u0107i umirovljenicima? Jednim dijelom sigurno ho\u0107e, no nitko ne o\u010dekuje da \u0107e ga jeftinija struja i eventualni energetski dodatak izvu\u0107i iz siroma\u0161tva. <\/p>\n\n\n\n<p>O tome je za <a href=\"https:\/\/danas.hr\/rtl-danas\/stefica-nakon-40-godina-rada-ne-pamti-kad-je-kupila-biftek-o-vladinim-mjerama-kaze-kao-kad-psu-bacis-kost-da-suti-c2666f84-50cf-11ee-a971-9e8f808cce20\" target=\"_blank\" rel=\"noreferrer noopener\">RTL<\/a> progovorila gospo\u0111a <strong>\u0160tefica&nbsp;<\/strong>iz Zagreba koja na dan mo\u017ee potro\u0161iti maksimalno 10 eura. Ona je 40 godina radila u bolni\u010dkom laboratoriju, a sada prima mirovinu od samo 440 eura. U Europskoj uniji prosjek je 1.200 eura. <\/p>\n\n\n\n<p>&#8220;Moja djeca su ta koja uska\u010du kada treba, a treba stalno. Svaki mjesec. Ja ne znam kad sam zadnji puta kupila biftek. Uop\u0107e ne znam \u0161to je to&#8221;, kazala je. Rekordno uskla\u0111enje mirovina od ovog mjeseca donijelo joj je samo 36 eura u nov\u010daniku vi\u0161e. <\/p><div id=\"mojev-60791702\" class=\"mojev-u-tekstu mojev-entity-placement\" style=\"margin-left: auto;margin-right: auto;text-align: center;\"><div class=\"mojev-adlabel\">oglas<\/div><div style=\"height: 250px;\"><script async src=\"https:\/\/pagead2.googlesyndication.com\/pagead\/js\/adsbygoogle.js?client=ca-pub-8106111766207173\"\r\n     crossorigin=\"anonymous\"><\/script>\r\n<!-- Prikazni 1 u tekstu -->\r\n<ins class=\"adsbygoogle\"\r\n     style=\"display:block\"\r\n     data-ad-client=\"ca-pub-8106111766207173\"\r\n     data-ad-slot=\"8535551207\"\r\n     data-ad-format=\"auto\"\r\n     data-full-width-responsive=\"true\"><\/ins>\r\n<script>\r\n     (adsbygoogle = window.adsbygoogle || []).push({});\r\n<\/script><\/div><\/div><br style=\"clear: both; display: block; float: none;\"\/>\n\n\n\n<p>Ni najavljena 13. mirovina ne\u0107e joj puno pomo\u0107i. &#8220;To je kao kad baci\u0161 psu kost pa mu ka\u017ee\u0161 &#8211; Hajde sad malo \u0161uti! Ja to tako smatram. To \u0107e vjerojatno oti\u0107i na neki minus na teku\u0107em i to je to&#8221;, iskreno govori \u0160tefica.<\/p>\n\n\n\n<p>\u010cak tri od \u010detiri umirovljenika \u017eive ispod granice siroma\u0161tva, a situacija za sve bi mogla biti jo\u0161 gora jer Hrvatska narodna banka o\u010dekuje pad ekonomije. Do kraja godine Hrvatska mo\u017eda tehni\u010dki u\u0111e u recesiju.<\/p>\n\n\n\n<p>&#8220;Za gra\u0111ane \u0107e to zna\u010diti usporeniji tempo zapo\u0161ljavanja tijekom narednih nekoliko kvartala, manje prostora za dodatni porast pla\u0107a, a i cijene \u0107e se formirati ne\u0161to kru\u0107e, odnosno ne\u0107e toliko sna\u017eno rasti koliko bi rasle da je ekonomska aktivnost sna\u017enija&#8221;, kazao je za RTL ekonomski analiti\u010dar Andrej Knez.<\/p>\n\n\n\n<p><a rel=\"noreferrer noopener\" href=\"https:\/\/net.hr\/danas\/crna-kronika\/pozar-u-zagrebackoj-dubravi-vatrogasci-spasili-troje-odraslih-i-dvoje-djece-f9de2e42-50df-11ee-8728-3a50bfc1e71d?utm_source=danas.hr&amp;utm_medium=refferal&amp;utm_campaign=qpqrazmjena\" target=\"_blank\"><\/a><\/p>\n\n\n\n<div id=\"crveno\"><\/p>\n\n\n\n<h3 class=\"wp-block-heading\">Zanima nas va\u0161a pri\u010da<\/h3>\n\n\n\n<p>\u017delite li i vi, posve anonimno, podijeliti svoje iskustvo i vi\u0111enje ove teme s nama i na\u0161im \u010ditateljima, mo\u017eete to u\u010diniti putem web obrasca <a rel=\"noreferrer noopener\" href=\"https:\/\/www.mojevrijeme.hr\/magazin\/povjerljivo\/\" target=\"_blank\">Povjerljivo<\/a>. Napi\u0161ite svoju pri\u010du!<\/p>\n\n\n\n<p><\/div>\n<div id=\"mojev-947887065\" class=\"mojev-kraj-teksta mojev-entity-placement\" style=\"margin-bottom: 20px;margin-left: auto;margin-right: auto;text-align: center;\"><div class=\"mojev-adlabel\">oglas<\/div><div style=\"height: 250px;\"><script async src=\"https:\/\/pagead2.googlesyndication.com\/pagead\/js\/adsbygoogle.js?client=ca-pub-8106111766207173\"\r\n     crossorigin=\"anonymous\"><\/script>\r\n<!-- Display-1 -->\r\n<ins class=\"adsbygoogle\"\r\n     style=\"display:block\"\r\n     data-ad-client=\"ca-pub-8106111766207173\"\r\n     data-ad-slot=\"1465712950\"\r\n     data-ad-format=\"auto\"\r\n     data-full-width-responsive=\"true\"><\/ins>\r\n<script>\r\n     (adsbygoogle = window.adsbygoogle || []).push({});\r\n<\/script><\/div><\/div>","protected":false},"excerpt":{"rendered":"<p>\u010cak tri od \u010detiri umirovljenika \u017eive ispod granice siroma\u0161tva, a situacija za sve bi mogla biti jo\u0161 gora jer Hrvatska narodna banka o\u010dekuje pad ekonomije. Do kraja godine Hrvatska mo\u017eda tehni\u010dki u\u0111e u recesiju.<\/p>\n","protected":false},"author":1,"featured_media":85395,"comment_status":"closed","ping_status":"closed","sticky":false,"template":"","format":"standard","meta":{"footnotes":""},"categories":[9],"tags":[18,237,236],"class_list":["post-85383","post","type-post","status-publish","format-standard","has-post-thumbnail","hentry","category-vijesti","tag-mirovine","tag-siromastvo","tag-standard"],"_links":{"self":[{"href":"https:\/\/www.mojevrijeme.hr\/magazin\/wp-json\/wp\/v2\/posts\/85383","targetHints":{"allow":["GET"]}}],"collection":[{"href":"https:\/\/www.mojevrijeme.hr\/magazin\/wp-json\/wp\/v2\/posts"}],"about":[{"href":"https:\/\/www.mojevrijeme.hr\/magazin\/wp-json\/wp\/v2\/types\/post"}],"author":[{"embeddable":true,"href":"https:\/\/www.mojevrijeme.hr\/magazin\/wp-json\/wp\/v2\/users\/1"}],"replies":[{"embeddable":true,"href":"https:\/\/www.mojevrijeme.hr\/magazin\/wp-json\/wp\/v2\/comments?post=85383"}],"version-history":[{"count":0,"href":"https:\/\/www.mojevrijeme.hr\/magazin\/wp-json\/wp\/v2\/posts\/85383\/revisions"}],"wp:featuredmedia":[{"embeddable":true,"href":"https:\/\/www.mojevrijeme.hr\/magazin\/wp-json\/wp\/v2\/media\/85395"}],"wp:attachment":[{"href":"https:\/\/www.mojevrijeme.hr\/magazin\/wp-json\/wp\/v2\/media?parent=85383"}],"wp:term":[{"taxonomy":"category","embeddable":true,"href":"https:\/\/www.mojevrijeme.hr\/magazin\/wp-json\/wp\/v2\/categories?post=85383"},{"taxonomy":"post_tag","embeddable":true,"href":"https:\/\/www.mojevrijeme.hr\/magazin\/wp-json\/wp\/v2\/tags?post=85383"}],"curies":[{"name":"wp","href":"https:\/\/api.w.org\/{rel}","templated":true}]}}