{"id":8550,"date":"2016-10-23T13:56:41","date_gmt":"2016-10-23T11:56:41","guid":{"rendered":"http:\/\/www.mojevrijeme.hr\/magazin\/?p=8550"},"modified":"2016-10-23T13:57:36","modified_gmt":"2016-10-23T11:57:36","slug":"hrvati-medu-najdebljim-nacijama-europske-unije","status":"publish","type":"post","link":"https:\/\/www.mojevrijeme.hr\/magazin\/2016\/10\/hrvati-medu-najdebljim-nacijama-europske-unije\/","title":{"rendered":"Hrvati me\u0111u najdebljim nacijama Europske unije"},"content":{"rendered":"<p>Hrvati su jedna od najdebljih nacija u Europi, pokazalo je novo istra\u017eivanje europske statisti\u010dke agencije Eurostat. Prema novom izvje\u0161taju, Malte\u017eani su\u00a0proporcionalno najdeblja nacija, a Rumunji su najmr\u0161aviji u Europskoj uniji.<\/p>\n<p>Istra\u017eivanje je iznjedrilo jo\u0161 alarmantnih podataka. Ukupno je svaka \u0161esta osoba u Uniji\u00a0pretila, odnosno 15,9 posto populacije. Debljina je izra\u017eenija me\u0111u starijim i manje obrazovanim stanovni\u0161tvom. Normalnu\u00a0tjelesnu te\u017einu ima 46,1 posto odraslog stanovni\u0161tva EU, 2,3 posto njih je premr\u0161avo. \u010cak 35,7 posto Europljana spada u kategoriju osoba s prekomjernom\u00a0tjelesnom te\u017einom, \u0161to je kategorija ispod pretilosti.<\/p>\n<p>Hrvatska je na\u00a0osmome mjestu\u00a0s 18,7 posto pretilih. Od Hrvata su, osim Malte\u017eana, deblji i Letonci, Ma\u0111ari, Estonci, Britanci, \u010cesi i Slovenci. Na drugom kraju su Rumunji s 9,4 posto pretilih, Talijani s 10,7 posto i Nizozemci s 13,3 posto.<\/p><div id=\"mojev-635525072\" class=\"mojev-u-tekstu mojev-entity-placement\" style=\"margin-left: auto;margin-right: auto;text-align: center;\"><div class=\"mojev-adlabel\">oglas<\/div><div style=\"height: 250px;\"><script async src=\"https:\/\/pagead2.googlesyndication.com\/pagead\/js\/adsbygoogle.js?client=ca-pub-8106111766207173\"\r\n     crossorigin=\"anonymous\"><\/script>\r\n<!-- Prikazni 1 u tekstu -->\r\n<ins class=\"adsbygoogle\"\r\n     style=\"display:block\"\r\n     data-ad-client=\"ca-pub-8106111766207173\"\r\n     data-ad-slot=\"8535551207\"\r\n     data-ad-format=\"auto\"\r\n     data-full-width-responsive=\"true\"><\/ins>\r\n<script>\r\n     (adsbygoogle = window.adsbygoogle || []).push({});\r\n<\/script><\/div><\/div><br style=\"clear: both; display: block; float: none;\"\/>\n<p>Tako\u0111er, \u0161to je dobna skupina starija to je ve\u0107i postotak debelih, priop\u0107io je\u00a0Eurostat. Samo je 5,7 posto osoba do 24 godine pretilo, u usporedbi s 22,1 posto u dobnoj skupini od 65 do 74 godine.<\/p>\n<p>Zanimljivo, postoji i jasna\u00a0veza izme\u0111u obrazovanja i debljine. Me\u0111u niskoobrazovanima postotak pretilosti je 19,9, a me\u0111u visokoobrazovanima 11,5 posto. U Hrvatskoj je gotovo 25 posto osoba s ni\u017eim obrazovanjem pretilo, a me\u0111u visokoobrazovanima takvih je 12,6 posto.<\/p>\n<div id=\"mojev-492613366\" class=\"mojev-kraj-teksta mojev-entity-placement\" style=\"margin-bottom: 20px;margin-left: auto;margin-right: auto;text-align: center;\"><div class=\"mojev-adlabel\">oglas<\/div><div style=\"height: 250px;\"><script async src=\"https:\/\/pagead2.googlesyndication.com\/pagead\/js\/adsbygoogle.js?client=ca-pub-8106111766207173\"\r\n     crossorigin=\"anonymous\"><\/script>\r\n<!-- Display-1 -->\r\n<ins class=\"adsbygoogle\"\r\n     style=\"display:block\"\r\n     data-ad-client=\"ca-pub-8106111766207173\"\r\n     data-ad-slot=\"1465712950\"\r\n     data-ad-format=\"auto\"\r\n     data-full-width-responsive=\"true\"><\/ins>\r\n<script>\r\n     (adsbygoogle = window.adsbygoogle || []).push({});\r\n<\/script><\/div><\/div>","protected":false},"excerpt":{"rendered":"<p>Postoji i jasna veza izme\u0111u obrazovanja i debljine. Me\u0111u niskoobrazovanima postotak pretilosti je 19,9, a me\u0111u visokoobrazovanima 11,5 posto. U Hrvatskoj je gotovo 25 posto osoba s ni\u017eim obrazovanjem pretilo, a me\u0111u visokoobrazovanima takvih je 12,6 posto. <\/p>\n","protected":false},"author":4,"featured_media":8555,"comment_status":"closed","ping_status":"open","sticky":false,"template":"","format":"standard","meta":{"footnotes":""},"categories":[3],"tags":[574,391],"class_list":["post-8550","post","type-post","status-publish","format-standard","has-post-thumbnail","hentry","category-zdravlje","tag-europska-unija","tag-pretilost"],"_links":{"self":[{"href":"https:\/\/www.mojevrijeme.hr\/magazin\/wp-json\/wp\/v2\/posts\/8550","targetHints":{"allow":["GET"]}}],"collection":[{"href":"https:\/\/www.mojevrijeme.hr\/magazin\/wp-json\/wp\/v2\/posts"}],"about":[{"href":"https:\/\/www.mojevrijeme.hr\/magazin\/wp-json\/wp\/v2\/types\/post"}],"author":[{"embeddable":true,"href":"https:\/\/www.mojevrijeme.hr\/magazin\/wp-json\/wp\/v2\/users\/4"}],"replies":[{"embeddable":true,"href":"https:\/\/www.mojevrijeme.hr\/magazin\/wp-json\/wp\/v2\/comments?post=8550"}],"version-history":[{"count":0,"href":"https:\/\/www.mojevrijeme.hr\/magazin\/wp-json\/wp\/v2\/posts\/8550\/revisions"}],"wp:featuredmedia":[{"embeddable":true,"href":"https:\/\/www.mojevrijeme.hr\/magazin\/wp-json\/wp\/v2\/media\/8555"}],"wp:attachment":[{"href":"https:\/\/www.mojevrijeme.hr\/magazin\/wp-json\/wp\/v2\/media?parent=8550"}],"wp:term":[{"taxonomy":"category","embeddable":true,"href":"https:\/\/www.mojevrijeme.hr\/magazin\/wp-json\/wp\/v2\/categories?post=8550"},{"taxonomy":"post_tag","embeddable":true,"href":"https:\/\/www.mojevrijeme.hr\/magazin\/wp-json\/wp\/v2\/tags?post=8550"}],"curies":[{"name":"wp","href":"https:\/\/api.w.org\/{rel}","templated":true}]}}