{"id":8552,"date":"2016-10-22T21:23:00","date_gmt":"2016-10-22T19:23:00","guid":{"rendered":"http:\/\/www.mojevrijeme.hr\/magazin\/?p=8552"},"modified":"2016-10-22T21:23:41","modified_gmt":"2016-10-22T19:23:41","slug":"rodeni-1962-godine-i-kasnije-imat-cete-27-manju-mirovinu","status":"publish","type":"post","link":"https:\/\/www.mojevrijeme.hr\/magazin\/2016\/10\/rodeni-1962-godine-i-kasnije-imat-cete-27-manju-mirovinu\/","title":{"rendered":"27% manja mirovina za ro\u0111ene 1962. godine i kasnije"},"content":{"rendered":"<p>Svi koji su ro\u0111eni 1962. i kasnije dobivat \u0107e 27 posto ni\u017ee mirovine u odnosu na one koji su u prvom stupu, jer dr\u017eava ispla\u0107uje za\u0161titni dohodak, kako bi kompenzirala gubitak u odnosu na ranije generacije, samo onima u prvom stupu.<\/p>\n<p>Razlika nastaje zbog na\u010dina izra\u010duna mirovine iz prvog stupa, koja se mora ispraviti do 2019., ako dr\u017eava \u017eeli izbje\u0107i novu mirovinsku nepravdu. Godine 2019. u prijevremenu starosnu mirovinu krenut \u0107e prve generacije \u017eena ro\u0111enih 1962. godine, koje nemaju izbora, ve\u0107 5 posto svojih mirovinskih doprinosa upla\u0107uju u drugi stup, a 15 posto doprinosa ide u prvi stup, pi\u0161e <a href=\"http:\/\/www.vecernji.hr\/hrvatska\/rodenima-62-i-kasnije-nize-mirovine-1122937\" target=\"_blank\">Ve\u010dernji<\/a>.<\/p>\n<p>\u017dena ro\u0111ena 1954. godine koja je 36,5 godina zara\u0111ivala prosje\u010dnu pla\u0107u u dr\u017eavi ove godine kao umirovljenica prvog stupa mo\u017ee ra\u010dunati na 2845 kuna mirovine. Kada bi ista osoba ostala u drugom stupu i ne bi svoju \u0161tednju prebacila u prvi stup, njezina bi mirovina bila 500-tinjak kuna manja, odnosno iznosila bi 2331 kunu!<\/p><div id=\"mojev-2602137212\" class=\"mojev-u-tekstu mojev-entity-placement\" style=\"margin-left: auto;margin-right: auto;text-align: center;\"><div class=\"mojev-adlabel\">oglas<\/div><div style=\"height: 250px;\"><script async src=\"https:\/\/pagead2.googlesyndication.com\/pagead\/js\/adsbygoogle.js?client=ca-pub-8106111766207173\"\r\n     crossorigin=\"anonymous\"><\/script>\r\n<!-- Prikazni 1 u tekstu -->\r\n<ins class=\"adsbygoogle\"\r\n     style=\"display:block\"\r\n     data-ad-client=\"ca-pub-8106111766207173\"\r\n     data-ad-slot=\"8535551207\"\r\n     data-ad-format=\"auto\"\r\n     data-full-width-responsive=\"true\"><\/ins>\r\n<script>\r\n     (adsbygoogle = window.adsbygoogle || []).push({});\r\n<\/script><\/div><\/div><br style=\"clear: both; display: block; float: none;\"\/>\n<p>Tijekom svog radnog vijeka uplatila je oko 860 tisu\u0107a kuna doprinosa, od \u010dega je 86 tisu\u0107a skupljeno u drugom stupu, a preostalih 90 posto doprinosa upla\u0107ivala je u prvi stup, izralunao je <a href=\"http:\/\/www.vecernji.hr\/hrvatska\/rodenima-62-i-kasnije-nize-mirovine-1122937\" target=\"_blank\">Ve\u010dernji<\/a>.<\/p>\n<div id=\"mojev-517273129\" class=\"mojev-kraj-teksta mojev-entity-placement\" style=\"margin-bottom: 20px;margin-left: auto;margin-right: auto;text-align: center;\"><div class=\"mojev-adlabel\">oglas<\/div><div style=\"height: 250px;\"><script async src=\"https:\/\/pagead2.googlesyndication.com\/pagead\/js\/adsbygoogle.js?client=ca-pub-8106111766207173\"\r\n     crossorigin=\"anonymous\"><\/script>\r\n<!-- Display-1 -->\r\n<ins class=\"adsbygoogle\"\r\n     style=\"display:block\"\r\n     data-ad-client=\"ca-pub-8106111766207173\"\r\n     data-ad-slot=\"1465712950\"\r\n     data-ad-format=\"auto\"\r\n     data-full-width-responsive=\"true\"><\/ins>\r\n<script>\r\n     (adsbygoogle = window.adsbygoogle || []).push({});\r\n<\/script><\/div><\/div>","protected":false},"excerpt":{"rendered":"<p>Razlika nastaje zbog na\u010dina izra\u010duna mirovine iz prvog stupa, koja se mora ispraviti do 2019., ako dr\u017eava \u017eeli izbje\u0107i novu mirovinsku nepravdu. Dr\u017eava ispla\u0107uje za\u0161titni dohodak, kako bi kompenzirala gubitak u odnosu na ranije generacije, samo onima u prvom stupu. <\/p>\n","protected":false},"author":1,"featured_media":6339,"comment_status":"closed","ping_status":"open","sticky":false,"template":"","format":"standard","meta":{"footnotes":""},"categories":[9],"tags":[18,17],"class_list":["post-8552","post","type-post","status-publish","format-standard","has-post-thumbnail","hentry","category-vijesti","tag-mirovine","tag-novac"],"_links":{"self":[{"href":"https:\/\/www.mojevrijeme.hr\/magazin\/wp-json\/wp\/v2\/posts\/8552","targetHints":{"allow":["GET"]}}],"collection":[{"href":"https:\/\/www.mojevrijeme.hr\/magazin\/wp-json\/wp\/v2\/posts"}],"about":[{"href":"https:\/\/www.mojevrijeme.hr\/magazin\/wp-json\/wp\/v2\/types\/post"}],"author":[{"embeddable":true,"href":"https:\/\/www.mojevrijeme.hr\/magazin\/wp-json\/wp\/v2\/users\/1"}],"replies":[{"embeddable":true,"href":"https:\/\/www.mojevrijeme.hr\/magazin\/wp-json\/wp\/v2\/comments?post=8552"}],"version-history":[{"count":0,"href":"https:\/\/www.mojevrijeme.hr\/magazin\/wp-json\/wp\/v2\/posts\/8552\/revisions"}],"wp:featuredmedia":[{"embeddable":true,"href":"https:\/\/www.mojevrijeme.hr\/magazin\/wp-json\/wp\/v2\/media\/6339"}],"wp:attachment":[{"href":"https:\/\/www.mojevrijeme.hr\/magazin\/wp-json\/wp\/v2\/media?parent=8552"}],"wp:term":[{"taxonomy":"category","embeddable":true,"href":"https:\/\/www.mojevrijeme.hr\/magazin\/wp-json\/wp\/v2\/categories?post=8552"},{"taxonomy":"post_tag","embeddable":true,"href":"https:\/\/www.mojevrijeme.hr\/magazin\/wp-json\/wp\/v2\/tags?post=8552"}],"curies":[{"name":"wp","href":"https:\/\/api.w.org\/{rel}","templated":true}]}}