{"id":85559,"date":"2023-09-13T09:10:27","date_gmt":"2023-09-13T07:10:27","guid":{"rendered":"https:\/\/www.mojevrijeme.hr\/magazin\/?p=85559"},"modified":"2023-09-13T09:10:30","modified_gmt":"2023-09-13T07:10:30","slug":"kako-prepoznati-lazna-obecanja-umirovljenici-nemaju-14-godina-za-cekanje","status":"publish","type":"post","link":"https:\/\/www.mojevrijeme.hr\/magazin\/2023\/09\/kako-prepoznati-lazna-obecanja-umirovljenici-nemaju-14-godina-za-cekanje\/","title":{"rendered":"Kako prepoznati la\u017ena obe\u0107anja? Umirovljenici nemaju 14 godina za \u010dekanje!"},"content":{"rendered":"\n<p>Brojna predizborna obe\u0107anja kojima su umirovljenike po\u010dele obasipati politi\u010dke u programu <a rel=\"noreferrer noopener\" href=\"https:\/\/vijesti.hrt.hr\/hrvatska\/mirovine-11030926\" target=\"_blank\">HRT-a<\/a> komentirali su <strong>Milivoj \u0160pika<\/strong> iz platforme Umirovljenici zajedno i\u00a0<strong>Andrej Grubi\u0161i\u0107<\/strong>, ekonomski analiti\u010dar.<\/p>\n\n\n\n<p>&#8220;Ponavlja se pri\u010da koju smo imali prilike slu\u0161ati i prethodnih izbornih ciklusa. Svaki puta kada dolaze izbori, sve se stranke javljaju, svima su umirovljenici u fokusu, ove su godine posebno u fokusu jer plaftorma Umirovljenici zajedno ve\u0107 mjesecima gura u javni prostor probleme umirovljenika. U ovo trenutku oni i jesu najve\u0107i problem u RH&#8221;, kazao je \u0160pika.<\/p>\n\n\n\n<p>&#8220;Gra\u0111ani, posebno umirovljenici, \u0107e lako prepoznati one koju su <em>fake<\/em>; to su oni prijedlozi koji dolaze bez ikakvih obrazlo\u017eenja, ili neki koji iznose cifre koje su nebulozne i nemaju veze ni s \u010dime. Tko god nema obrazlo\u017eenje kako \u0107e ne\u0161to napraviti sad i odmah, ve\u0107 na neki rok tko zna kada, znamo da to nema veze s realno\u0161\u0107u&#8221;, rekao je\u00a0<strong>\u0160pika<\/strong>.<\/p><div id=\"mojev-833026781\" class=\"mojev-u-tekstu mojev-entity-placement\" style=\"margin-left: auto;margin-right: auto;text-align: center;\"><div class=\"mojev-adlabel\">oglas<\/div><div style=\"height: 250px;\"><script async src=\"https:\/\/pagead2.googlesyndication.com\/pagead\/js\/adsbygoogle.js?client=ca-pub-8106111766207173\"\r\n     crossorigin=\"anonymous\"><\/script>\r\n<!-- Prikazni 1 u tekstu -->\r\n<ins class=\"adsbygoogle\"\r\n     style=\"display:block\"\r\n     data-ad-client=\"ca-pub-8106111766207173\"\r\n     data-ad-slot=\"8535551207\"\r\n     data-ad-format=\"auto\"\r\n     data-full-width-responsive=\"true\"><\/ins>\r\n<script>\r\n     (adsbygoogle = window.adsbygoogle || []).push({});\r\n<\/script><\/div><\/div><br style=\"clear: both; display: block; float: none;\"\/>\n\n\n\n<p>&#8220;Na\u0161i izra\u010duni pokazuju da na periodu od 20 i ne\u0161to sitno godina nominalni prinos je nula, \u0161to je realno negativan. Otprilike nakon 24 godine nominalni prinos na va\u0161e novce postaje otprilike nepunih 2 posto, a tek preko toga, ako do\u017eivite dalje od toga, imate prinos koji je iznad stope inflacije. Na\u0161 prijedlog je da se modificira ta regulativa, da se modificira regulativa vezana za funkcioniranje obvezne mirovinske \u0161tednje i ne nu\u017eno samo II. stupa&#8221;, rekao je ekonomski analiti\u010dar\u00a0<strong>Andrej Grubi\u0161i\u0107.<\/strong><\/p>\n\n\n\n<p>&#8220;Ljudi bi imali mogu\u0107nost izbora, mogli bi upla\u0107ivati u postoje\u0107i obvezni mirovinski fond, ali ne bi morali. Mogli bi upla\u0107ivati u bilo koju mirovinsku shemu na podru\u010dju EU. Tu se postavlja pitanje da li bi trebali imati potpunu slobodu izbora u smislu da ne moraju upla\u0107ivati&#8221;, govori\u00a0<strong>Grubi\u0161i\u0107<\/strong>.<\/p>\n\n\n\n<p>&#8220;\u010cinjenica je da u ovom trenutku umirovljenja preko 80 posto se vra\u0107a u I. stup. Ono malo \u0161to ostane u II. stupu, je isklju\u010divo zbog mogu\u0107nosti povla\u010denja 15 posto gotovine&#8221;, rekao je\u00a0<strong>\u0160pika\u00a0<\/strong>i dodao da ono \u0161to se htjelo posti\u0107i s II. mirovinskim stupom nije se postiglo. &#8220;Hrvatska je dobila samo jo\u0161 ve\u0107i javni dug, ve\u0107e kamate, II. mirovinski stup mora do\u017eivjeti radikalne promjene&#8221;, smatra\u00a0<strong>\u0160pika<\/strong>.<\/p>\n\n\n\n<p>&#8220;Na\u0161e analize pokazuju da bi, kada i ne bi bilo II. mirovinskog stupa, opet udio javnog duga u BDP-u u Hrvatskoj bio vi\u0161i nego u mnogim socijalisti\u010dkim zemljama&#8221;, rekao je\u00a0<strong>Grubi\u0161i\u0107<\/strong>.<\/p>\n\n\n\n<p>&#8220;\u0160to se ti\u010de vra\u0107anja u I. stup, osobno smatram da je to veliki problem, zato \u0161to se privatna \u0161tednja susre\u0107e s tri stvari. Prva je ekonomska realnost, a to su prinosi koje ste ostvarili. Zatim dva faktora &#8211; regulativa vezana za modove i kontra toga, obzirom da ta regulativa stavlja pritisak na mirovine koje se mogu ispla\u0107ivati u takvoj regulativi prema dolje, s druge strane vam do\u0111e politi\u010dar koji vam da politi\u010dko obe\u0107anje; dajte meni sav taj novac onda \u0107e vam dr\u017eava ispla\u0107ivati odre\u0111eni iznos. Nikada se ekonomska realnost na kratki rok ne mo\u017ee natjecati i pobijediti neobvezuju\u0107u politi\u010dku floskulu za koju ti ljudi koji to obe\u0107aju na period od 20, 30 godina ne\u0107e snositi materijalnu odgovornost&#8221;, smatra\u00a0<strong>Grubi\u0161i\u0107<\/strong>.<\/p>\n\n\n\n<p>&#8220;Jasno je da je situacija u kojoj se sad nalazi Hrvatska u sukobu. Imamo realno stanje od preko 850.000 umirovljenika koji \u017eive s mirovinom ispod linije siroma\u0161tva. S druge strane imamo znanost, odnosno ekonomiju koja ka\u017ee kako bi to trebalo rije\u0161iti na odre\u0111eni period, i imamo politiku koja prakti\u010dno odlu\u010duje \u0161to \u0107e se napraviti. Ho\u0107e li se povesti za realitetima ili za znanosti&#8221;, navodi \u0160pika pa zaklju\u010duje:<\/p>\n\n\n\n<p>&#8220;U ovom trenutku umirovljenike ne zanimaju rje\u0161enja koja \u0107e biti za 4, 8 ili 14 godina. Umirovljenik \u017eivi danas, to nije dobna skupina kojoj mo\u017eete prodavati pri\u010de da \u0107ete vi ne\u0161to rije\u0161iti kroz jedan ili dva mandata. Pa svake godine ih ima 40 do 50 tisu\u0107a manje. U ovih 20 godina drasti\u010dno se smanjio broj zaposlenika u odnosu na broj umirovljenika i to su realiteti zbog kojih se dr\u017eava na\u0161la u situaciji da vi\u0161e ne pokriva izdatke za mirovine.&#8221;<\/p>\n<div id=\"mojev-1152670729\" class=\"mojev-kraj-teksta mojev-entity-placement\" style=\"margin-bottom: 20px;margin-left: auto;margin-right: auto;text-align: center;\"><div class=\"mojev-adlabel\">oglas<\/div><div style=\"height: 250px;\"><script async src=\"https:\/\/pagead2.googlesyndication.com\/pagead\/js\/adsbygoogle.js?client=ca-pub-8106111766207173\"\r\n     crossorigin=\"anonymous\"><\/script>\r\n<!-- Display-1 -->\r\n<ins class=\"adsbygoogle\"\r\n     style=\"display:block\"\r\n     data-ad-client=\"ca-pub-8106111766207173\"\r\n     data-ad-slot=\"1465712950\"\r\n     data-ad-format=\"auto\"\r\n     data-full-width-responsive=\"true\"><\/ins>\r\n<script>\r\n     (adsbygoogle = window.adsbygoogle || []).push({});\r\n<\/script><\/div><\/div>","protected":false},"excerpt":{"rendered":"<p>Tko god nema obrazlo\u017eenje kako \u0107e ne\u0161to napraviti sad i odmah, ve\u0107 na neki rok tko zna kada, znamo da to nema veze s realno\u0161\u0107u, rekao je\u00a0\u0160pika.<\/p>\n","protected":false},"author":1,"featured_media":85562,"comment_status":"closed","ping_status":"closed","sticky":false,"template":"","format":"standard","meta":{"footnotes":""},"categories":[9],"tags":[2987,854,18,3306],"class_list":["post-85559","post","type-post","status-publish","format-standard","has-post-thumbnail","hentry","category-vijesti","tag-andrej-grubisic","tag-milivoj-spika","tag-mirovine","tag-umirovljenici-zajedno"],"_links":{"self":[{"href":"https:\/\/www.mojevrijeme.hr\/magazin\/wp-json\/wp\/v2\/posts\/85559","targetHints":{"allow":["GET"]}}],"collection":[{"href":"https:\/\/www.mojevrijeme.hr\/magazin\/wp-json\/wp\/v2\/posts"}],"about":[{"href":"https:\/\/www.mojevrijeme.hr\/magazin\/wp-json\/wp\/v2\/types\/post"}],"author":[{"embeddable":true,"href":"https:\/\/www.mojevrijeme.hr\/magazin\/wp-json\/wp\/v2\/users\/1"}],"replies":[{"embeddable":true,"href":"https:\/\/www.mojevrijeme.hr\/magazin\/wp-json\/wp\/v2\/comments?post=85559"}],"version-history":[{"count":0,"href":"https:\/\/www.mojevrijeme.hr\/magazin\/wp-json\/wp\/v2\/posts\/85559\/revisions"}],"wp:featuredmedia":[{"embeddable":true,"href":"https:\/\/www.mojevrijeme.hr\/magazin\/wp-json\/wp\/v2\/media\/85562"}],"wp:attachment":[{"href":"https:\/\/www.mojevrijeme.hr\/magazin\/wp-json\/wp\/v2\/media?parent=85559"}],"wp:term":[{"taxonomy":"category","embeddable":true,"href":"https:\/\/www.mojevrijeme.hr\/magazin\/wp-json\/wp\/v2\/categories?post=85559"},{"taxonomy":"post_tag","embeddable":true,"href":"https:\/\/www.mojevrijeme.hr\/magazin\/wp-json\/wp\/v2\/tags?post=85559"}],"curies":[{"name":"wp","href":"https:\/\/api.w.org\/{rel}","templated":true}]}}