{"id":85603,"date":"2023-09-14T08:56:19","date_gmt":"2023-09-14T06:56:19","guid":{"rendered":"https:\/\/www.mojevrijeme.hr\/magazin\/?p=85603"},"modified":"2023-09-14T08:59:28","modified_gmt":"2023-09-14T06:59:28","slug":"zbog-snahe-smo-oboljeli-i-izbacili-ih-iz-kuce-3-godine-nismo-vidjeli-unuke","status":"publish","type":"post","link":"https:\/\/www.mojevrijeme.hr\/magazin\/2023\/09\/zbog-snahe-smo-oboljeli-i-izbacili-ih-iz-kuce-3-godine-nismo-vidjeli-unuke\/","title":{"rendered":"&#8216;Zbog snahe smo oboljeli i izbacili ih iz ku\u0107e. 3 godine nismo vidjeli unuke&#8217;"},"content":{"rendered":"\n<p>Neizdr\u017eivo gospo\u0111u Tenu boli srce \u0161to vi\u0161e nije u kontaktu sa sinom, snahom i unucima. \u0160to je tome prethodilo, objasnila nam je u povjerljivom pismu. &#8220;Objavili ste pri\u010du o baki koja unuku <a rel=\"noreferrer noopener\" href=\"https:\/\/www.mojevrijeme.hr\/magazin\/2023\/08\/svekrva-dijana-prekrizili-su-me-jer-unuku-nisam-promijenila-pelenu-punica-sefuje\/\" data-type=\"post\" data-id=\"82572\" target=\"_blank\">nije promijenila pelenu<\/a> i zato joj snaha i sin brane vi\u0111ati djecu. I moja obitelj je \u017ertava sli\u010dnih ispada snahe i sada i nama moji brane vi\u0111ati unu\u010dad&#8221;, objasnila je.<\/p>\n\n\n\n<p>Sve je po\u010delo kad im se snaha doselila u ku\u0107u. &#8220;Na\u017ealost, dobili smo u ku\u0107u nevjestu koja nas nimalo nije po\u0161tovala te je imala u\u010destale ispade prema nama. Naravno da to nakon nekog vremena vi\u0161e nismo mogli tolerirati, dugo smo i izdr\u017eali. Toliko dugo da nam se zbog te nepodno\u0161ljive situacije u ku\u0107i naru\u0161ilo zdravlje&#8221;, povjerava nam.<\/p>\n\n\n\n<h3 class=\"wp-block-heading\">Vi\u0161e nisu mogli trpjeti<\/h3>\n\n\n\n<p>Situacija je, otkriva gospo\u0111a Tena, kulminirala time da su mladoj obitelji rekli da ode, a sve ne bi li spasili jo\u0161 ono malo zdravlja \u0161to im je ostalo. Nadali su se da \u0107e shvatiti da ne mogu biti pod istim krovom i da \u0107e im barem ostaviti zrno sre\u0107e u obliku dopu\u0161tenih susreta s unucima.<\/p><div id=\"mojev-2324821736\" class=\"mojev-u-tekstu mojev-entity-placement\" style=\"margin-left: auto;margin-right: auto;text-align: center;\"><div class=\"mojev-adlabel\">oglas<\/div><div style=\"height: 250px;\"><script async src=\"https:\/\/pagead2.googlesyndication.com\/pagead\/js\/adsbygoogle.js?client=ca-pub-8106111766207173\"\r\n     crossorigin=\"anonymous\"><\/script>\r\n<!-- Prikazni 1 u tekstu -->\r\n<ins class=\"adsbygoogle\"\r\n     style=\"display:block\"\r\n     data-ad-client=\"ca-pub-8106111766207173\"\r\n     data-ad-slot=\"8535551207\"\r\n     data-ad-format=\"auto\"\r\n     data-full-width-responsive=\"true\"><\/ins>\r\n<script>\r\n     (adsbygoogle = window.adsbygoogle || []).push({});\r\n<\/script><\/div><\/div><br style=\"clear: both; display: block; float: none;\"\/>\n\n\n\n<p>&#8220;Bila je to vrlo te\u0161ka odluka. \u010citam javne komentare na sli\u010dne teme, ljudi vrlo \u010desto pi\u0161u da takve treba izbaciti iz ku\u0107e. No, kad se na\u0111e\u0161 u toj ko\u017ei, nije to ba\u0161 tako jednostavno napraviti. Jer, to je rezultiralo time da nam sada brane vi\u0111ati unu\u010dad. Zapravo je te\u0161ko je re\u0107i \u0161to nas vi\u0161e boli, sin koji je odbacio roditelje i koji nas ve\u0107 tri godine nije nazvao niti nam se javio na pozive, ili to \u0161to ne mo\u017eemo vidjeti unuke&#8221;, pi\u0161e nam ogor\u010dena gospo\u0111a Tena.<\/p>\n\n\n\n<h3 class=\"wp-block-heading\">Neizdr\u017eiva bol<\/h3>\n\n\n\n<p>Boli ju i to \u0161to je njezin sin uop\u0107e dopustio svojoj \u017eeni, koja je ipak \u017eivjela pod njihovim krovom, da nema nimalo po\u0161tovanja prema njegovim roditeljima. &#8220;A obitelj je ipak smisao \u017eivota, zar ne? Bar smo tako moj suprug i ja razmi\u0161ljali i \u017eivjeli za djecu, a dobili smo neizdr\u017eivu bol s kojom se vrlo te\u0161ko nositi&#8221;, po\u017ealila se nesretna baka, majka i svekrva.<\/p>\n\n\n\n<div id=\"crveno\"><\/p>\n\n\n\n<h3 class=\"wp-block-heading\">Zanima nas va\u0161a pri\u010da<\/h3>\n\n\n\n<p>\u017delite li i vi, posve anonimno, podijeliti svoje iskustvo i vi\u0111enje ove teme s nama i na\u0161im \u010ditateljima, mo\u017eete to u\u010diniti putem web obrasca <a rel=\"noreferrer noopener\" href=\"https:\/\/www.mojevrijeme.hr\/magazin\/povjerljivo\/\" target=\"_blank\">Povjerljivo<\/a>. Napi\u0161ite svoju pri\u010du!<\/p>\n\n\n\n<p><\/div>\n<div id=\"mojev-616492254\" class=\"mojev-kraj-teksta mojev-entity-placement\" style=\"margin-bottom: 20px;margin-left: auto;margin-right: auto;text-align: center;\"><div class=\"mojev-adlabel\">oglas<\/div><div style=\"height: 250px;\"><script async src=\"https:\/\/pagead2.googlesyndication.com\/pagead\/js\/adsbygoogle.js?client=ca-pub-8106111766207173\"\r\n     crossorigin=\"anonymous\"><\/script>\r\n<!-- Display-1 -->\r\n<ins class=\"adsbygoogle\"\r\n     style=\"display:block\"\r\n     data-ad-client=\"ca-pub-8106111766207173\"\r\n     data-ad-slot=\"1465712950\"\r\n     data-ad-format=\"auto\"\r\n     data-full-width-responsive=\"true\"><\/ins>\r\n<script>\r\n     (adsbygoogle = window.adsbygoogle || []).push({});\r\n<\/script><\/div><\/div>","protected":false},"excerpt":{"rendered":"<p>Na\u0161a \u010ditateljica slomljena srca, koja je \u017eeljela ostati anonimna pa \u0107emo joj dati ime Tena, ispri\u010dala nam je da njezin \u017eivot nije i\u0161ao u smjeru koji si je pri\u017eeljkivala. Sve je krenulo nizbrdo, svjedo\u010di, kad im je u ku\u0107u do\u0161la snaha.<\/p>\n","protected":false},"author":17,"featured_media":85669,"comment_status":"closed","ping_status":"closed","sticky":false,"template":"","format":"standard","meta":{"footnotes":""},"categories":[3552],"tags":[3437,3550],"class_list":["post-85603","post","type-post","status-publish","format-standard","has-post-thumbnail","hentry","category-povjerljivo","tag-obiteljski-odnosi","tag-svekrve-i-snahe"],"_links":{"self":[{"href":"https:\/\/www.mojevrijeme.hr\/magazin\/wp-json\/wp\/v2\/posts\/85603","targetHints":{"allow":["GET"]}}],"collection":[{"href":"https:\/\/www.mojevrijeme.hr\/magazin\/wp-json\/wp\/v2\/posts"}],"about":[{"href":"https:\/\/www.mojevrijeme.hr\/magazin\/wp-json\/wp\/v2\/types\/post"}],"author":[{"embeddable":true,"href":"https:\/\/www.mojevrijeme.hr\/magazin\/wp-json\/wp\/v2\/users\/17"}],"replies":[{"embeddable":true,"href":"https:\/\/www.mojevrijeme.hr\/magazin\/wp-json\/wp\/v2\/comments?post=85603"}],"version-history":[{"count":0,"href":"https:\/\/www.mojevrijeme.hr\/magazin\/wp-json\/wp\/v2\/posts\/85603\/revisions"}],"wp:featuredmedia":[{"embeddable":true,"href":"https:\/\/www.mojevrijeme.hr\/magazin\/wp-json\/wp\/v2\/media\/85669"}],"wp:attachment":[{"href":"https:\/\/www.mojevrijeme.hr\/magazin\/wp-json\/wp\/v2\/media?parent=85603"}],"wp:term":[{"taxonomy":"category","embeddable":true,"href":"https:\/\/www.mojevrijeme.hr\/magazin\/wp-json\/wp\/v2\/categories?post=85603"},{"taxonomy":"post_tag","embeddable":true,"href":"https:\/\/www.mojevrijeme.hr\/magazin\/wp-json\/wp\/v2\/tags?post=85603"}],"curies":[{"name":"wp","href":"https:\/\/api.w.org\/{rel}","templated":true}]}}