{"id":85632,"date":"2023-09-13T14:49:11","date_gmt":"2023-09-13T12:49:11","guid":{"rendered":"https:\/\/www.mojevrijeme.hr\/magazin\/?p=85632"},"modified":"2023-09-13T14:54:38","modified_gmt":"2023-09-13T12:54:38","slug":"konzum-spustamo-cijene-manja-inflacija-je-bolja-i-za-nase-radnike","status":"publish","type":"post","link":"https:\/\/www.mojevrijeme.hr\/magazin\/2023\/09\/konzum-spustamo-cijene-manja-inflacija-je-bolja-i-za-nase-radnike\/","title":{"rendered":"Konzum: &#8216;Spu\u0161tamo cijene. Manja inflacija je bolja i za na\u0161e radnike&#8217;"},"content":{"rendered":"\n<p>U Vladi je odr\u017ean sastanak premijera Andreja Plenkovi\u0107a i pet ministara s predstavnicima trgova\u010dkih lanaca vezano uz inicijativu da se cijene odre\u0111enih artikala vrate na razinu od kraja pro\u0161le godine.<\/p>\n\n\n\n<p>Glavni izvr\u0161ni direktor Fortenova grupe&nbsp;<strong>Fabris Peru\u0161ko<\/strong>&nbsp;izjavio je nakon sastanka da \u0107e Konzum u sklopu inicijative za smanjenjem cijene iz potro\u0161a\u010dke ko\u0161arice, od petka krenuti s akcijama i sni\u017eavanjem cijena.<\/p>\n\n\n\n<p>&#8220;Imali smo konstruktivan razgovor s Vladom, koja \u0107e sutra iza\u0107i s novim mjerama. Mi kao Fortenova i Konzum, zajedno s na\u0161im proizvodnim kompanijama dali smo obe\u0107anje da \u0107emo odraditi sve \u0161to je u na\u0161em interesu da pomognemo u smanjenju inflacije u RH&#8221;, kazao je Peru\u0161ko. <\/p><div id=\"mojev-3987289382\" class=\"mojev-u-tekstu mojev-entity-placement\" style=\"margin-left: auto;margin-right: auto;text-align: center;\"><div class=\"mojev-adlabel\">oglas<\/div><div style=\"height: 250px;\"><script async src=\"https:\/\/pagead2.googlesyndication.com\/pagead\/js\/adsbygoogle.js?client=ca-pub-8106111766207173\"\r\n     crossorigin=\"anonymous\"><\/script>\r\n<!-- Prikazni 1 u tekstu -->\r\n<ins class=\"adsbygoogle\"\r\n     style=\"display:block\"\r\n     data-ad-client=\"ca-pub-8106111766207173\"\r\n     data-ad-slot=\"8535551207\"\r\n     data-ad-format=\"auto\"\r\n     data-full-width-responsive=\"true\"><\/ins>\r\n<script>\r\n     (adsbygoogle = window.adsbygoogle || []).push({});\r\n<\/script><\/div><\/div><br style=\"clear: both; display: block; float: none;\"\/>\n\n\n\n<p>&#8220;Mi \u0107emo ve\u0107 od petka krenuti s odre\u0111enim akcijama na nekih 360 proizvoda + 1000, sa kojima \u0107emo i\u0107i s manjim cijenama, rekao je\u00a0Peru\u0161ko. Dodao je da je cilj i njima i kompaniji da inflacija u RH bude manja jer, kako je rekao, to je bolje i za kupce i Fortenovine radnike.<\/p>\n<div id=\"mojev-2029993237\" class=\"mojev-kraj-teksta mojev-entity-placement\" style=\"margin-bottom: 20px;margin-left: auto;margin-right: auto;text-align: center;\"><div class=\"mojev-adlabel\">oglas<\/div><div style=\"height: 250px;\"><script async src=\"https:\/\/pagead2.googlesyndication.com\/pagead\/js\/adsbygoogle.js?client=ca-pub-8106111766207173\"\r\n     crossorigin=\"anonymous\"><\/script>\r\n<!-- Display-1 -->\r\n<ins class=\"adsbygoogle\"\r\n     style=\"display:block\"\r\n     data-ad-client=\"ca-pub-8106111766207173\"\r\n     data-ad-slot=\"1465712950\"\r\n     data-ad-format=\"auto\"\r\n     data-full-width-responsive=\"true\"><\/ins>\r\n<script>\r\n     (adsbygoogle = window.adsbygoogle || []).push({});\r\n<\/script><\/div><\/div>","protected":false},"excerpt":{"rendered":"<p>Trgova\u010dki lanci podr\u017eali su inicijativu Vlade RH za sni\u017eavanjem cijena. \u010cini se da je najkonkretniju podr\u0161ku, za sada, najavio Konzum. <\/p>\n","protected":false},"author":1,"featured_media":85634,"comment_status":"closed","ping_status":"closed","sticky":false,"template":"","format":"standard","meta":{"footnotes":""},"categories":[9],"tags":[3232,2139,236],"class_list":["post-85632","post","type-post","status-publish","format-standard","has-post-thumbnail","hentry","category-vijesti","tag-inflacija","tag-konzum","tag-standard"],"_links":{"self":[{"href":"https:\/\/www.mojevrijeme.hr\/magazin\/wp-json\/wp\/v2\/posts\/85632","targetHints":{"allow":["GET"]}}],"collection":[{"href":"https:\/\/www.mojevrijeme.hr\/magazin\/wp-json\/wp\/v2\/posts"}],"about":[{"href":"https:\/\/www.mojevrijeme.hr\/magazin\/wp-json\/wp\/v2\/types\/post"}],"author":[{"embeddable":true,"href":"https:\/\/www.mojevrijeme.hr\/magazin\/wp-json\/wp\/v2\/users\/1"}],"replies":[{"embeddable":true,"href":"https:\/\/www.mojevrijeme.hr\/magazin\/wp-json\/wp\/v2\/comments?post=85632"}],"version-history":[{"count":0,"href":"https:\/\/www.mojevrijeme.hr\/magazin\/wp-json\/wp\/v2\/posts\/85632\/revisions"}],"wp:featuredmedia":[{"embeddable":true,"href":"https:\/\/www.mojevrijeme.hr\/magazin\/wp-json\/wp\/v2\/media\/85634"}],"wp:attachment":[{"href":"https:\/\/www.mojevrijeme.hr\/magazin\/wp-json\/wp\/v2\/media?parent=85632"}],"wp:term":[{"taxonomy":"category","embeddable":true,"href":"https:\/\/www.mojevrijeme.hr\/magazin\/wp-json\/wp\/v2\/categories?post=85632"},{"taxonomy":"post_tag","embeddable":true,"href":"https:\/\/www.mojevrijeme.hr\/magazin\/wp-json\/wp\/v2\/tags?post=85632"}],"curies":[{"name":"wp","href":"https:\/\/api.w.org\/{rel}","templated":true}]}}