{"id":85661,"date":"2023-09-14T10:34:45","date_gmt":"2023-09-14T08:34:45","guid":{"rendered":"https:\/\/www.mojevrijeme.hr\/magazin\/?p=85661"},"modified":"2023-09-14T10:35:39","modified_gmt":"2023-09-14T08:35:39","slug":"u-zagrebu-8-000-ljudi-ceka-staracki-dom-pocinju-upisi-za-markusevac","status":"publish","type":"post","link":"https:\/\/www.mojevrijeme.hr\/magazin\/2023\/09\/u-zagrebu-8-000-ljudi-ceka-staracki-dom-pocinju-upisi-za-markusevac\/","title":{"rendered":"U Zagrebu 8.000 ljudi \u010deka stara\u010dki dom, po\u010dinju upisi za Marku\u0161evec"},"content":{"rendered":"\n<p>Nema mjesta u vrti\u0107ima, a nema ni u stara\u010dkim domovima! Samo u Zagrebu svoje mjesto \u010deka 8 tisu\u0107a umirovljenika. Kap u moru je novootvoreni dom u Marku\u0161evcu na koji se \u010dekalo predugih 17 godina, javlja <a href=\"https:\/\/danas.hr\/rtl-danas\/u-zagrebu-na-dom-ceka-8000-umirovljenika-zinka-je-svoje-mjesto-cekala-17-godina-dobro-je-sto-sam-imala-zanimaciju-878ec832-5194-11ee-8d6e-0ee8f36581c7\" target=\"_blank\" rel=\"noreferrer noopener\">RTL<\/a>.<\/p>\n\n\n\n<p>U Domu za starije Sveti Josip gospo\u0111a <strong>Zinka Pavleti\u0107<\/strong> \u017eivi godinu dana, ali svoje mjesto \u010dekala je puno dulje: &#8220;\u010cekala sam 17 punih godina. Ve\u0107 tada se govorilo o dugotrajnom \u010dekanju, a znala sam da \u0107e do\u0107i vrijeme kada \u0107u ga trebati.&#8221; <\/p>\n\n\n\n<p>Na vrijeme su po\u010deli o tome razmi\u0161ljati i njeni domski sustanari. Nakon predaje prijave \u010dekali su 18 i 11 godina. &#8220;Nije mi se dugo \u010dinilo tih 18 godina. Ali to je stvarno dugo za nekoga tko je bolestan&#8221;, ka\u017ee gospo\u0111a <strong>Zora Mikulec<\/strong>. &#8220;Dobro je ako se sam odlu\u010di\u0161 na dom. Ako te pak izguraju iz ku\u0107e, onda si nezadovoljan od prvog dana. Ako je to tvoja odluka, od prvog dana si zadovoljan&#8221;, dodaje gospodin <strong>Alojz Durlen<\/strong>.<\/p><div id=\"mojev-2947054010\" class=\"mojev-u-tekstu mojev-entity-placement\" style=\"margin-left: auto;margin-right: auto;text-align: center;\"><div class=\"mojev-adlabel\">oglas<\/div><div style=\"height: 250px;\"><script async src=\"https:\/\/pagead2.googlesyndication.com\/pagead\/js\/adsbygoogle.js?client=ca-pub-8106111766207173\"\r\n     crossorigin=\"anonymous\"><\/script>\r\n<!-- Prikazni 1 u tekstu -->\r\n<ins class=\"adsbygoogle\"\r\n     style=\"display:block\"\r\n     data-ad-client=\"ca-pub-8106111766207173\"\r\n     data-ad-slot=\"8535551207\"\r\n     data-ad-format=\"auto\"\r\n     data-full-width-responsive=\"true\"><\/ins>\r\n<script>\r\n     (adsbygoogle = window.adsbygoogle || []).push({});\r\n<\/script><\/div><\/div><br style=\"clear: both; display: block; float: none;\"\/>\n\n\n\n<p>Kandidata za dom je puno vi\u0161e nego slobodnih mjesta, jer interes je ve\u0107i s pogor\u0161anjem zdravstvenog stanja. Na listi \u010dekanja u zagreba\u010dkom domu koji je posjetila ekipa <a rel=\"noreferrer noopener\" href=\"https:\/\/danas.hr\/rtl-danas\/u-zagrebu-na-dom-ceka-8000-umirovljenika-zinka-je-svoje-mjesto-cekala-17-godina-dobro-je-sto-sam-imala-zanimaciju-878ec832-5194-11ee-8d6e-0ee8f36581c7\" target=\"_blank\">RTL-a<\/a> trenutno je 300 osoba. &#8220;U prosjeku je to 60 do 70 novih korisnika na godinu. Kad pogledate da 300 ljudi \u010deka na na\u0161 dom, jasno je da moraju \u010dekati nekoliko godina&#8221;, objasnila je <strong>Ljiljana Vrbani\u0107<\/strong>, ravnateljica zagreba\u010dkog Doma za starije Sveti Josip.<\/p>\n\n\n\n<p>Sve to ne \u010dudi jer se \u010dak 17 godina \u010dekalo na izgradnju i otvorenje stara\u010dkog doma u Marku\u0161evcu. Zagreba\u010dki gradona\u010delnik <strong>Tomislav Toma\u0161evi\u0107<\/strong> ka\u017ee: &#8220;Razlog za\u0161to se ovaj projekt ovoliko dugo pora\u0111ao, 17 godina, je novac. Kreativno se biv\u0161a vlast dosjetila da skriva dug grada da Holding gradi ovakve objekte, a da Grad onda uzima te prostore u najam. To je jedan model kojim se prikrivao stvarni dug i mi smo odgovorna to tako vi\u0161e ne\u0107emo raditi.&#8221;<\/p>\n\n\n\n<p>Mjesta u novom domu iza za 92 stanara od kojih bi prvi trebali useliti ve\u0107 idu\u0107eg mjeseca. <strong>Predaja zahtjeva za smje\u0161taj kre\u0107e ve\u0107 od ponedjeljka.<\/strong> Grad obe\u0107ava gradnju jo\u0161 dvaju domova.<\/p>\n<div id=\"mojev-3310808893\" class=\"mojev-kraj-teksta mojev-entity-placement\" style=\"margin-bottom: 20px;margin-left: auto;margin-right: auto;text-align: center;\"><div class=\"mojev-adlabel\">oglas<\/div><div style=\"height: 250px;\"><script async src=\"https:\/\/pagead2.googlesyndication.com\/pagead\/js\/adsbygoogle.js?client=ca-pub-8106111766207173\"\r\n     crossorigin=\"anonymous\"><\/script>\r\n<!-- Display-1 -->\r\n<ins class=\"adsbygoogle\"\r\n     style=\"display:block\"\r\n     data-ad-client=\"ca-pub-8106111766207173\"\r\n     data-ad-slot=\"1465712950\"\r\n     data-ad-format=\"auto\"\r\n     data-full-width-responsive=\"true\"><\/ins>\r\n<script>\r\n     (adsbygoogle = window.adsbygoogle || []).push({});\r\n<\/script><\/div><\/div>","protected":false},"excerpt":{"rendered":"<p>Kandidata za dom je puno vi\u0161e nego slobodnih mjesta, jer interes je ve\u0107i s pogor\u0161anjem zdravstvenog stanja. Na listi \u010dekanja u zagreba\u010dkom domu koji je posjetila ekipa RTL-a trenutno je 300 osoba.<\/p>\n","protected":false},"author":1,"featured_media":85690,"comment_status":"closed","ping_status":"closed","sticky":false,"template":"","format":"standard","meta":{"footnotes":""},"categories":[9],"tags":[2669,2670,39],"class_list":["post-85661","post","type-post","status-publish","format-standard","has-post-thumbnail","hentry","category-vijesti","tag-domovi","tag-tomislav-tomasevic","tag-zagreb"],"_links":{"self":[{"href":"https:\/\/www.mojevrijeme.hr\/magazin\/wp-json\/wp\/v2\/posts\/85661","targetHints":{"allow":["GET"]}}],"collection":[{"href":"https:\/\/www.mojevrijeme.hr\/magazin\/wp-json\/wp\/v2\/posts"}],"about":[{"href":"https:\/\/www.mojevrijeme.hr\/magazin\/wp-json\/wp\/v2\/types\/post"}],"author":[{"embeddable":true,"href":"https:\/\/www.mojevrijeme.hr\/magazin\/wp-json\/wp\/v2\/users\/1"}],"replies":[{"embeddable":true,"href":"https:\/\/www.mojevrijeme.hr\/magazin\/wp-json\/wp\/v2\/comments?post=85661"}],"version-history":[{"count":0,"href":"https:\/\/www.mojevrijeme.hr\/magazin\/wp-json\/wp\/v2\/posts\/85661\/revisions"}],"wp:featuredmedia":[{"embeddable":true,"href":"https:\/\/www.mojevrijeme.hr\/magazin\/wp-json\/wp\/v2\/media\/85690"}],"wp:attachment":[{"href":"https:\/\/www.mojevrijeme.hr\/magazin\/wp-json\/wp\/v2\/media?parent=85661"}],"wp:term":[{"taxonomy":"category","embeddable":true,"href":"https:\/\/www.mojevrijeme.hr\/magazin\/wp-json\/wp\/v2\/categories?post=85661"},{"taxonomy":"post_tag","embeddable":true,"href":"https:\/\/www.mojevrijeme.hr\/magazin\/wp-json\/wp\/v2\/tags?post=85661"}],"curies":[{"name":"wp","href":"https:\/\/api.w.org\/{rel}","templated":true}]}}