{"id":85672,"date":"2023-09-14T20:33:11","date_gmt":"2023-09-14T18:33:11","guid":{"rendered":"https:\/\/www.mojevrijeme.hr\/magazin\/?p=85672"},"modified":"2023-09-14T20:33:15","modified_gmt":"2023-09-14T18:33:15","slug":"maria-62-prvi-muz-me-tukao-drugi-je-umro-a-treci-me-svaki-dan-vrijeda","status":"publish","type":"post","link":"https:\/\/www.mojevrijeme.hr\/magazin\/2023\/09\/maria-62-prvi-muz-me-tukao-drugi-je-umro-a-treci-me-svaki-dan-vrijeda\/","title":{"rendered":"Maria (62): &#8216;Prvi mu\u017e me tukao, drugi je umro, a tre\u0107i me svaki dan vrije\u0111a&#8217;"},"content":{"rendered":"\n<p>Gospo\u0111a Maria (62) oduvijek se smatrala veselom i optimisti\u010dnom osobom, no sudbina joj je nesebi\u010dno dijelila \u0161amare. &#8220;Udala sam se rano, u braku smo dobili dvije k\u0107eri. Na\u017ealost, brak nije vrijedio od prvog dana i ja sam obe\u0107ala  sebi da \u0107u promijeniti svoj \u017eivot kad djeca malo porastu&#8221;, povjerava nam gospo\u0111a Maria.<\/p>\n\n\n\n<p>Niz godina, otkriva nam, trpjela je i udarce i psihi\u010dko maltretiranje, ali je strpljivo \u010dekala svoj izlaz. Rastala se nakon 14 godina.<\/p>\n\n\n\n<p>&#8220;Trebala sam se suditi za stan, ali sam radije iza\u0161la s koferom u ruci. S k\u0107erima sam se dogovorila da zbog \u017eivotnih uvjeta ostanu s njim. O da, bilo je tu puno osude od drugih ljudi, govorili su: &#8216;Gle, ostavila je djecu!&#8217; No djeca su ostala na svome i sa ocem. Brinula sam o njima i pomagala im, jedino nisam stalno bila fizi\u010dki s njima&#8221;, obja\u0161njava tada\u0161nju situaciju.<\/p><div id=\"mojev-4021240365\" class=\"mojev-u-tekstu mojev-entity-placement\" style=\"margin-left: auto;margin-right: auto;text-align: center;\"><div class=\"mojev-adlabel\">oglas<\/div><div style=\"height: 250px;\"><script async src=\"https:\/\/pagead2.googlesyndication.com\/pagead\/js\/adsbygoogle.js?client=ca-pub-8106111766207173\"\r\n     crossorigin=\"anonymous\"><\/script>\r\n<!-- Prikazni 1 u tekstu -->\r\n<ins class=\"adsbygoogle\"\r\n     style=\"display:block\"\r\n     data-ad-client=\"ca-pub-8106111766207173\"\r\n     data-ad-slot=\"8535551207\"\r\n     data-ad-format=\"auto\"\r\n     data-full-width-responsive=\"true\"><\/ins>\r\n<script>\r\n     (adsbygoogle = window.adsbygoogle || []).push({});\r\n<\/script><\/div><\/div><br style=\"clear: both; display: block; float: none;\"\/>\n\n\n\n<p>Pitala se, povjerava nam, kako li je onda tek djeci koju roditelji ostave s djedom i bakom, a oni odu u tu\u0111inu i ne vide se. &#8220;I za koga bi bilo bolje da sam ih ja uzela sa sobom i bila s njima podstanar? Nije bilo lako, ali kad vam dijete, kao meni, ka\u017ee: &#8216;Mama idi, razvedi se&#8217;, to je onda taj trenutak odluke&#8221;, razmi\u0161ljanja su gospo\u0111e Marie.<\/p>\n\n\n\n<h3 class=\"wp-block-heading\">Oti\u0161la na otok i ponovo se udala<\/h3>\n\n\n\n<p>Oti\u0161la je potom, doznajemo, iz svoga grada na jedan obli\u017enji otok kako bi odradila sezonu. &#8220;Tu godinu su preko ljeta trebale do\u0107i kod mene, ali ih otac nije pustio. Bio je jo\u0161 uvrije\u0111en. No, nakon tri godine od rastave, postali smo ipak prijatelji&#8221;, isti\u010de na\u0161a \u010ditateljica.<\/p>\n\n\n\n<p>&#8220;Ja sam se na otoku ponovo udala, i to za predivnog \u010dovjeka, ali o\u010dito mi sre\u0107a nije bila jo\u0161 su\u0111ena. Nakon pet godina, na samu Novu godinu, on mi je umro. Krenuo je na posao gdje je radio kao kuhar u hotelu i dobio infarkt. Ostala sam sama, medu tu\u0111im ljudima, bez stalnog zaposlenja, bez stana, a u najboljim godinama, bilo mi je tek 40. Trebalo je to pre\u017eivjeti, ne pripadate ni ovdje na otok, a vi\u0161e ni tamo odakle ste do\u0161li. To razdoblje ne bih nikome po\u017eeljela, ali ja sam borac!&#8221; otkriva nam nadalje gospo\u0111a Maria.<\/p>\n\n\n\n<p>Nakon mora suza i preispitivanja, odlu\u010dila je ostati na otoku. &#8220;\u010cekala me borba s roditeljima pokojnog mu\u017ea, jer po njima ja sam trebala oti\u0107i bez i\u010dega, a djece nismo imali. Bila sam vrijedna radnica u hotelu, uvijek su me zvali me\u0111u prvim sezoncima i trebala sam dobiti stalan posao doma\u0107ice, ali onda se po\u010delo govoriti da nisam njihova oto\u010danka pa bi to uvijek propalo&#8221;, obja\u0161njava.<\/p>\n\n\n\n<h3 class=\"wp-block-heading\">Tre\u0107i brak bez sre\u0107e<\/h3>\n\n\n\n<p>Kao mladoj udovici nabacivali su joj se, napominje, svakakvi, no nije htjela ukaljati uspomenu na pokojnog mu\u017ea. A onda je, nakon nekih godinu dana, upoznala povratnika iz Njema\u010dke.<\/p>\n\n\n\n<p>&#8220;Mislila sam, pa dobro, nije bodul, \u010dovjek bio u svijetu, druga\u010diji je. Koja te\u0161ka zabluda! Bio je on ugla\u0111en i kava\u013air no kad gledam danas s odmakom, sada kad su pale sve maske, on je najgora vrsta \u010dovjeka. Da, ja s tim manipulatorom \u017eivim ve\u0107 20 godina. Stariji je 13 godina od mene i svaki dan slu\u0161am kako \u017eivim u njegovoj ku\u0107i. Ovo je moja ku\u0107a, ka\u017ee. A mi se u toj ku\u0107i bavimo iznajmljivanjem i moj posao po toj ku\u0107i ne vrijedi ni\u0161ta, iako sve radim sama: doru\u010dke, \u010di\u0161\u0107enje soba, pranje rublja, odr\u017eavanje vrta&#8221;, povjerava nam nadalje svoju sudbinu.<\/p>\n\n\n\n<p>Sada su gospo\u0111i Mariji na le\u0111ima 62 godine. Svaki dan, isti\u010de, od tre\u0107eg supruga slu\u0161a kletve, vrije\u0111anja, omalova\u017eavanja. &#8220;Ima to smisla? A on, operirao prostatu, ima \u0161e\u0107er, visoki tlak, i dalje se nabacuje mladim curama i \u017eenama. Ne, nisam ljubomorna, ali to omalova\u017eavanje boli. Njega ne zanima to \u0161to ja \u017eivotarim kraj njega, ma ne, ima slu\u0161kinju i njemu je dobro. A to \u0161to nije ve\u0107 jako dugo mu\u0161ko, to \u0161to ja patim, nije njegov problem. Bavim se mi\u0161lju da od tog manipulatora odem \u0161to dalje, ali opet sve ispo\u010detka? A opet, uvijek to pitanje. Ho\u0107e li govoriti da nakon tri braka, o\u010dito sa mnom ne\u0161to ne valja? A ja samo nemam sre\u0107e\u201d, smatra na\u0161a \u010ditateljica.<\/p>\n\n\n\n<p>&#8220;Duboko u sebi vjerujem da me negdje \u010deka sre\u0107a kakvu zaslu\u017eujem. Pa makar i zadnja tri dana \u017eivota provela kao sretna, po\u0161tovana, voljena \u017eena!&#8221;, rije\u010di su kojima je svoju ispovijest zavr\u0161ila gospo\u0111a Maria.<\/p>\n\n\n\n<div id=\"crveno\"><\/p>\n\n\n\n<h3 class=\"wp-block-heading\">Zanima nas va\u0161a pri\u010da<\/h3>\n\n\n\n<p>\u017delite li i vi, posve anonimno, podijeliti svoje iskustvo i vi\u0111enje ove teme s nama i na\u0161im \u010ditateljima, mo\u017eete to u\u010diniti putem web obrasca <a rel=\"noreferrer noopener\" href=\"https:\/\/www.mojevrijeme.hr\/magazin\/povjerljivo\/\" target=\"_blank\">Povjerljivo<\/a>. Napi\u0161ite svoju pri\u010du!<\/p>\n\n\n\n<p><\/div>\n<div id=\"mojev-2119303667\" class=\"mojev-kraj-teksta mojev-entity-placement\" style=\"margin-bottom: 20px;margin-left: auto;margin-right: auto;text-align: center;\"><div class=\"mojev-adlabel\">oglas<\/div><div style=\"height: 250px;\"><script async src=\"https:\/\/pagead2.googlesyndication.com\/pagead\/js\/adsbygoogle.js?client=ca-pub-8106111766207173\"\r\n     crossorigin=\"anonymous\"><\/script>\r\n<!-- Display-1 -->\r\n<ins class=\"adsbygoogle\"\r\n     style=\"display:block\"\r\n     data-ad-client=\"ca-pub-8106111766207173\"\r\n     data-ad-slot=\"1465712950\"\r\n     data-ad-format=\"auto\"\r\n     data-full-width-responsive=\"true\"><\/ins>\r\n<script>\r\n     (adsbygoogle = window.adsbygoogle || []).push({});\r\n<\/script><\/div><\/div>","protected":false},"excerpt":{"rendered":"<p>Gospo\u0111a Maria danas ima 62 godine i kako nam povjerava, rijetki su bili trenuci sre\u0107e u njezinu \u017eivotu. U iskrenoj ispovijesti otkrila nam kako su se nizali njezini privatni problemi, kako su nesretno tekla sva tri njezina braka i kako se i dan-danas nada da ju negdje \u010dekaju barem tri uzastopna sretna dana, pa makar, kako isti\u010de, bila i zadnja!<\/p>\n","protected":false},"author":17,"featured_media":85785,"comment_status":"closed","ping_status":"closed","sticky":false,"template":"","format":"standard","meta":{"footnotes":""},"categories":[9],"tags":[304,1450,800],"class_list":["post-85672","post","type-post","status-publish","format-standard","has-post-thumbnail","hentry","category-vijesti","tag-brak","tag-obiteljsko-nasilje","tag-udovice"],"_links":{"self":[{"href":"https:\/\/www.mojevrijeme.hr\/magazin\/wp-json\/wp\/v2\/posts\/85672","targetHints":{"allow":["GET"]}}],"collection":[{"href":"https:\/\/www.mojevrijeme.hr\/magazin\/wp-json\/wp\/v2\/posts"}],"about":[{"href":"https:\/\/www.mojevrijeme.hr\/magazin\/wp-json\/wp\/v2\/types\/post"}],"author":[{"embeddable":true,"href":"https:\/\/www.mojevrijeme.hr\/magazin\/wp-json\/wp\/v2\/users\/17"}],"replies":[{"embeddable":true,"href":"https:\/\/www.mojevrijeme.hr\/magazin\/wp-json\/wp\/v2\/comments?post=85672"}],"version-history":[{"count":0,"href":"https:\/\/www.mojevrijeme.hr\/magazin\/wp-json\/wp\/v2\/posts\/85672\/revisions"}],"wp:featuredmedia":[{"embeddable":true,"href":"https:\/\/www.mojevrijeme.hr\/magazin\/wp-json\/wp\/v2\/media\/85785"}],"wp:attachment":[{"href":"https:\/\/www.mojevrijeme.hr\/magazin\/wp-json\/wp\/v2\/media?parent=85672"}],"wp:term":[{"taxonomy":"category","embeddable":true,"href":"https:\/\/www.mojevrijeme.hr\/magazin\/wp-json\/wp\/v2\/categories?post=85672"},{"taxonomy":"post_tag","embeddable":true,"href":"https:\/\/www.mojevrijeme.hr\/magazin\/wp-json\/wp\/v2\/tags?post=85672"}],"curies":[{"name":"wp","href":"https:\/\/api.w.org\/{rel}","templated":true}]}}