{"id":85716,"date":"2023-09-14T13:13:27","date_gmt":"2023-09-14T11:13:27","guid":{"rendered":"https:\/\/www.mojevrijeme.hr\/magazin\/?p=85716"},"modified":"2023-09-14T16:00:06","modified_gmt":"2023-09-14T14:00:06","slug":"stize-energetski-dodatak-za-720-000-umirovljenika-koliko-ce-tko-dobiti","status":"publish","type":"post","link":"https:\/\/www.mojevrijeme.hr\/magazin\/2023\/09\/stize-energetski-dodatak-za-720-000-umirovljenika-koliko-ce-tko-dobiti\/","title":{"rendered":"Energetski dodatak za 720.000 umirovljenika: Koliko \u0107e tko dobiti?"},"content":{"rendered":"\n<p>Premijer <strong>Andrej Plenkovi\u0107 <\/strong>(HDZ) na redovnoj sjednici Vlade RH predstavio je peti paket mjera pomo\u0107i gra\u0111anima i gospodarstvu, kojim se \u017eele sprije\u010diti inflatorni pritisci i pomo\u0107i najugro\u017eenijim gra\u0111anima u hrvatskom dru\u0161tvu.<\/p>\n\n\n\n<p>Osnovna namjena mu je, kazao je premijer, odr\u017eati nisku cijenu energije koja \u0107e za gra\u0111ane i ustanove ostati ista. Najugro\u017eenijim gra\u0111anima, prvenstveno umirovljenicima, osigurava se jednokratni energetski dodatak. <\/p>\n\n\n\n<p>Za 720 tisu\u0107a umirovljenika osiguran je jednokratni dodatak na kojega po prvi puta imaju pravo i oni umirovljenici <strong>koji rade uz mirovinu<\/strong>. Potpora je ukupno te\u0161ka 72 milijuna eura, objasnio je Plenkovi\u0107.<\/p><div id=\"mojev-3885306797\" class=\"mojev-u-tekstu mojev-entity-placement\" style=\"margin-left: auto;margin-right: auto;text-align: center;\"><div class=\"mojev-adlabel\">oglas<\/div><div style=\"height: 250px;\"><script async src=\"https:\/\/pagead2.googlesyndication.com\/pagead\/js\/adsbygoogle.js?client=ca-pub-8106111766207173\"\r\n     crossorigin=\"anonymous\"><\/script>\r\n<!-- Prikazni 1 u tekstu -->\r\n<ins class=\"adsbygoogle\"\r\n     style=\"display:block\"\r\n     data-ad-client=\"ca-pub-8106111766207173\"\r\n     data-ad-slot=\"8535551207\"\r\n     data-ad-format=\"auto\"\r\n     data-full-width-responsive=\"true\"><\/ins>\r\n<script>\r\n     (adsbygoogle = window.adsbygoogle || []).push({});\r\n<\/script><\/div><\/div><br style=\"clear: both; display: block; float: none;\"\/>\n\n\n\n<h3 class=\"wp-block-heading\">Koliko \u0107e tko dobiti?<\/h3>\n\n\n\n<p>Umirovljenici koji primaju mirovinu <strong>do 300 eura<\/strong> primit \u0107e energetski dodatak u iznosu od <strong>160 eura<\/strong>. Umirovljenici s mirovinom od <strong>300,01 eura do 435 eura<\/strong> primit \u0107e <strong>120 eura<\/strong> dodatka. Ako primate mirovinu u rasponu od <strong>435,01 eura do 570 eura<\/strong>, primit \u0107ete <strong>80 eura<\/strong> Vladinog dodatka, dok \u0107e umirovljenici s mirovinama od <strong>570,01 eura do 700 eura<\/strong> primiti najmanji iznos energetskog dodatka &#8211; tek <strong>60 eura<\/strong>.<\/p>\n\n\n\n<h3 class=\"wp-block-heading\">Kad \u0107e se isplatiti energetski dodatak?<\/h3>\n\n\n\n<p>Za korisnike obveznog mirovinskog osiguranja isplata \u0107e biti <strong>najkasnije u listopadu ove godine<\/strong>. Ako se radi o umirovljenicima iz dr\u017eava s kojima Republika Hrvatska ima sklopljeni me\u0111unarodni ugovor o socijalnom osiguranju ili koje primjenjuju uredbe EU, energetski dodatak bi na ra\u010dunima umirovljenika trebao biti <strong>najkasnije u prosincu 2023. godine<\/strong>.<\/p>\n<div id=\"mojev-2783349010\" class=\"mojev-kraj-teksta mojev-entity-placement\" style=\"margin-bottom: 20px;margin-left: auto;margin-right: auto;text-align: center;\"><div class=\"mojev-adlabel\">oglas<\/div><div style=\"height: 250px;\"><script async src=\"https:\/\/pagead2.googlesyndication.com\/pagead\/js\/adsbygoogle.js?client=ca-pub-8106111766207173\"\r\n     crossorigin=\"anonymous\"><\/script>\r\n<!-- Display-1 -->\r\n<ins class=\"adsbygoogle\"\r\n     style=\"display:block\"\r\n     data-ad-client=\"ca-pub-8106111766207173\"\r\n     data-ad-slot=\"1465712950\"\r\n     data-ad-format=\"auto\"\r\n     data-full-width-responsive=\"true\"><\/ins>\r\n<script>\r\n     (adsbygoogle = window.adsbygoogle || []).push({});\r\n<\/script><\/div><\/div>","protected":false},"excerpt":{"rendered":"<p>Za 720 tisu\u0107a umirovljenika osiguran je energetski dodatak na kojega po prvi puta imaju pravo i umirovljenici koji rade uz mirovinu. Potpora je ukupno te\u0161ka 72 milijuna eura.<\/p>\n","protected":false},"author":1,"featured_media":78010,"comment_status":"closed","ping_status":"closed","sticky":false,"template":"","format":"standard","meta":{"footnotes":""},"categories":[9],"tags":[888,3055,17,3646],"class_list":["post-85716","post","type-post","status-publish","format-standard","has-post-thumbnail","hentry","category-vijesti","tag-andrej-plenkovic","tag-energetski-dodatak","tag-novac","tag-socijalni-transferi"],"_links":{"self":[{"href":"https:\/\/www.mojevrijeme.hr\/magazin\/wp-json\/wp\/v2\/posts\/85716","targetHints":{"allow":["GET"]}}],"collection":[{"href":"https:\/\/www.mojevrijeme.hr\/magazin\/wp-json\/wp\/v2\/posts"}],"about":[{"href":"https:\/\/www.mojevrijeme.hr\/magazin\/wp-json\/wp\/v2\/types\/post"}],"author":[{"embeddable":true,"href":"https:\/\/www.mojevrijeme.hr\/magazin\/wp-json\/wp\/v2\/users\/1"}],"replies":[{"embeddable":true,"href":"https:\/\/www.mojevrijeme.hr\/magazin\/wp-json\/wp\/v2\/comments?post=85716"}],"version-history":[{"count":0,"href":"https:\/\/www.mojevrijeme.hr\/magazin\/wp-json\/wp\/v2\/posts\/85716\/revisions"}],"wp:featuredmedia":[{"embeddable":true,"href":"https:\/\/www.mojevrijeme.hr\/magazin\/wp-json\/wp\/v2\/media\/78010"}],"wp:attachment":[{"href":"https:\/\/www.mojevrijeme.hr\/magazin\/wp-json\/wp\/v2\/media?parent=85716"}],"wp:term":[{"taxonomy":"category","embeddable":true,"href":"https:\/\/www.mojevrijeme.hr\/magazin\/wp-json\/wp\/v2\/categories?post=85716"},{"taxonomy":"post_tag","embeddable":true,"href":"https:\/\/www.mojevrijeme.hr\/magazin\/wp-json\/wp\/v2\/tags?post=85716"}],"curies":[{"name":"wp","href":"https:\/\/api.w.org\/{rel}","templated":true}]}}