{"id":85871,"date":"2023-09-15T19:54:58","date_gmt":"2023-09-15T17:54:58","guid":{"rendered":"https:\/\/www.mojevrijeme.hr\/magazin\/?p=85871"},"modified":"2023-09-15T20:15:01","modified_gmt":"2023-09-15T18:15:01","slug":"zrele-zene-ne-trpe-gluposti-i-traze-ovih-13-stvari-od-svojih-novi-partnera","status":"publish","type":"post","link":"https:\/\/www.mojevrijeme.hr\/magazin\/2023\/09\/zrele-zene-ne-trpe-gluposti-i-traze-ovih-13-stvari-od-svojih-novi-partnera\/","title":{"rendered":"Zrele \u017eene ne trpe gluposti i tra\u017ee ovih 13 stvari od svojih novih partnera"},"content":{"rendered":"\n<p>\u017divot je konstantan rad, zar ne? U\u010dimo iz vlastitog iskustva i nadamo se da \u0107emo drugi put bolje odabrati. Imaju\u0107i to na umu porazgovarali smo s nekoliko \u017eena iznad pedeset godina koje trenutno nisu u vezi i pitali ih \u0161to o\u010dekuju od svojeg sljede\u0107eg partnera i kakav bi on trebao biti. Evo \u0161to su odgovorile:<\/p>\n\n\n\n<h3 class=\"wp-block-heading\">1. Nasmijava me i smije se mojim \u0161alama<\/h3>\n\n\n\n<p>Svi se volimo smijati, a tako\u0111er volimo i kad nas smatraju duhovitima. To je dvosmjerna ulica.<\/p>\n\n\n\n<h3 class=\"wp-block-heading\">2. Voli mene i voli mog psa<\/h3>\n\n\n\n<p>Postoji prili\u010dno velika \u0161ansa da su pas ili ma\u010dka u ku\u0107i bili prvi. Uostalom, \u010dovjek koji bi tra\u017eio da se odreknem svog dlakavog \u010dlana obitelji, i nije vrijedan pa\u017enje. A \u0161to se alergija ti\u010de, postoje tablete za to. Jedan od kompromisa mo\u017ee biti da Micko, umjesto u zajedni\u010dkom, po\u010dne spavati u vlastitom kreveti\u0107u. Samo nikad nemojte tra\u017eiti da se odreknem ljubimca.<\/p><div id=\"mojev-2153578668\" class=\"mojev-u-tekstu mojev-entity-placement\" style=\"margin-left: auto;margin-right: auto;text-align: center;\"><div class=\"mojev-adlabel\">oglas<\/div><div style=\"height: 250px;\"><script async src=\"https:\/\/pagead2.googlesyndication.com\/pagead\/js\/adsbygoogle.js?client=ca-pub-8106111766207173\"\r\n     crossorigin=\"anonymous\"><\/script>\r\n<!-- Prikazni 1 u tekstu -->\r\n<ins class=\"adsbygoogle\"\r\n     style=\"display:block\"\r\n     data-ad-client=\"ca-pub-8106111766207173\"\r\n     data-ad-slot=\"8535551207\"\r\n     data-ad-format=\"auto\"\r\n     data-full-width-responsive=\"true\"><\/ins>\r\n<script>\r\n     (adsbygoogle = window.adsbygoogle || []).push({});\r\n<\/script><\/div><\/div><br style=\"clear: both; display: block; float: none;\"\/>\n\n\n\n<h3 class=\"wp-block-heading\">3. Ne poku\u0161ava \u0161efovati mojoj djeci<\/h3>\n\n\n\n<p>Ovo je jo\u0161 jedna dvosmjerna ulica. Kako bi bilo da nitko nikome ne \u0161efuje i da se svi sla\u017eemo? Samohrani roditelji dolaze u paketu sa svojom djecom, a \u010dak i kad su odrasla, oni su i dalje njihova djeca.<\/p>\n\n\n\n<h3 class=\"wp-block-heading\">4. Razumije odakle takva osjetljivost na sve povezano s mojom djecom<\/h3>\n\n\n\n<p>Kao \u0161to je ve\u0107 bilo re\u010deno \u2013 djeca ostaju djeca \u010dak i kad narastu. Uostalom, djeca rastu i osamostaljuju se br\u017ee nego su roditelji spremni pustiti ih da odu.<\/p>\n\n\n\n<h3 class=\"wp-block-heading\">5. Zna da je pitanje &#8216;Izgleda li mi stra\u017enjica veliko u ovim hla\u010dama&#8217; zapravo trik pitanje<\/h3>\n\n\n\n<p>Ne moramo svi imati istu razinu nesigurnosti, no svi imamo neke trenutke kad se ne osje\u0107amo ba\u0161 najbolje u vlastitoj ko\u017ei. Tada svi uz sebe \u017eelimo nekoga tko \u0107e razumjeti da se ne osje\u0107amo najbolje i znat \u0107e re\u0107i pravu rije\u010d. Pa makar ona i ne bila ba\u0161 potpuno istinita.<\/p>\n\n\n\n<h3 class=\"wp-block-heading\">6. Ba\u0161 svaki put kad obojim kosu, reakcija treba biti: &#8216;Pa zar se ti farba\u0161?&#8217;<\/h3>\n\n\n\n<p>Ljepota dolazi iznutra i s ovim odgovorom potvr\u0111ujete da je to tako i da ne treba toliko brinuti o vanj\u0161tini. Iako \u0107emo se i dalje brinuti o tome kako izgledamo, lijepo je znati da je uz nas netko kome to nije najva\u017enije.<\/p>\n\n\n\n<h3 class=\"wp-block-heading\">7. Osje\u0107am da me voli, a ne da me posjeduje<\/h3>\n\n\n\n<p>Pripadamo jedno drugome, no nitko nije ni\u010dije vlasni\u0161tvo. To je ogromna razlika!<\/p>\n\n\n\n<h3 class=\"wp-block-heading\">8. Razumije se u cijevi \u2013 kako moje tako i one ispod sudopera<\/h3>\n\n\n\n<p>Ovo i ne treba previ\u0161e obja\u0161njavati, zar ne?<\/p>\n\n\n\n<h3 class=\"wp-block-heading\">9. Podrazumijeva se da \u0107e me do\u010dekati na aerodromu ili autobusnom kolodvoru<\/h3>\n\n\n\n<p>Odvojenost mu te\u0161ko pada i zato me \u017eeli do\u010dekati. \u010cak i prije nego ugledam svoju torbu, \u017eelim ugledati njegove o\u010di.<\/p>\n\n\n\n<h3 class=\"wp-block-heading\">10. \u017deli mi pokazati mjesta za koja misli da \u0107e mi se svidjeti i ve\u0107ina njih nisu nogometni stadioni<\/h3>\n\n\n\n<p>Razumije da harmonija proizlazi iz zajedni\u010dkog u\u017eivanja u \u017eivotu, no u stanju je pretpostaviti koje me stvari vi\u0161e, a koje manje zanimaju.<\/p>\n\n\n\n<h3 class=\"wp-block-heading\">11. Radije je sa mnom nego s de\u010dkima, no zna da \u0107e mi vi\u0161e nedostajati ako ipak ponekad iza\u0111e<\/h3>\n\n\n\n<p>Jako je va\u017eno neko vrijeme provesti odvojeno.<\/p>\n\n\n\n<h3 class=\"wp-block-heading\">12. Zna da se prave mu\u0161karce ne mora moliti da ne\u0161to naprave<\/h3>\n\n\n\n<p>I sam \u0107e primijetiti da ne\u0161to treba za\u0161arafiti, pritegnuti, zalijepiti ili promijeniti.<\/p>\n\n\n\n<h3 class=\"wp-block-heading\">13. Sudjeluje u \u017eivotu<\/h3>\n\n\n\n<p>On nije samo usputni promatra\u010d \u017eivota, ve\u0107 u njemu aktivno sudjeluje. Nije ga strah baciti se u vatru.<\/p>\n<div id=\"mojev-4292093610\" class=\"mojev-kraj-teksta mojev-entity-placement\" style=\"margin-bottom: 20px;margin-left: auto;margin-right: auto;text-align: center;\"><div class=\"mojev-adlabel\">oglas<\/div><div style=\"height: 250px;\"><script async src=\"https:\/\/pagead2.googlesyndication.com\/pagead\/js\/adsbygoogle.js?client=ca-pub-8106111766207173\"\r\n     crossorigin=\"anonymous\"><\/script>\r\n<!-- Display-1 -->\r\n<ins class=\"adsbygoogle\"\r\n     style=\"display:block\"\r\n     data-ad-client=\"ca-pub-8106111766207173\"\r\n     data-ad-slot=\"1465712950\"\r\n     data-ad-format=\"auto\"\r\n     data-full-width-responsive=\"true\"><\/ins>\r\n<script>\r\n     (adsbygoogle = window.adsbygoogle || []).push({});\r\n<\/script><\/div><\/div>","protected":false},"excerpt":{"rendered":"<p>Lako se zaljubiti s dvadeset godina. Tad jo\u0161 nema\u0161 skoro nikakvo iskustvo i svaki \u0107e ti biti dobar. Nakon pedesete stvari su posve druga\u010dije. \u0160to zrele \u017eene zapravo \u017eele od svojih partnera? <\/p>\n","protected":false},"author":4,"featured_media":85873,"comment_status":"closed","ping_status":"closed","sticky":false,"template":"","format":"standard","meta":{"footnotes":""},"categories":[10],"tags":[304,3705,35],"class_list":["post-85871","post","type-post","status-publish","format-standard","has-post-thumbnail","hentry","category-ljubav","tag-brak","tag-musko-zenski-odnosi","tag-sreca"],"_links":{"self":[{"href":"https:\/\/www.mojevrijeme.hr\/magazin\/wp-json\/wp\/v2\/posts\/85871","targetHints":{"allow":["GET"]}}],"collection":[{"href":"https:\/\/www.mojevrijeme.hr\/magazin\/wp-json\/wp\/v2\/posts"}],"about":[{"href":"https:\/\/www.mojevrijeme.hr\/magazin\/wp-json\/wp\/v2\/types\/post"}],"author":[{"embeddable":true,"href":"https:\/\/www.mojevrijeme.hr\/magazin\/wp-json\/wp\/v2\/users\/4"}],"replies":[{"embeddable":true,"href":"https:\/\/www.mojevrijeme.hr\/magazin\/wp-json\/wp\/v2\/comments?post=85871"}],"version-history":[{"count":0,"href":"https:\/\/www.mojevrijeme.hr\/magazin\/wp-json\/wp\/v2\/posts\/85871\/revisions"}],"wp:featuredmedia":[{"embeddable":true,"href":"https:\/\/www.mojevrijeme.hr\/magazin\/wp-json\/wp\/v2\/media\/85873"}],"wp:attachment":[{"href":"https:\/\/www.mojevrijeme.hr\/magazin\/wp-json\/wp\/v2\/media?parent=85871"}],"wp:term":[{"taxonomy":"category","embeddable":true,"href":"https:\/\/www.mojevrijeme.hr\/magazin\/wp-json\/wp\/v2\/categories?post=85871"},{"taxonomy":"post_tag","embeddable":true,"href":"https:\/\/www.mojevrijeme.hr\/magazin\/wp-json\/wp\/v2\/tags?post=85871"}],"curies":[{"name":"wp","href":"https:\/\/api.w.org\/{rel}","templated":true}]}}