{"id":85880,"date":"2023-09-16T10:38:26","date_gmt":"2023-09-16T08:38:26","guid":{"rendered":"https:\/\/www.mojevrijeme.hr\/magazin\/?p=85880"},"modified":"2023-09-16T10:39:08","modified_gmt":"2023-09-16T08:39:08","slug":"trebaju-li-katolici-moliti-za-svoje-uginule-kucne-ljubimce","status":"publish","type":"post","link":"https:\/\/www.mojevrijeme.hr\/magazin\/2023\/09\/trebaju-li-katolici-moliti-za-svoje-uginule-kucne-ljubimce\/","title":{"rendered":"Trebaju li katolici moliti za svoje uginule ku\u0107ne ljubimce?"},"content":{"rendered":"\n<p>Odnos prema \u017eivotinjama uvelike se promijenio posljednjih nekoliko desetlje\u0107a pa je dobrobit ku\u0107nih ljubimaca i njihovo dostojanstvo, ne\u0161to \u0161to se podrazumijeva. jer kao dru\u0161tvo osvijestili smo njihovu patnju, ali i sposobnost do\u017eivljavanja emocija.<\/p>\n\n\n\n<p>S pravom govorimo da su \u010dlanovi na\u0161ih obitelji, a u novije vrijeme katolici iz Zagreba svoje ku\u0107ne ljubimce vode i na godi\u0161nji blagoslov u \u017eupu sv. Antuna Padovanskog na Svetom Duhu. Stoka se, ve\u0107 ionako, odavno blagoslivljala u ruralnim dijelovima Hrvatske. <\/p>\n\n\n\n<p>No \u0161to kad ku\u0107ni ljubimac ugine? <em>&#8220;Kakav bi trebao biti kr\u0161\u0107anski na\u010din opro\u0161taja od \u017eivotinja, ku\u0107nih ljubimaca kada uginu? Jasno mi je da se \u010dovjekovo dostojanstvo ne mo\u017ee mjeriti sa \u017eivotinjom, no i ona ima pravo biti pokopana, zar ne? Postoji li molitva Crkve za ukop \u017eivotinja?&#8221;<\/em> To su pitanja koja je <a href=\"https:\/\/www.glas-koncila.hr\/od-akupunkturne-narukvice-do-obreda-za-pokop-zivotinja-kako-se-oprostiti-od-zivotinja-kada-uginu\/\" target=\"_blank\" rel=\"noreferrer noopener\">Glasu Koncila<\/a> postavio jedan \u010ditatelj.<\/p><div id=\"mojev-1929149223\" class=\"mojev-u-tekstu mojev-entity-placement\" style=\"margin-left: auto;margin-right: auto;text-align: center;\"><div class=\"mojev-adlabel\">oglas<\/div><div style=\"height: 250px;\"><script async src=\"https:\/\/pagead2.googlesyndication.com\/pagead\/js\/adsbygoogle.js?client=ca-pub-8106111766207173\"\r\n     crossorigin=\"anonymous\"><\/script>\r\n<!-- Prikazni 1 u tekstu -->\r\n<ins class=\"adsbygoogle\"\r\n     style=\"display:block\"\r\n     data-ad-client=\"ca-pub-8106111766207173\"\r\n     data-ad-slot=\"8535551207\"\r\n     data-ad-format=\"auto\"\r\n     data-full-width-responsive=\"true\"><\/ins>\r\n<script>\r\n     (adsbygoogle = window.adsbygoogle || []).push({});\r\n<\/script><\/div><\/div><br style=\"clear: both; display: block; float: none;\"\/>\n\n\n\n<p>&#8220;\u010covjek je oduvijek vezan uz svoje \u017eivotinje, bilo da je rije\u010d o radnim \u017eivotinjama ili \u017eivotinjama od kojih se \u017eivjelo kroz stolje\u0107a, bilo da je rije\u010d o ku\u0107nim ljubimcima. Biblijski gledano, i \u010dovjek i \u017eivotinje su Bo\u017eja stvorenja, a u Knjizi Postanka je zapisano: &#8216;Tada Jahve, Bog, na\u010dini od zemlje sve \u017eivotinje u polju i sve ptice u zraku i predvede ih \u010dovjeku da vidi kako \u0107e koju nazvati, pa kako koje stvorenje \u010dovjek prozove, da mu tako bude ime. \u010covjek nadjene imena svoj stoci, svim pticama u zraku i \u017eivotinjama u polju. No \u010dovjeku se ne na\u0111e pomo\u0107 kao \u0161to je on&#8217; pa taj dio biblijskoga izvje\u0161taja nagla\u0161ava \u010dovjekovo dostojanstvo u odnosu na \u017eivotinje&#8221;, navodi Koncil.<\/p>\n\n\n\n<p>&#8220;Me\u0111utim, biblijski tekstovi na mnogo mjesta daju do znanja da se \u010dovjek mora brinuti za \u017eivotinje i da se prema njima mora odnositi u skladu sa svojim dostojanstvom i da ih ne smije mu\u010diti ni dopustiti da trpe&#8221;, pi\u0161e Koncil pa nastavlja: &#8220;Isto tako, kada \u017eivotnija ugine, du\u017eni smo ju pokopati kako prili\u010di, i to zbog svojega dostojanstva, no Crkva nema obred za pokop \u017eivotinja premda nam je razumljivo da se psiholo\u0161ki ve\u017eemo uz svoje \u017eivotinje koje su isto Bo\u017eja stvorenja.&#8221;<\/p>\n\n\n\n<p>&#8220;Danas, kada se op\u0107enito isti\u010de ta povezanost izme\u0111u \u010dovjeka i \u017eivotnije, treba re\u0107i da postoji ta bitna razlika izme\u0111u \u010dovjeka i \u017eivotinje, no i \u017eivotinja ima osjetni \u017eivot \u2013 mi\u010de se, pamti, \u017eeli, vodi se uro\u0111enim instinktom. No jedino \u010dovjek ima neumrlu du\u0161u i zato mi molimo za svoje pokojnike, za ljude&#8221;, zaklju\u010duje Glas Koncila.<\/p>\n\n\n\n<p>Podsjetimo, papa Franjo je jo\u0161 2014. godine potvrdio tijekom tjedne audijencije na Trgu svetog Petra u Vatikanu da psi, zajedno sa &#8220;svim Bo\u017ejim stvorenjima&#8221;, mogu u\u0107i u raj. &#8220;Jednoga dana, ponovno \u0107emo vidjeti na\u0161e \u017eivotinje u vje\u010dnosti Kristovoj. Raj je otvoren za sva Bo\u017eja stvorenja&#8221;, rekao je tada 77-godi\u0161nji pontif, a zabilje\u017eio je <em>New York Times<\/em>.<\/p>\n\n\n\n<div id=\"crveno\"><\/p>\n\n\n\n<h3 class=\"wp-block-heading\">Zanima nas va\u0161a pri\u010da<\/h3>\n\n\n\n<p>\u017delite li i vi, posve anonimno, podijeliti svoje iskustvo i vi\u0111enje ove teme s nama i na\u0161im \u010ditateljima, mo\u017eete to u\u010diniti putem web obrasca <a rel=\"noreferrer noopener\" href=\"https:\/\/www.mojevrijeme.hr\/magazin\/povjerljivo\/\" target=\"_blank\">Povjerljivo<\/a>. Napi\u0161ite svoju pri\u010du!<\/p>\n\n\n\n<p><\/div>\n<div id=\"mojev-2901315950\" class=\"mojev-kraj-teksta mojev-entity-placement\" style=\"margin-bottom: 20px;margin-left: auto;margin-right: auto;text-align: center;\"><div class=\"mojev-adlabel\">oglas<\/div><div style=\"height: 250px;\"><script async src=\"https:\/\/pagead2.googlesyndication.com\/pagead\/js\/adsbygoogle.js?client=ca-pub-8106111766207173\"\r\n     crossorigin=\"anonymous\"><\/script>\r\n<!-- Display-1 -->\r\n<ins class=\"adsbygoogle\"\r\n     style=\"display:block\"\r\n     data-ad-client=\"ca-pub-8106111766207173\"\r\n     data-ad-slot=\"1465712950\"\r\n     data-ad-format=\"auto\"\r\n     data-full-width-responsive=\"true\"><\/ins>\r\n<script>\r\n     (adsbygoogle = window.adsbygoogle || []).push({});\r\n<\/script><\/div><\/div>","protected":false},"excerpt":{"rendered":"<p>Kakav bi trebao biti kr\u0161\u0107anski na\u010din opro\u0161taja od \u017eivotinja, ku\u0107nih ljubimaca kada uginu?<\/p>\n","protected":false},"author":1,"featured_media":85902,"comment_status":"closed","ping_status":"closed","sticky":false,"template":"","format":"standard","meta":{"footnotes":""},"categories":[2],"tags":[1070,46,303],"class_list":["post-85880","post","type-post","status-publish","format-standard","has-post-thumbnail","hentry","category-mozaik","tag-katolici","tag-kucni-ljubimci","tag-religija"],"_links":{"self":[{"href":"https:\/\/www.mojevrijeme.hr\/magazin\/wp-json\/wp\/v2\/posts\/85880","targetHints":{"allow":["GET"]}}],"collection":[{"href":"https:\/\/www.mojevrijeme.hr\/magazin\/wp-json\/wp\/v2\/posts"}],"about":[{"href":"https:\/\/www.mojevrijeme.hr\/magazin\/wp-json\/wp\/v2\/types\/post"}],"author":[{"embeddable":true,"href":"https:\/\/www.mojevrijeme.hr\/magazin\/wp-json\/wp\/v2\/users\/1"}],"replies":[{"embeddable":true,"href":"https:\/\/www.mojevrijeme.hr\/magazin\/wp-json\/wp\/v2\/comments?post=85880"}],"version-history":[{"count":0,"href":"https:\/\/www.mojevrijeme.hr\/magazin\/wp-json\/wp\/v2\/posts\/85880\/revisions"}],"wp:featuredmedia":[{"embeddable":true,"href":"https:\/\/www.mojevrijeme.hr\/magazin\/wp-json\/wp\/v2\/media\/85902"}],"wp:attachment":[{"href":"https:\/\/www.mojevrijeme.hr\/magazin\/wp-json\/wp\/v2\/media?parent=85880"}],"wp:term":[{"taxonomy":"category","embeddable":true,"href":"https:\/\/www.mojevrijeme.hr\/magazin\/wp-json\/wp\/v2\/categories?post=85880"},{"taxonomy":"post_tag","embeddable":true,"href":"https:\/\/www.mojevrijeme.hr\/magazin\/wp-json\/wp\/v2\/tags?post=85880"}],"curies":[{"name":"wp","href":"https:\/\/api.w.org\/{rel}","templated":true}]}}