{"id":85888,"date":"2023-09-16T08:27:15","date_gmt":"2023-09-16T06:27:15","guid":{"rendered":"https:\/\/www.mojevrijeme.hr\/magazin\/?p=85888"},"modified":"2023-09-16T08:27:18","modified_gmt":"2023-09-16T06:27:18","slug":"stize-li-13-mirovina-za-bozic-ove-godine-isplatit-ce-je-svaka-druga-clanica-eu","status":"publish","type":"post","link":"https:\/\/www.mojevrijeme.hr\/magazin\/2023\/09\/stize-li-13-mirovina-za-bozic-ove-godine-isplatit-ce-je-svaka-druga-clanica-eu\/","title":{"rendered":"Sti\u017ee li 13. mirovina za Bo\u017ei\u0107 ove godine? Isplatit \u0107e je svaka druga \u010dlanica EU"},"content":{"rendered":"\n<p>Najve\u0107i su frajeri stru\u010dnjaci i politi\u010dari koji pred mikrofonima pametuju kako 13. mirovina ne\u0107e rije\u0161iti problem siroma\u0161tva, pa kako je to bez veze i bespotrebno; \u0161to \u0107e to umirovljenicima, kad su oni tu gdje jesu, ve\u0107 treba brinuti o budu\u0107im umirovljenicima.<\/p>\n\n\n\n<p>Zaboravljaju pogledati &#8220;preko plota&#8221; u Europsku uniju i vidjeti kako u razli\u010ditim oblicima ta 13. mirovina postoji u polovici svih \u010dlanica, a u dvije \u010dak i 14 mirovina godi\u0161nje. Pa neka pogledaju kako je Ma\u0111arska uvela prije tri godine 13. mirovinu u \u010detiri rate, ali dok je prve godine ispla\u0107eno samo 25 posto te mirovine, ve\u0107 idu\u0107e je odlu\u010deno kako ju treba isplatiti u cijelosti, kao stvarnu 13. mirovinu, pi\u0161e <a href=\"https:\/\/www.suh.hr\/\" target=\"_blank\" rel=\"noreferrer noopener\">Glas umirovljenika<\/a>, glasilo Sindikata umirovljenika Hrvatske.<\/p>\n\n\n\n<p>No, hrvatska Vlada uporno, sada ve\u0107 \u0161esti put zaredom, ispla\u0107uje jednokratni dodatak za najsiroma\u0161nije umirovljenike u \u010detiri razli\u010dita iznosa \u2013 ovisno o visini mirovine, no taj dodatak ne ulazi u prosjek osobne mirovine. Razgovarali smo sa stru\u010dnjacima kako bi najuputnije bilo izra\u010dunati 13. mirovinu. Pa, eto, nekih varijanti.<\/p><div id=\"mojev-3504927256\" class=\"mojev-u-tekstu mojev-entity-placement\" style=\"margin-left: auto;margin-right: auto;text-align: center;\"><div class=\"mojev-adlabel\">oglas<\/div><div style=\"height: 250px;\"><script async src=\"https:\/\/pagead2.googlesyndication.com\/pagead\/js\/adsbygoogle.js?client=ca-pub-8106111766207173\"\r\n     crossorigin=\"anonymous\"><\/script>\r\n<!-- Prikazni 1 u tekstu -->\r\n<ins class=\"adsbygoogle\"\r\n     style=\"display:block\"\r\n     data-ad-client=\"ca-pub-8106111766207173\"\r\n     data-ad-slot=\"8535551207\"\r\n     data-ad-format=\"auto\"\r\n     data-full-width-responsive=\"true\"><\/ins>\r\n<script>\r\n     (adsbygoogle = window.adsbygoogle || []).push({});\r\n<\/script><\/div><\/div><br style=\"clear: both; display: block; float: none;\"\/>\n\n\n\n<h3 class=\"wp-block-heading\">Kao bo\u017ei\u0107nica?<\/h3>\n\n\n\n<p>Kao i ve\u0107ina zemalja, 13. mirovina bi trebala biti ispla\u0107ena svakog prosinca svim umirovljenicima u iznosu jednakom individualnoj mirovini za prosinac, jer ako se ispla\u0107uje iz mirovinskog fonda, treba odgovarati izra\u010dunu same mirovine temeljem sta\u017ea i upla\u0107enih doprinosa. To je oko 600 milijuna eura. Tom bi se isplatom pokrilo i barem jedno od dva godi\u0161nja konvergentna izvanredna uskla\u0111ivanje kako bi se sada\u0161nji udjel prosje\u010dne mirovine u prosje\u010dnoj pla\u0107i od 40,76 posto u godinu dana pove\u0107ao na 44 posto.<\/p>\n\n\n\n<p>Ve\u0107 u 2024. mo\u017eemo s jednom 13. mirovinom i jednim izvanrednim uskla\u0111ivanjem do\u0107i do udjela prosje\u010dne mirovine u prosje\u010dnoj pla\u0107i od blizu 47 posto. Takvo je o\u010dekivanje vjerojatno jer bi zahtijevalo ve\u0107 u sljede\u0107oj godini isplatu dvije dodatne pune mirovine svim umirovljenicima. Zato je daleko realnije ove brojke svesti na \u010detvrtinu, \u010dime bi se ciljani udjel mirovine u pla\u0107i od 50 posto, postigao do kraja 2027. godine.<\/p>\n\n\n\n<p>Ako se umirovljeni\u010dke udruge izbore za prvu bo\u017ei\u0107nicu ve\u0107 u prosincu ove godine, za one umirovljenike koji su se u njoj umirovili, 13. mirovina treba i mo\u017ee biti razmjerna broju mjeseci od umirovljenja do kraja 2023.<\/p>\n\n\n\n<h3 class=\"wp-block-heading\">Kao prvo izvanredno uskla\u0111ivanje?<\/h3>\n\n\n\n<p>Mogu\u0107a je i isplata 13. mirovine (u sljede\u0107im godinama) u iznosu prema individualnoj mirovini kao konvergencijsko uskla\u0111ivanje u dvije godi\u0161nje rate (ispla\u0107ene u sije\u010dnju&nbsp;i srpnju 2024. pa nadalje). Tu se na neki na\u010din izlazi u susret Ministarstvu financija jer bi te isplate bile u sije\u010dnju prema mirovini za period od srpnja do prosinca prethodne godine, a onaj dio ispla\u0107en u srpnju prema mirovini od sije\u010dnja do lipnja.<\/p>\n\n\n\n<p>Tre\u0107e, mogu\u0107 je i model (bo\u017ei\u0107nica\u00a0 + uskrsnica )\u00a0npr. po formuli svakom umirovljeniku 100 eura + 35 % individualne mirovine. Svaka od tih isplata bila bi oko 300 milijuna eura. Okvirni ra\u010dun: Milijun i sto tisu\u0107a umirovljenika puta 100 eura iznosi 110 milijuna eura. A 35 posto od 600 milijuna je 195 milijuna eura, dakle ukupno 305 milijuna eura.<\/p>\n\n\n\n<p>Napomena: Isplata bo\u017ei\u0107nice bila bi u prosincu. Druga isplata bolje bi do\u0161la npr. u lipnju ili srpnju, kao u Portugalu u \u0160panjolskoj, ali mo\u017eda se lak\u0161e opravdava nazivom uskrsnica s isplatom oko Uskrsa (\u0161to je naro\u010dito pogodno 2024. tj. prije izbora).<\/p>\n\n\n\n<h3 class=\"wp-block-heading\">Formula u tri dijela<\/h3>\n\n\n\n<p>Nije lo\u0161a niti formula 13. mirovine u tri dijela po formuli bo\u017ei\u0107nica (100 eura + 15 posto individualne mirovine), uskrsnica (100 eura + 15 posto individualne mirovine) + \u2018regres za godi\u0161nji odmor\u2019 (100 eura + 15 posto individualne mirovine). Svaka od njih\u00a0iznosi oko 200 milijuna eura, tj. ukupno 600 milijuna eura dodatnog iznosa za HZMO godi\u0161nje.<\/p>\n\n\n\n<p>Ove \u010detiri varijante podrazumijevaju godi\u0161nji iznos od 150 do 600 milijuna za 13. mirovinu. Za sve varijante koje nisu stvarna 13. individualna mirovina nego isplate kao bo\u017ei\u0107nica\u00a0+ uskrsnica ili sli\u010dno, tj. s jednim nominalnim dijelom istim za sve umirovljenike, svakako\u00a0 se treba zahtijevati neoporezivost, iako se generalno treba i dalje inzistirati na ukidanju oporezivanja mirovina ili barem pove\u0107anju osobnog odbitka na 25.000 eura godi\u0161nje, zaklju\u010duje SUH.<\/p>\n<div id=\"mojev-1076070874\" class=\"mojev-kraj-teksta mojev-entity-placement\" style=\"margin-bottom: 20px;margin-left: auto;margin-right: auto;text-align: center;\"><div class=\"mojev-adlabel\">oglas<\/div><div style=\"height: 250px;\"><script async src=\"https:\/\/pagead2.googlesyndication.com\/pagead\/js\/adsbygoogle.js?client=ca-pub-8106111766207173\"\r\n     crossorigin=\"anonymous\"><\/script>\r\n<!-- Display-1 -->\r\n<ins class=\"adsbygoogle\"\r\n     style=\"display:block\"\r\n     data-ad-client=\"ca-pub-8106111766207173\"\r\n     data-ad-slot=\"1465712950\"\r\n     data-ad-format=\"auto\"\r\n     data-full-width-responsive=\"true\"><\/ins>\r\n<script>\r\n     (adsbygoogle = window.adsbygoogle || []).push({});\r\n<\/script><\/div><\/div>","protected":false},"excerpt":{"rendered":"<p>Ako se umirovljeni\u010dke udruge izbore za prvu bo\u017ei\u0107nicu ve\u0107 u prosincu ove godine, za one umirovljenike koji su se u njoj umirovili, 13. mirovina treba i mo\u017ee biti razmjerna broju mjeseci od umirovljenja do kraja 2023.<\/p>\n","protected":false},"author":1,"featured_media":85891,"comment_status":"closed","ping_status":"closed","sticky":false,"template":"","format":"standard","meta":{"footnotes":""},"categories":[9],"tags":[3398,18,17,167],"class_list":["post-85888","post","type-post","status-publish","format-standard","has-post-thumbnail","hentry","category-vijesti","tag-13-mirovina","tag-mirovine","tag-novac","tag-sindikat-umirovljenika"],"_links":{"self":[{"href":"https:\/\/www.mojevrijeme.hr\/magazin\/wp-json\/wp\/v2\/posts\/85888","targetHints":{"allow":["GET"]}}],"collection":[{"href":"https:\/\/www.mojevrijeme.hr\/magazin\/wp-json\/wp\/v2\/posts"}],"about":[{"href":"https:\/\/www.mojevrijeme.hr\/magazin\/wp-json\/wp\/v2\/types\/post"}],"author":[{"embeddable":true,"href":"https:\/\/www.mojevrijeme.hr\/magazin\/wp-json\/wp\/v2\/users\/1"}],"replies":[{"embeddable":true,"href":"https:\/\/www.mojevrijeme.hr\/magazin\/wp-json\/wp\/v2\/comments?post=85888"}],"version-history":[{"count":0,"href":"https:\/\/www.mojevrijeme.hr\/magazin\/wp-json\/wp\/v2\/posts\/85888\/revisions"}],"wp:featuredmedia":[{"embeddable":true,"href":"https:\/\/www.mojevrijeme.hr\/magazin\/wp-json\/wp\/v2\/media\/85891"}],"wp:attachment":[{"href":"https:\/\/www.mojevrijeme.hr\/magazin\/wp-json\/wp\/v2\/media?parent=85888"}],"wp:term":[{"taxonomy":"category","embeddable":true,"href":"https:\/\/www.mojevrijeme.hr\/magazin\/wp-json\/wp\/v2\/categories?post=85888"},{"taxonomy":"post_tag","embeddable":true,"href":"https:\/\/www.mojevrijeme.hr\/magazin\/wp-json\/wp\/v2\/tags?post=85888"}],"curies":[{"name":"wp","href":"https:\/\/api.w.org\/{rel}","templated":true}]}}