{"id":85915,"date":"2023-09-16T18:35:56","date_gmt":"2023-09-16T16:35:56","guid":{"rendered":"https:\/\/www.mojevrijeme.hr\/magazin\/?p=85915"},"modified":"2023-09-16T19:37:19","modified_gmt":"2023-09-16T17:37:19","slug":"laze-li-o-mirovinama-premijer-ili-predsjednik-semper-milanovic-ne-laze","status":"publish","type":"post","link":"https:\/\/www.mojevrijeme.hr\/magazin\/2023\/09\/laze-li-o-mirovinama-premijer-ili-predsjednik-semper-milanovic-ne-laze\/","title":{"rendered":"La\u017ee li o mirovinama premijer ili predsjednik? \u0160emper: Milanovi\u0107 ne la\u017ee"},"content":{"rendered":"\n<p>\u017deljko \u0160emper, biv\u0161i saborski zastupnik Hrvatske stranke umirovljenika, na svojem Facebook profilu objavio je komentar naslovljen &#8220;Tko la\u017ee, tko ne la\u017ee, tko krivo zbraja, tko je bolji &#8216;matemati\u010dar&#8217;?&#8221; U tom komentaru analizira izjave premijera i predsjednika o rastu mirovina.<\/p>\n\n\n\n<p>\u0160emper tako uvodno navodi dio Plenkovi\u0107evog izbornog programa koji je 2016. godine predstavljen pod parolom <em>Vjerodostojno<\/em>: &#8220;Trajno \u0107emo uskla\u0111ivati visinu mirovina s rastom pla\u0107a u odnosu na kretanje BDP-a, prora\u010dunskog deficita i tro\u0161kova \u017eivota u cilju da se mirovine postupno pove\u0107avaju prema razini od 60 posto prosje\u010dne pla\u0107e kako bismo na\u0161im umirovljenicima osigurali dostojanstven \u017eivot&#8221;.<\/p>\n\n\n\n<p>Nadalje, \u0160emper citira i re\u010denice premijera Andreja Plenkovi\u0107a iz prezentacije Vladinog paketa pomo\u0107i gospodarstvu i gra\u0111anima: &#8220;Prosje\u010dna mirovina je narasla za 177 eura, na 508 eura. Prema ostvarenju ciljeva uskoro \u0107e mirovine biti na 47-48 posto pla\u0107e. Govorim to zbog oporbenih matemati\u010dara koji zbrajaju kru\u0161ke i jabuke, a potrebno je zbrajati jabuke i jabuke.&#8221;<\/p><div id=\"mojev-2857634822\" class=\"mojev-u-tekstu mojev-entity-placement\" style=\"margin-left: auto;margin-right: auto;text-align: center;\"><div class=\"mojev-adlabel\">oglas<\/div><div style=\"height: 250px;\"><script async src=\"https:\/\/pagead2.googlesyndication.com\/pagead\/js\/adsbygoogle.js?client=ca-pub-8106111766207173\"\r\n     crossorigin=\"anonymous\"><\/script>\r\n<!-- Prikazni 1 u tekstu -->\r\n<ins class=\"adsbygoogle\"\r\n     style=\"display:block\"\r\n     data-ad-client=\"ca-pub-8106111766207173\"\r\n     data-ad-slot=\"8535551207\"\r\n     data-ad-format=\"auto\"\r\n     data-full-width-responsive=\"true\"><\/ins>\r\n<script>\r\n     (adsbygoogle = window.adsbygoogle || []).push({});\r\n<\/script><\/div><\/div><br style=\"clear: both; display: block; float: none;\"\/>\n\n\n\n<p>Podsje\u0107a da je rast mirovna komentirao i predsjednik Zoran Milanovi\u0107: &#8220;Mirovine se nisu pomakle ni za &#8216;mic&#8217;, <em>zero<\/em>, od prosje\u010dne pla\u0107e od 2015. godine kad sam ja bio premijer.&#8221; Premijer je, podsje\u0107a to biv\u0161i saborski zastupnik, okarakterizirao kao la\u017ee.<\/p>\n\n\n\n<p>&#8220;U statistici Hrvatskog zavoda za mirovinsko osiguranje (HZMO) sam provjerio, tko la\u017ee, tko zbraja jabuke i kru\u0161ke? U mirovinskom sustavu postoje &#8216;radni\u010dke&#8217; mirovine i 18 vrsti &#8216;povla\u0161tenih&#8217; mirovina ili mirovina po posebnim propisima. Od tih 18 tri su braniteljske (DVO, ZOHBDR i HVO) koje se vode posebno i ne ulaze u izra\u010dune, a do 2007. godine su bile tro\u0161ak Ministarstva obrane. Preostalih 15 vrsta na \u010delu sa saborskim mirovinama HZMO zbraja s &#8216;radni\u010dkim&#8217; mirovinama \u2013 tako da prosje\u010dna mirovina ljep\u0161e izgleda!&#8221; analizira \u0160emper.<\/p>\n\n\n\n<p>&#8220;Od 2018. godine \u010dak oduzimaju mirovine prema me\u0111unarodnim ugovorima, kako bi prosjeci i udjeli bili ve\u0107i! Prema statistici HZMO-a, u rujnu 2016. udio prosje\u010dne mirovine u prosje\u010dnoj pla\u0107i iznosio je 39,69 posto, a sada u srpnju 2023. prema istoj metodologiji iz 2016. iznosi 36,09 posto. Prema tome, Milanovi\u0107 ne la\u017ee. Mirovina je nominalno ve\u0107a, ali udjeli mirovina prema pla\u0107i imaju konstantan pad! Prosjek EU je 58 posto, a Hrvatska je u dru\u0161tvu s Bugarskom i Litvom na dnu s 36-37 posto&#8221;, navodi.<\/p>\n\n\n\n<p>&#8220;Za ovu prezentaciju \u010dak su u izra\u010dun stavili i tri vrste braniteljskih mirovina i tako do\u0161li do mirovine od 508 eura. Premijer je zbrajao jabuke, kru\u0161ke i \u0161ljive te krenuo prema obe\u0107anju iz 2016. godine. Prema tome, poruka HZMO-u, radite dva pregleda: &#8220;\u010diste&#8221; radni\u010dke mirovine i 18 vrsti povla\u0161tenih mirovina. Ljudi, jel to OK, kaj nas godinama <em>farbaju<\/em>?&#8221; pita \u0160emper.<\/p>\n<div id=\"mojev-3356182901\" class=\"mojev-kraj-teksta mojev-entity-placement\" style=\"margin-bottom: 20px;margin-left: auto;margin-right: auto;text-align: center;\"><div class=\"mojev-adlabel\">oglas<\/div><div style=\"height: 250px;\"><script async src=\"https:\/\/pagead2.googlesyndication.com\/pagead\/js\/adsbygoogle.js?client=ca-pub-8106111766207173\"\r\n     crossorigin=\"anonymous\"><\/script>\r\n<!-- Display-1 -->\r\n<ins class=\"adsbygoogle\"\r\n     style=\"display:block\"\r\n     data-ad-client=\"ca-pub-8106111766207173\"\r\n     data-ad-slot=\"1465712950\"\r\n     data-ad-format=\"auto\"\r\n     data-full-width-responsive=\"true\"><\/ins>\r\n<script>\r\n     (adsbygoogle = window.adsbygoogle || []).push({});\r\n<\/script><\/div><\/div>","protected":false},"excerpt":{"rendered":"<p>Biv\u0161i saborski zastupnik objasnio je kako se friziraju prosje\u010dne vrijednosti mirovine te savjetuje HZMO-u vjerodostojnije ra\u010dunanje prosje\u010dne radni\u010dke mirovine.<\/p>\n","protected":false},"author":1,"featured_media":29680,"comment_status":"closed","ping_status":"closed","sticky":false,"template":"","format":"standard","meta":{"footnotes":""},"categories":[9],"tags":[18,3706],"class_list":["post-85915","post","type-post","status-publish","format-standard","has-post-thumbnail","hentry","category-vijesti","tag-mirovine","tag-zeljko-semper"],"_links":{"self":[{"href":"https:\/\/www.mojevrijeme.hr\/magazin\/wp-json\/wp\/v2\/posts\/85915","targetHints":{"allow":["GET"]}}],"collection":[{"href":"https:\/\/www.mojevrijeme.hr\/magazin\/wp-json\/wp\/v2\/posts"}],"about":[{"href":"https:\/\/www.mojevrijeme.hr\/magazin\/wp-json\/wp\/v2\/types\/post"}],"author":[{"embeddable":true,"href":"https:\/\/www.mojevrijeme.hr\/magazin\/wp-json\/wp\/v2\/users\/1"}],"replies":[{"embeddable":true,"href":"https:\/\/www.mojevrijeme.hr\/magazin\/wp-json\/wp\/v2\/comments?post=85915"}],"version-history":[{"count":0,"href":"https:\/\/www.mojevrijeme.hr\/magazin\/wp-json\/wp\/v2\/posts\/85915\/revisions"}],"wp:featuredmedia":[{"embeddable":true,"href":"https:\/\/www.mojevrijeme.hr\/magazin\/wp-json\/wp\/v2\/media\/29680"}],"wp:attachment":[{"href":"https:\/\/www.mojevrijeme.hr\/magazin\/wp-json\/wp\/v2\/media?parent=85915"}],"wp:term":[{"taxonomy":"category","embeddable":true,"href":"https:\/\/www.mojevrijeme.hr\/magazin\/wp-json\/wp\/v2\/categories?post=85915"},{"taxonomy":"post_tag","embeddable":true,"href":"https:\/\/www.mojevrijeme.hr\/magazin\/wp-json\/wp\/v2\/tags?post=85915"}],"curies":[{"name":"wp","href":"https:\/\/api.w.org\/{rel}","templated":true}]}}