{"id":85937,"date":"2023-09-17T10:06:24","date_gmt":"2023-09-17T08:06:24","guid":{"rendered":"https:\/\/www.mojevrijeme.hr\/magazin\/?p=85937"},"modified":"2023-09-17T11:41:15","modified_gmt":"2023-09-17T09:41:15","slug":"sindikat-analizirao-mirovinsku-reformu-stranke-mozemo-manjak-socijalne-osjetljivosti","status":"publish","type":"post","link":"https:\/\/www.mojevrijeme.hr\/magazin\/2023\/09\/sindikat-analizirao-mirovinsku-reformu-stranke-mozemo-manjak-socijalne-osjetljivosti\/","title":{"rendered":"Sindikat o mirovinskoj reformi stranke Mo\u017eemo: Manjak socijalne osjetljivosti"},"content":{"rendered":"\n<p>Sindikat umirovljenika Hrvatske (SUH) analizirao je ponudu koju je stranka Mo\u017eemo dala aktualnim i budu\u0107im umirovljenicima. Podsjetimo, mirovinsku reformu iznio je prije dva tjedna u ime stranke Mo\u017eemo saborski zastupnik <strong>Damir Baki\u0107<\/strong>, a stranka je ju\u010der kao premijersku kandidatkinju istaknula saborsku zastupnicu <strong>Sandru Ben\u010di\u0107.<\/strong> <\/p>\n\n\n\n<p>Postane li tako Ben\u010di\u0107 idu\u0107a hrvatska premijerka, njena bi garnitura trebala u jednom mandatu podi\u0107i mirovine za 10 posto. I to, kako ka\u017eu, <a rel=\"noreferrer noopener\" href=\"https:\/\/www.mojevrijeme.hr\/magazin\/2023\/09\/mozemo-umirovljenicima-nudi-mirovine-vece-za-10-posto-bez-dodataka-i-trikova\/\" data-type=\"post\" data-id=\"84869\" target=\"_blank\">bez dodataka i trikova<\/a>. Ovu je ponudu za <a href=\"http:\/\/WWW.SUH.HR\" target=\"_blank\" rel=\"noreferrer noopener\">Glas umirovljenika<\/a> analizirala predsjednica SUH-a, <strong>Jasna A. Petrovi\u0107<\/strong>. Tekst prenosimo u cijelosti. <\/p>\n\n\n\n<p>Mnoge su se politi\u010dke stranke odlu\u010dile na izradu ili javnu prezentaciju svojih mirovinskih programa nadomak izbora. \u010cak 1,2 milijuna glasa\u010da umirovljenika nisu zanemaruju\u0107a brojka.<\/p><div id=\"mojev-180892273\" class=\"mojev-u-tekstu mojev-entity-placement\" style=\"margin-left: auto;margin-right: auto;text-align: center;\"><div class=\"mojev-adlabel\">oglas<\/div><div style=\"height: 250px;\"><script async src=\"https:\/\/pagead2.googlesyndication.com\/pagead\/js\/adsbygoogle.js?client=ca-pub-8106111766207173\"\r\n     crossorigin=\"anonymous\"><\/script>\r\n<!-- Prikazni 1 u tekstu -->\r\n<ins class=\"adsbygoogle\"\r\n     style=\"display:block\"\r\n     data-ad-client=\"ca-pub-8106111766207173\"\r\n     data-ad-slot=\"8535551207\"\r\n     data-ad-format=\"auto\"\r\n     data-full-width-responsive=\"true\"><\/ins>\r\n<script>\r\n     (adsbygoogle = window.adsbygoogle || []).push({});\r\n<\/script><\/div><\/div><br style=\"clear: both; display: block; float: none;\"\/>\n\n\n\n<p>Zastupnici stranke Mo\u017eemo su 6. rujna 2023. poru\u010dili da je nu\u017eno uskla\u0111ivanje mirovina s rastom pla\u0107a i stvarnim iznosom umirovljeni\u010dke potro\u0161a\u010dke ko\u0161arice te ustvrdili da je, umjesto dodataka, nu\u017eno sistemsko dizanje mirovina kako bi u \u010detiri godine one porasle deset posto. Tu i nema bitne razlike onome \u0161to su predlo\u017eile umirovljeni\u010dke udruge SUH i MUH, barem kad je rije\u010d o prestanku pla\u0107anja tzv. jednokratnih dodataka te o potrebi sistemskog podizanja mirovina.<\/p>\n\n\n\n<h3 class=\"wp-block-heading\">Sli\u010dno i nesli\u010dno<\/h3>\n\n\n\n<p>Mo\u017eemo smatra da je deset posto sistemskog pove\u0107anja kroz \u010detiri godine, uz redovito uskla\u0111ivanje, posve dovoljno. SUH i MUH pak predla\u017eu ve\u0107e pove\u0107anje koje bi izvanrednim pove\u0107anjem vrijednosti AVM dva puta godi\u0161nje, kroz pet godina, dovelo do udjela prosje\u010dne mirovine u prosje\u010dnoj pla\u0107i od 60 posto (kad se ura\u010duna i 10,5 posto preostalog duga jo\u0161 od prvog neto\u010dnog izra\u010duna AVM (prve aktualne vrijednosti mirovine), a \u0161to je europski prosjek.<\/p>\n\n\n\n<p>Ekonomski stru\u010dnjak Mo\u017eemo Damir Baki\u0107 predla\u017ee istovremeno dva na\u010dina uskla\u0111ivanja: da se mirovine uskla\u0111uju &#8220;dosljedno&#8221; prema pla\u0107ama, odnosno, ka\u017ee, prema &#8220;stvarnom iznosu umirovljeni\u010dke potro\u0161a\u010dke ko\u0161arice&#8221;.<\/p>\n\n\n\n<h3 class=\"wp-block-heading\">Ko\u0161arica, da ili ne?<\/h3>\n\n\n\n<p>Usput tek, mnogi su sindikati i umirovljeni\u010dke udruge u Europi poku\u0161avali izra\u010dunati tzv. umirovljeni\u010dku ko\u0161aricu, a najdalje je odmakao austrijski OEGB, ali se to nije pokazalo dobrom matematikom. To\u010dno je da u umirovljeni\u010dku ko\u0161aricu ulaze poglavito hrana, re\u017eije i lijekovi, no SUH i MUH i dalje predla\u017eu svoj model po kojem \u0107e se mirovine uskla\u0111ivati u stopostotnoj vrijednosti rasta povoljnijeg indeksa, cijena ili pla\u0107a, a dodat \u0107e se i socijalna dimenzija od 110 odnosno 120 posto rasta za one najugro\u017eenije, jer ipak, rije\u010d je o prvom mirovinskom stupu koji ima elemente ne samo me\u0111ugeneracijske, ve\u0107 i unutargeneracijske solidarnosti.<\/p>\n\n\n\n<h3 class=\"wp-block-heading\"><strong>Ne postoji &#8220;puna mirovina<\/strong>&#8220;<\/h3>\n\n\n\n<p>Zanimljivo je, me\u0111utim, da se Mo\u017eemo rezolutno protivi uvo\u0111enju tzv. 13. mirovine, \u0161to je uobi\u010dajena, \u010dak zakonski propisana praksa u 12 \u010dlanica EU, a u dvije se ispla\u0107uje \u010dak 14 mirovina godi\u0161nje, te njihov iznos, za razliku od &#8220;socijalnih jednokratnih dodataka&#8221; ulazi u prosje\u010dnu mirovinu. Ta 13. mirovina mo\u017ee biti ispla\u0107ena po razli\u010ditim modelima, kao 100 eura plus 15 posto osobne mirovine, ili pak kao postotak ukupne, pa \u010dak i kao skalirani nominalni iznos, ali i tada mora u\u0107i u zbir mirovine.<\/p>\n\n\n\n<p>Gospodin Baki\u0107 je, dakako, u pravu kad nagla\u0161ava kako je stvarni indikator stanja mirovinskog sustava u svakoj zemlji odnos mirovine i pla\u0107e, no on to ograni\u010dava na tzv. punu starosnu mirovinu, iako takav termin ne postoji u hrvatskom zakonodavstvu. Taj udjel je, prema njemu, 48 posto. E, tu se, nikako ne sla\u017eemo s gospodinom Baki\u0107em, pogotovo ne zato \u0161to bi po njegovoj ra\u010dunici Mo\u017eemo dizalo mirovine za 10 posto samo tim tzv. starosnim umirovljenicima.<\/p>\n\n\n\n<p>Pa hajdemo vidjeti kako to on obrazla\u017ee: &#8220;Imamo 516 tisu\u0107a umirovljenika u punoj starosnoj mirovini, s prosje\u010dnim sta\u017eem ne\u0161to iznad 31 godine i prosje\u010dnom mirovinom 553 eura naspram prosje\u010dne pla\u0107e od 1.150 eura, a na\u0161 je plan te starosne mirovine podignuti za deset posto tako da nakon tog pove\u0107anja njihov odnos prema prosje\u010dnoj pla\u0107i bude 53 umjesto sada\u0161njih 48 posto&#8221;.<\/p>\n\n\n\n<p>Mi, pak, tvrdimo kako starosnih umirovljenika ima 691.279, a u tu kategoriju ulaze i prijevremeni starosni umirovljenici koji imaju \u010dak 36 godina radnog sta\u017ea, a mirovina im je penalizirana tako da prosje\u010dno iznosi 510 eura. Dok, SUH i MUH tra\u017ee da se penalizacija ukine postizanjem dobi za tzv. puno umirovljenje sa 65 godina, \u010dini se da bi gospodin Baki\u0107 ostavio njihovu penalizaciju, naj\u010de\u0161\u0107e kao do\u017eivotnu kaznu, iako prema anketama koje je SUH provodio \u010dak 80 posto prijevremenih umirovljenika su \u017ertve prisilnog slanja u mirovinu, ste\u010dajeva i hrvatske privatizacije po kunu, po babi, stricu i stranci.<\/p>\n\n\n\n<p>Bilo bi dobro da preispita svoju ra\u010dunicu, kako to da godina rada onih sa 31 godinom sta\u017ea je vidljivo vi\u0161a od godine rada prijevremenih umirovljenika koji su radili pet godina vi\u0161e?!<\/p>\n\n\n\n<h3 class=\"wp-block-heading\">Formula tople vode<\/h3>\n\n\n\n<p>Najvi\u0161e iznena\u0111uje Baki\u0107ev osvrt na drugi mirovinski stup kad nagla\u0161ava da je &#8220;godinama bio sustavno potkopavan&#8221;, pa se sada u ime Mo\u017eemo raduje \u0161to \u0107e se mirovine iz drugog stupa pove\u0107ati na teret dr\u017eavnog prora\u010duna povisivanjem mirovinskog dodatka sa 20,25 na 27 posto. <\/p>\n\n\n\n<p>Da, nevjerojatno je da nije upu\u0107en da su gotovo sve postkomunisti\u010dke zemlje koje su po\u010detkom dvadesetog stolje\u0107a pod pritiskom MMF-a i Svjetske banke uvele taj, po svima, \u0161tetan skupi stup, u me\u0111uvremenu isti ili ukinule, ili reformirale u dobrovoljni ili ga zamrznule. Ili je zaboravio kako je drugi stup u Hrvatskoj nastao na oduzimanju \u010detvrtine doprinosa za javni stup, i te\u0161ko ga se mo\u017ee do\u017eivjeti kao privatnu&nbsp; \u0161tednju.<\/p>\n\n\n\n<p>A da ne pri\u010damo o visokom tranzicijskom tro\u0161ku, politi\u010dkim propalim investicijama i dugovima, te njegovom samoukinu\u0107u prijelazom \u010dak 80 posto svih novoumirovljenih natrag u prvi stup, jer je naprosto povoljniji, ma koliko su i te mirovine bijedne i niske. Da, tu ostaje nedore\u010deno pitanje vrijednosnog sustava te ekonomskog i politi\u010dkog profila Mo\u017eemo, ali i o\u010diti manjak socijalne osjetljivosti za rastu\u0107u stopu siroma\u0161tva 65+.<\/p>\n<div id=\"mojev-1485971468\" class=\"mojev-kraj-teksta mojev-entity-placement\" style=\"margin-bottom: 20px;margin-left: auto;margin-right: auto;text-align: center;\"><div class=\"mojev-adlabel\">oglas<\/div><div style=\"height: 250px;\"><script async src=\"https:\/\/pagead2.googlesyndication.com\/pagead\/js\/adsbygoogle.js?client=ca-pub-8106111766207173\"\r\n     crossorigin=\"anonymous\"><\/script>\r\n<!-- Display-1 -->\r\n<ins class=\"adsbygoogle\"\r\n     style=\"display:block\"\r\n     data-ad-client=\"ca-pub-8106111766207173\"\r\n     data-ad-slot=\"1465712950\"\r\n     data-ad-format=\"auto\"\r\n     data-full-width-responsive=\"true\"><\/ins>\r\n<script>\r\n     (adsbygoogle = window.adsbygoogle || []).push({});\r\n<\/script><\/div><\/div>","protected":false},"excerpt":{"rendered":"<p>Bilo bi dobro da preispita svoju ra\u010dunicu, kako to da godina rada onih sa 31 godinom sta\u017ea je vidljivo vi\u0161a od godine rada prijevremenih umirovljenika koji su radili pet godina vi\u0161e, savjetuje predsjednica Sindikata umirovljenika Hrvatske.<\/p>\n","protected":false},"author":1,"featured_media":85941,"comment_status":"closed","ping_status":"closed","sticky":false,"template":"","format":"standard","meta":{"footnotes":""},"categories":[9],"tags":[684,1116,1578,167],"class_list":["post-85937","post","type-post","status-publish","format-standard","has-post-thumbnail","hentry","category-vijesti","tag-jasna-petrovic","tag-mirovinska-reforma","tag-mozemo","tag-sindikat-umirovljenika"],"_links":{"self":[{"href":"https:\/\/www.mojevrijeme.hr\/magazin\/wp-json\/wp\/v2\/posts\/85937","targetHints":{"allow":["GET"]}}],"collection":[{"href":"https:\/\/www.mojevrijeme.hr\/magazin\/wp-json\/wp\/v2\/posts"}],"about":[{"href":"https:\/\/www.mojevrijeme.hr\/magazin\/wp-json\/wp\/v2\/types\/post"}],"author":[{"embeddable":true,"href":"https:\/\/www.mojevrijeme.hr\/magazin\/wp-json\/wp\/v2\/users\/1"}],"replies":[{"embeddable":true,"href":"https:\/\/www.mojevrijeme.hr\/magazin\/wp-json\/wp\/v2\/comments?post=85937"}],"version-history":[{"count":0,"href":"https:\/\/www.mojevrijeme.hr\/magazin\/wp-json\/wp\/v2\/posts\/85937\/revisions"}],"wp:featuredmedia":[{"embeddable":true,"href":"https:\/\/www.mojevrijeme.hr\/magazin\/wp-json\/wp\/v2\/media\/85941"}],"wp:attachment":[{"href":"https:\/\/www.mojevrijeme.hr\/magazin\/wp-json\/wp\/v2\/media?parent=85937"}],"wp:term":[{"taxonomy":"category","embeddable":true,"href":"https:\/\/www.mojevrijeme.hr\/magazin\/wp-json\/wp\/v2\/categories?post=85937"},{"taxonomy":"post_tag","embeddable":true,"href":"https:\/\/www.mojevrijeme.hr\/magazin\/wp-json\/wp\/v2\/tags?post=85937"}],"curies":[{"name":"wp","href":"https:\/\/api.w.org\/{rel}","templated":true}]}}